{"id":119950,"date":"2024-01-07T17:07:57","date_gmt":"2024-01-07T17:07:57","guid":{"rendered":"https:\/\/gazetaregionalna.com\/?p=119950"},"modified":"2024-01-07T17:08:00","modified_gmt":"2024-01-07T17:08:00","slug":"umowa-na-utylizacje-odpadow-filomatow","status":"publish","type":"post","link":"https:\/\/gazetaregionalna.com\/?p=119950","title":{"rendered":"Cz\u0119stochowa. Umowa na utylizacj\u0119 odpad\u00f3w z ul. Filomat\u00f3w"},"content":{"rendered":"\n<h2 class=\"wp-block-heading\">Miasto podpisa\u0142o umow\u0119 na utylizacj\u0119 nieczysto\u015bci z ul. Filomat\u00f3w z firm\u0105 Mo-BRUK \u2013 gie\u0142dow\u0105 sp\u00f3\u0142k\u0105 specjalizuj\u0105c\u0105 si\u0119 w bezpiecznym neutralizowaniu odpad\u00f3w porzucanych w ca\u0142ym kraju w wyniku nielegalnego procederu. \u00a0<\/h2>\n\n\n\n<p>Podpisana 3 stycznia umowa przewiduje, \u017ce odbi\u00f3r i utylizacja ok. 6 tys. ton odpad\u00f3w zmagazynowanych w nast\u0119pstwie przest\u0119pczej dzia\u0142alno\u015bci na terenie przy ul. Filomat\u00f3w, nast\u0105pi w ci\u0105gu najbli\u017cszych dw\u00f3ch lat.<\/p>\n\n\n\n<p>\u2013\u00a0 To dla nas niezwykle wa\u017cna kwestia, bo chodzi o bezpiecze\u0144stwo mieszka\u0144c\u00f3w \u2013 m\u00f3wi kr\u00f3tko zast\u0119pca prezydenta Piotr Grzybowski, kt\u00f3ry w imieniu miasta podpisa\u0142 umow\u0119. \u2013\u00a0 Cieszymy si\u0119, \u017ce uda\u0142o nam si\u0119 znale\u017a\u0107 wiarygodnego i profesjonalnego partnera, kt\u00f3ry gwarantuje wywiezienie i utylizacj\u0119 wszystkich tych odpad\u00f3w.<\/p>\n\n\n\n<figure class=\"wp-block-image size-large\"><img decoding=\"async\" width=\"1024\" height=\"521\" data-src=\"https:\/\/gazetaregionalna.com\/wp-content\/uploads\/2024\/01\/71708-1024x521.jpg\" alt=\"\" class=\"wp-image-119953 lazyload\" data-srcset=\"https:\/\/gazetaregionalna.com\/wp-content\/uploads\/2024\/01\/71708-1024x521.jpg 1024w, https:\/\/gazetaregionalna.com\/wp-content\/uploads\/2024\/01\/71708-300x153.jpg 300w, https:\/\/gazetaregionalna.com\/wp-content\/uploads\/2024\/01\/71708-768x391.jpg 768w, https:\/\/gazetaregionalna.com\/wp-content\/uploads\/2024\/01\/71708-1536x782.jpg 1536w, https:\/\/gazetaregionalna.com\/wp-content\/uploads\/2024\/01\/71708-696x354.jpg 696w, https:\/\/gazetaregionalna.com\/wp-content\/uploads\/2024\/01\/71708-1068x544.jpg 1068w, https:\/\/gazetaregionalna.com\/wp-content\/uploads\/2024\/01\/71708-1920x978.jpg 1920w, https:\/\/gazetaregionalna.com\/wp-content\/uploads\/2024\/01\/71708-825x420.jpg 825w, https:\/\/gazetaregionalna.com\/wp-content\/uploads\/2024\/01\/71708-scaled.jpg 1600w\" data-sizes=\"(max-width: 1024px) 100vw, 1024px\" src=\"data:image\/svg+xml;base64,PHN2ZyB3aWR0aD0iMSIgaGVpZ2h0PSIxIiB4bWxucz0iaHR0cDovL3d3dy53My5vcmcvMjAwMC9zdmciPjwvc3ZnPg==\" style=\"--smush-placeholder-width: 1024px; --smush-placeholder-aspect-ratio: 1024\/521;\" \/><figcaption>fot. \u0141.Kolewi\u0144ski\/UM Cz\u0119stochowy<\/figcaption><\/figure>\n\n\n\n<p>Wspomnianym partnerem jest konsorcjum firm Mo-BRUK S.A. i RAF Ekologia. Podczas podpisania umowy reprezentowa\u0142 je prezes Mo-BRUK Henryk Siodmok. Ciesz\u0105ca si\u0119 bardzo dobrymi wynikami finansowymi, notowana na WIG-40 sp\u00f3\u0142ka \u2013 jedyna z tej bran\u017cy na g\u0142\u00f3wnym parkiecie \u2013 ma ogromne do\u015bwiadczenie w przetwarzaniu odpad\u00f3w przemys\u0142owych, medycznych i niebezpiecznych. Na koncie ma utylizacj\u0119 kilku potencjalnie niebezpiecznych sk\u0142adowisk tego typu \u2013 ostatnio w Gorlicach. <\/p>\n\n\n\n<p>Mo-BRUK zapewnia o pe\u0142nej przejrzysto\u015bci ca\u0142ego procesu \u2013 tak by wyeliminowa\u0107 ryzyko, \u017ce sk\u0142adowane w Cz\u0119stochowie odpady trafi\u0105 po czasie w inne miejsce. Ich unieszkodliwienie odb\u0119dzie si\u0119 g\u0142\u00f3wnie na drodze termicznego przetwarzania. Z powierzanych jej do przetworzenia niebezpiecznych materia\u0142\u00f3w firma \u2013 ju\u017c bezodpadowo \u2013 produkuje kruszywa sztuczne znajduj\u0105ce zastosowanie w budownictwie drogowym.<\/p>\n\n\n\n<figure class=\"wp-block-image size-large\"><img decoding=\"async\" width=\"1024\" height=\"514\" data-src=\"https:\/\/gazetaregionalna.com\/wp-content\/uploads\/2024\/01\/71707-1024x514.jpg\" alt=\"\" class=\"wp-image-119952 lazyload\" data-srcset=\"https:\/\/gazetaregionalna.com\/wp-content\/uploads\/2024\/01\/71707-1024x514.jpg 1024w, https:\/\/gazetaregionalna.com\/wp-content\/uploads\/2024\/01\/71707-300x151.jpg 300w, https:\/\/gazetaregionalna.com\/wp-content\/uploads\/2024\/01\/71707-768x385.jpg 768w, https:\/\/gazetaregionalna.com\/wp-content\/uploads\/2024\/01\/71707-1536x771.jpg 1536w, https:\/\/gazetaregionalna.com\/wp-content\/uploads\/2024\/01\/71707-696x349.jpg 696w, https:\/\/gazetaregionalna.com\/wp-content\/uploads\/2024\/01\/71707-1068x536.jpg 1068w, https:\/\/gazetaregionalna.com\/wp-content\/uploads\/2024\/01\/71707-1920x963.jpg 1920w, https:\/\/gazetaregionalna.com\/wp-content\/uploads\/2024\/01\/71707-837x420.jpg 837w, https:\/\/gazetaregionalna.com\/wp-content\/uploads\/2024\/01\/71707-scaled.jpg 1600w\" data-sizes=\"(max-width: 1024px) 100vw, 1024px\" src=\"data:image\/svg+xml;base64,PHN2ZyB3aWR0aD0iMSIgaGVpZ2h0PSIxIiB4bWxucz0iaHR0cDovL3d3dy53My5vcmcvMjAwMC9zdmciPjwvc3ZnPg==\" style=\"--smush-placeholder-width: 1024px; --smush-placeholder-aspect-ratio: 1024\/514;\" \/><figcaption>fot. \u0141.Kolewi\u0144ski\/UM Cz\u0119stochowy<\/figcaption><\/figure>\n\n\n\n<p>Przypomnijmy: w miejskim przetargu na zadanie usuni\u0119cia i utylizacji odpad\u00f3w najni\u017csz\u0105 ofert\u0119 \u2013 35,6 mln z\u0142 brutto \u2013 z\u0142o\u017cy\u0142o w\u0142a\u015bnie konsorcjum Mo-Bruk i Raf-Ekologia. Cz\u0119stochowie uda\u0142o si\u0119 uzyska\u0107 dofinansowanie takiej operacji z Narodowego i Wojew\u00f3dzkiego Funduszu Ochrony \u015arodowiska i Gospodarki Wodnej \u2013 w \u0142\u0105cznej wysoko\u015bci do 55 proc. koszt\u00f3w. Reszt\u0119 kwoty samorz\u0105d pokryje ze \u015brodk\u00f3w w\u0142asnych. Cho\u0107 &#8211; jak podkre\u015bla miasto &#8211; to brak skuteczno\u015bci s\u0142u\u017cb i instytucji centralnych sprawi\u0142, \u017ce procederu przewo\u017cenia odpad\u00f3w do dzier\u017cawionej przez prywatn\u0105 firm\u0119 hali i magazynowania ich tam nie uda\u0142o si\u0119 na czas udaremni\u0107.<\/p>\n\n\n\n<p>Po nowelizacji ustawy o odpadach z 2019 roku gminy zobligowano do zadbania \u2013 zast\u0119pczo, we w\u0142asnym zakresie \u2013 o unieszkodliwienie i utylizacj\u0119 takich odpad\u00f3w w sytuacji, gdy ze wzgl\u0119du na zagro\u017cenie \u017cycia lub zdrowia ludzi b\u0105d\u017a \u015brodowiska konieczne jest niezw\u0142oczne usuni\u0119cie odpad\u00f3w.<\/p>\n\n\n\n<p><strong>red., mat. UM Cz\u0119stochowy<\/strong><\/p>\n","protected":false},"excerpt":{"rendered":"<p>Miasto podpisa\u0142o umow\u0119 na utylizacj\u0119 nieczysto\u015bci z ul. Filomat\u00f3w z firm\u0105 Mo-BRUK \u2013 gie\u0142dow\u0105 sp\u00f3\u0142k\u0105 specjalizuj\u0105c\u0105 si\u0119 w bezpiecznym neutralizowaniu odpad\u00f3w porzucanych w ca\u0142ym<\/p>\n","protected":false},"author":11,"featured_media":119954,"comment_status":"closed","ping_status":"open","sticky":false,"template":"","format":"standard","meta":{"_monsterinsights_skip_tracking":false,"_monsterinsights_sitenote_active":false,"_monsterinsights_sitenote_note":"","_monsterinsights_sitenote_category":0,"_uf_show_specific_survey":0,"_uf_disable_surveys":false,"footnotes":""},"categories":[29,3,94,2],"tags":[144,3915,8756],"class_list":["post-119950","post","type-post","status-publish","format-standard","has-post-thumbnail","hentry","category-ekologia","category-czestochowa-informacje","category-polecane","category-wiadomosci","tag-czestochowa","tag-umowa","tag-utylizacja-odpadow"],"_links":{"self":[{"href":"https:\/\/gazetaregionalna.com\/index.php?rest_route=\/wp\/v2\/posts\/119950","targetHints":{"allow":["GET"]}}],"collection":[{"href":"https:\/\/gazetaregionalna.com\/index.php?rest_route=\/wp\/v2\/posts"}],"about":[{"href":"https:\/\/gazetaregionalna.com\/index.php?rest_route=\/wp\/v2\/types\/post"}],"author":[{"embeddable":true,"href":"https:\/\/gazetaregionalna.com\/index.php?rest_route=\/wp\/v2\/users\/11"}],"replies":[{"embeddable":true,"href":"https:\/\/gazetaregionalna.com\/index.php?rest_route=%2Fwp%2Fv2%2Fcomments&post=119950"}],"version-history":[{"count":2,"href":"https:\/\/gazetaregionalna.com\/index.php?rest_route=\/wp\/v2\/posts\/119950\/revisions"}],"predecessor-version":[{"id":119956,"href":"https:\/\/gazetaregionalna.com\/index.php?rest_route=\/wp\/v2\/posts\/119950\/revisions\/119956"}],"wp:featuredmedia":[{"embeddable":true,"href":"https:\/\/gazetaregionalna.com\/index.php?rest_route=\/wp\/v2\/media\/119954"}],"wp:attachment":[{"href":"https:\/\/gazetaregionalna.com\/index.php?rest_route=%2Fwp%2Fv2%2Fmedia&parent=119950"}],"wp:term":[{"taxonomy":"category","embeddable":true,"href":"https:\/\/gazetaregionalna.com\/index.php?rest_route=%2Fwp%2Fv2%2Fcategories&post=119950"},{"taxonomy":"post_tag","embeddable":true,"href":"https:\/\/gazetaregionalna.com\/index.php?rest_route=%2Fwp%2Fv2%2Ftags&post=119950"}],"curies":[{"name":"wp","href":"https:\/\/api.w.org\/{rel}","templated":true}]}}