{"id":119933,"date":"2024-01-07T16:34:54","date_gmt":"2024-01-07T16:34:54","guid":{"rendered":"https:\/\/gazetaregionalna.com\/?p=119933"},"modified":"2024-01-07T16:34:56","modified_gmt":"2024-01-07T16:34:56","slug":"plany-zoptymalizowania-komunikacji-miejskiej","status":"publish","type":"post","link":"https:\/\/gazetaregionalna.com\/?p=119933","title":{"rendered":"Plany zoptymalizowania komunikacji miejskiej w Cz\u0119stochowie. Co si\u0119 zmieni?"},"content":{"rendered":"\n<h2 class=\"wp-block-heading\">Miasto zaprezentowa\u0142o plany zoptymalizowania komunikacji miejskiej. To pierwszy etap zmian.<\/h2>\n\n\n\n<p>Plany zoptymalizowania komunikacji miejskiej w Cz\u0119stochowie przedstawiono podczas spotkania, kt\u00f3re odby\u0142o si\u0119 3 stycznia. &#8211; Has\u0142a, kt\u00f3re przy\u015bwiecaj\u0105 zmianom, jakie cz\u0119\u015bciowo ju\u017c wprowadzili\u015bmy w przypadku tramwaj\u00f3w i jakie zamierzamy wprowadzi\u0107 w ruchu autobusowym, to elastyczno\u015b\u0107 i\u00a0urealnienie w transporcie publicznym \u2013 m\u00f3wi\u0142 podczas spotkania prasowego prezydent miasta Krzysztof Matyjaszczyk.<\/p>\n\n\n\n<figure class=\"wp-block-image size-large\"><img decoding=\"async\" width=\"1024\" height=\"682\" data-src=\"https:\/\/gazetaregionalna.com\/wp-content\/uploads\/2024\/01\/71703-1024x682.jpg\" alt=\"\" class=\"wp-image-119944 lazyload\" data-srcset=\"https:\/\/gazetaregionalna.com\/wp-content\/uploads\/2024\/01\/71703-1024x682.jpg 1024w, https:\/\/gazetaregionalna.com\/wp-content\/uploads\/2024\/01\/71703-300x200.jpg 300w, https:\/\/gazetaregionalna.com\/wp-content\/uploads\/2024\/01\/71703-768x511.jpg 768w, https:\/\/gazetaregionalna.com\/wp-content\/uploads\/2024\/01\/71703-1536x1022.jpg 1536w, https:\/\/gazetaregionalna.com\/wp-content\/uploads\/2024\/01\/71703-696x463.jpg 696w, https:\/\/gazetaregionalna.com\/wp-content\/uploads\/2024\/01\/71703-1068x711.jpg 1068w, https:\/\/gazetaregionalna.com\/wp-content\/uploads\/2024\/01\/71703-1920x1278.jpg 1920w, https:\/\/gazetaregionalna.com\/wp-content\/uploads\/2024\/01\/71703-631x420.jpg 631w, https:\/\/gazetaregionalna.com\/wp-content\/uploads\/2024\/01\/71703-scaled.jpg 1600w\" data-sizes=\"(max-width: 1024px) 100vw, 1024px\" src=\"data:image\/svg+xml;base64,PHN2ZyB3aWR0aD0iMSIgaGVpZ2h0PSIxIiB4bWxucz0iaHR0cDovL3d3dy53My5vcmcvMjAwMC9zdmciPjwvc3ZnPg==\" style=\"--smush-placeholder-width: 1024px; --smush-placeholder-aspect-ratio: 1024\/682;\" \/><figcaption>mat. UM Cz\u0119stochowy<\/figcaption><\/figure>\n\n\n\n<h4 class=\"wp-block-heading\">Bez &#8222;bia\u0142ych plam&#8221; komunikacyjnych<\/h4>\n\n\n\n<p>Kolejnym priorytetem jest pozbycie si\u0119 tzw. bia\u0142ych plam z mapy komunikacyjnej. Jest to r\u00f3wnoznaczne z przejazdami na nowych odcinkach, dot\u0105d nieobs\u0142ugiwanymi przez MPK.<\/p>\n\n\n\n<p>&#8211; Zale\u017cy nam, \u017ceby ka\u017cdy pasa\u017cer \u2013 niezale\u017cnie, w kt\u00f3rej dzielnicy mieszka \u2013 mia\u0142 blisko do przystanku. W najbli\u017cszym czasie sta\u0142e po\u0142\u0105czenie komunikacyjne w postaci przed\u0142u\u017conej trasy linii 12 zyska ulica Przejazdowa, a\u017c do granicy miasta, co ucieszy mieszka\u0144c\u00f3w zachodniej cz\u0119\u015bci Gnaszyna. Nie jest to jedyne rozszerzenie zasi\u0119gu kurs\u00f3w zaplanowane na ten rok \u2013 doda\u0142 Matyjaszczyk.<\/p>\n\n\n\n<figure class=\"wp-block-image size-large\"><img decoding=\"async\" width=\"1024\" height=\"683\" data-src=\"https:\/\/gazetaregionalna.com\/wp-content\/uploads\/2024\/01\/71704-1-1024x683.jpg\" alt=\"\" class=\"wp-image-119945 lazyload\" data-srcset=\"https:\/\/gazetaregionalna.com\/wp-content\/uploads\/2024\/01\/71704-1-1024x683.jpg 1024w, https:\/\/gazetaregionalna.com\/wp-content\/uploads\/2024\/01\/71704-1-300x200.jpg 300w, https:\/\/gazetaregionalna.com\/wp-content\/uploads\/2024\/01\/71704-1-768x512.jpg 768w, https:\/\/gazetaregionalna.com\/wp-content\/uploads\/2024\/01\/71704-1-1536x1024.jpg 1536w, https:\/\/gazetaregionalna.com\/wp-content\/uploads\/2024\/01\/71704-1-696x464.jpg 696w, https:\/\/gazetaregionalna.com\/wp-content\/uploads\/2024\/01\/71704-1-1068x712.jpg 1068w, https:\/\/gazetaregionalna.com\/wp-content\/uploads\/2024\/01\/71704-1-1920x1280.jpg 1920w, https:\/\/gazetaregionalna.com\/wp-content\/uploads\/2024\/01\/71704-1-630x420.jpg 630w, https:\/\/gazetaregionalna.com\/wp-content\/uploads\/2024\/01\/71704-1-scaled.jpg 1600w\" data-sizes=\"(max-width: 1024px) 100vw, 1024px\" src=\"data:image\/svg+xml;base64,PHN2ZyB3aWR0aD0iMSIgaGVpZ2h0PSIxIiB4bWxucz0iaHR0cDovL3d3dy53My5vcmcvMjAwMC9zdmciPjwvc3ZnPg==\" style=\"--smush-placeholder-width: 1024px; --smush-placeholder-aspect-ratio: 1024\/683;\" \/><figcaption>mat. UM Cz\u0119stochowy<\/figcaption><\/figure>\n\n\n\n<h4 class=\"wp-block-heading\">Jak b\u0119d\u0105 kursowa\u0142y tramwaje?<\/h4>\n\n\n\n<p>Celem zapowiadanych zmian jest zwi\u0119kszenie efektywno\u015bci komunikacji tramwajowej. Korekta rozk\u0142adu jazdy wynika &#8211; jak podkre\u015blaj\u0105 przedstawiciele miasta &#8211; z analizy rzeczywistych potrzeb mieszka\u0144c\u00f3w. Dzi\u0119ki bramkom elektronicznym w pojazdach sprawdzono &#8222;zag\u0119szczenie&#8221; liczby pasa\u017cer\u00f3w i zwi\u0119kszono cz\u0119stotliwo\u015b\u0107 kursowania tramwaj\u00f3w w godzinach porannego szczytu, co wp\u0142ynie na popraw\u0119 przepustowo\u015bci systemu. Od nowego roku o kilka procent zwi\u0119kszy\u0142 si\u0119 udzia\u0142 nowoczesnych tramwaj\u00f3w niskopod\u0142ogowych w realizowanych kursach \u2013 b\u0119dzie ich ju\u017c ponad 3\/4 w skali ca\u0142ego miasta.<\/p>\n\n\n\n<figure class=\"wp-block-image size-large\"><img decoding=\"async\" width=\"1024\" height=\"682\" data-src=\"https:\/\/gazetaregionalna.com\/wp-content\/uploads\/2024\/01\/71705-1024x682.jpg\" alt=\"\" class=\"wp-image-119943 lazyload\" data-srcset=\"https:\/\/gazetaregionalna.com\/wp-content\/uploads\/2024\/01\/71705-1024x682.jpg 1024w, https:\/\/gazetaregionalna.com\/wp-content\/uploads\/2024\/01\/71705-300x200.jpg 300w, https:\/\/gazetaregionalna.com\/wp-content\/uploads\/2024\/01\/71705-768x511.jpg 768w, https:\/\/gazetaregionalna.com\/wp-content\/uploads\/2024\/01\/71705-1536x1022.jpg 1536w, https:\/\/gazetaregionalna.com\/wp-content\/uploads\/2024\/01\/71705-696x463.jpg 696w, https:\/\/gazetaregionalna.com\/wp-content\/uploads\/2024\/01\/71705-1068x711.jpg 1068w, https:\/\/gazetaregionalna.com\/wp-content\/uploads\/2024\/01\/71705-1920x1278.jpg 1920w, https:\/\/gazetaregionalna.com\/wp-content\/uploads\/2024\/01\/71705-631x420.jpg 631w, https:\/\/gazetaregionalna.com\/wp-content\/uploads\/2024\/01\/71705-scaled.jpg 1600w\" data-sizes=\"(max-width: 1024px) 100vw, 1024px\" src=\"data:image\/svg+xml;base64,PHN2ZyB3aWR0aD0iMSIgaGVpZ2h0PSIxIiB4bWxucz0iaHR0cDovL3d3dy53My5vcmcvMjAwMC9zdmciPjwvc3ZnPg==\" style=\"--smush-placeholder-width: 1024px; --smush-placeholder-aspect-ratio: 1024\/682;\" \/><figcaption>mat. UM Cz\u0119stochowy<\/figcaption><\/figure>\n\n\n\n<p>Jak b\u0119d\u0105 kursowa\u0142y tramwaje w dni robocze-szkolne? Dotychczas od godz. 5 do 18 kursy odbywa\u0142y si\u0119 co 6 minut, od stycznia b\u0119dzie ich wi\u0119cej w porannym szczycie, a mniej przed po\u0142udniem. W praktyce b\u0119dzie to wygl\u0105da\u0142o nast\u0119puj\u0105co: od godz. 5 do 6.30, a tak\u017ce od godz. 8 do 13 i 16.30 do 18 kursy przewidziano co 7,5 minuty, z kolei od godz. 6.30 do 8 &#8211; co 5 minut, a od godz. 13 do 16.30 &#8211; co 6 minut.<\/p>\n\n\n\n<h4 class=\"wp-block-heading\">Nowa linia nr 34<\/h4>\n\n\n\n<p>Poza tym dodatkowe linie autobusowe po\u0142\u0105cz\u0105 istotne punkty i\u00a0cz\u0119\u015bci miasta, umo\u017cliwiaj\u0105c szybszy i wygodniejszy dojazd mieszka\u0144com. Nowo\u015bci\u0105 b\u0119dzie miejska linia nr 34 kursuj\u0105ca do Olsztyna. <\/p>\n\n\n\n<figure class=\"wp-block-image size-large\"><img decoding=\"async\" width=\"982\" height=\"602\" data-src=\"https:\/\/gazetaregionalna.com\/wp-content\/uploads\/2024\/01\/71701.jpg\" alt=\"\" class=\"wp-image-119941 lazyload\" data-srcset=\"https:\/\/gazetaregionalna.com\/wp-content\/uploads\/2024\/01\/71701.jpg 982w, https:\/\/gazetaregionalna.com\/wp-content\/uploads\/2024\/01\/71701-300x184.jpg 300w, https:\/\/gazetaregionalna.com\/wp-content\/uploads\/2024\/01\/71701-768x471.jpg 768w, https:\/\/gazetaregionalna.com\/wp-content\/uploads\/2024\/01\/71701-696x427.jpg 696w, https:\/\/gazetaregionalna.com\/wp-content\/uploads\/2024\/01\/71701-685x420.jpg 685w\" data-sizes=\"(max-width: 982px) 100vw, 982px\" src=\"data:image\/svg+xml;base64,PHN2ZyB3aWR0aD0iMSIgaGVpZ2h0PSIxIiB4bWxucz0iaHR0cDovL3d3dy53My5vcmcvMjAwMC9zdmciPjwvc3ZnPg==\" style=\"--smush-placeholder-width: 982px; --smush-placeholder-aspect-ratio: 982\/602;\" \/><figcaption>mat. UM Cz\u0119stochowy<\/figcaption><\/figure>\n\n\n\n<p>&#8211; Zast\u0105pimy podmiejsk\u0105 lini\u0119 58 do Olsztyna lini\u0105 miejsk\u0105 nr 34, kursuj\u0105c\u0105 na podstawie miejskiej taryfy biletowej. B\u0119dzie to najkr\u00f3tsze mo\u017cliwe po\u0142\u0105czenie Olsztyna z rejonem Estakady, Galerii Jurajskiej i Placu Daszy\u0144skiego. Na terenie Cz\u0119stochowy 34 b\u0119dzie pe\u0142ni\u0142o rol\u0119 dominuj\u0105ca na ulicach Bugajskiej i Drogowc\u00f3w, \u0142\u0105cz\u0105c bezpo\u015brednio obiekty handlowe: Anio\u0142\u00f3w Park, Galeri\u0119 Jurajsk\u0105 i Jagiello\u0144czyk\u00f3w &#8211; taki \u201eszlak zakupowy\u201d. Nowa linia pozwoli te\u017c na lepsze wykorzystanie linii 31 we wschodniej cz\u0119\u015bci miasta \u2013 wyja\u015bni\u0142 Konrad Pruciak z Wydzia\u0142u In\u017cynierii Miejskiej i Kontroli UM.<\/p>\n\n\n\n<h4 class=\"wp-block-heading\">Powr\u00f3t na al. Wojska Polskiego<\/h4>\n\n\n\n<p>Optymalizacja komunikacji zwi\u0105zana jest r\u00f3wnie\u017c z powrotem linii autobusowych na przebudowan\u0105 al. Wojska Polskiego. Dotyczy to linii nr: 10, 12, 20, 23, 24, 31, 32, 35 oraz podmiejskich do gminy Poczesna.<\/p>\n\n\n\n<p>W rezultacie zmian zostanie skr\u00f3cony czas oczekiwania na pojazdy MPK, co jest ju\u017c zauwa\u017calne, dzi\u0119ki puszczeniu ruchu przez Legion\u00f3w do DK-91.<\/p>\n\n\n\n<figure class=\"wp-block-image size-large\"><img decoding=\"async\" width=\"1024\" height=\"564\" data-src=\"https:\/\/gazetaregionalna.com\/wp-content\/uploads\/2024\/01\/71706-1024x564.jpg\" alt=\"\" class=\"wp-image-119947 lazyload\" data-srcset=\"https:\/\/gazetaregionalna.com\/wp-content\/uploads\/2024\/01\/71706-1024x564.jpg 1024w, https:\/\/gazetaregionalna.com\/wp-content\/uploads\/2024\/01\/71706-300x165.jpg 300w, https:\/\/gazetaregionalna.com\/wp-content\/uploads\/2024\/01\/71706-768x423.jpg 768w, https:\/\/gazetaregionalna.com\/wp-content\/uploads\/2024\/01\/71706-1536x846.jpg 1536w, https:\/\/gazetaregionalna.com\/wp-content\/uploads\/2024\/01\/71706-696x383.jpg 696w, https:\/\/gazetaregionalna.com\/wp-content\/uploads\/2024\/01\/71706-1068x588.jpg 1068w, https:\/\/gazetaregionalna.com\/wp-content\/uploads\/2024\/01\/71706-763x420.jpg 763w, https:\/\/gazetaregionalna.com\/wp-content\/uploads\/2024\/01\/71706-scaled.jpg 1600w\" data-sizes=\"(max-width: 1024px) 100vw, 1024px\" src=\"data:image\/svg+xml;base64,PHN2ZyB3aWR0aD0iMSIgaGVpZ2h0PSIxIiB4bWxucz0iaHR0cDovL3d3dy53My5vcmcvMjAwMC9zdmciPjwvc3ZnPg==\" style=\"--smush-placeholder-width: 1024px; --smush-placeholder-aspect-ratio: 1024\/564;\" \/><figcaption>mat. UM Cz\u0119stochowy<\/figcaption><\/figure>\n\n\n\n<p>Jak zapowiada Urz\u0105d Miasta Cz\u0119stochowy, w najbli\u017cszych miesi\u0105cach planowana jest dalsza optymalizacja systemu komunikacji, aby sprosta\u0107 rosn\u0105cym potrzebom spo\u0142eczno\u015bci lokalnej i zach\u0119ci\u0107 mieszka\u0144c\u00f3w do korzystania z bardziej zr\u00f3wnowa\u017conych \u015brodk\u00f3w transportu.<\/p>\n\n\n\n<p>Szczeg\u00f3\u0142y optymalizacji mo\u017cna znale\u017a\u0107 na stronie:<a href=\"https:\/\/www.czestochowa.pl\/nie-tylko-nowe-linie-i-odcinki\" target=\"_blank\" rel=\"noopener\"> www.czestochowa.pl<\/a><\/p>\n\n\n\n<p><strong>red., mat. UM Cz\u0119stochowy<\/strong><\/p>\n\n\n\n<p><strong><a href=\"https:\/\/gazetaregionalna.com\/dk-46-otwarcie-zdjecia\/\">Czytaj tak\u017ce: DK-46. Otwarcie uko\u0144czonej inwestycji drogowej [ZDJ\u0118CIA]<\/a><\/strong><\/p>\n","protected":false},"excerpt":{"rendered":"<p>Miasto zaprezentowa\u0142o plany zoptymalizowania komunikacji miejskiej. To pierwszy etap zmian. Plany zoptymalizowania komunikacji miejskiej w Cz\u0119stochowie przedstawiono podczas spotkania, kt\u00f3re odby\u0142o si\u0119 3 stycznia.<\/p>\n","protected":false},"author":11,"featured_media":119940,"comment_status":"closed","ping_status":"open","sticky":false,"template":"","format":"standard","meta":{"_monsterinsights_skip_tracking":false,"_monsterinsights_sitenote_active":false,"_monsterinsights_sitenote_note":"","_monsterinsights_sitenote_category":0,"_uf_show_specific_survey":0,"_uf_disable_surveys":false,"footnotes":""},"categories":[3,8526,94,2],"tags":[144,4175,1943,8755,3375],"class_list":["post-119933","post","type-post","status-publish","format-standard","has-post-thumbnail","hentry","category-czestochowa-informacje","category-komunikacja","category-polecane","category-wiadomosci","tag-czestochowa","tag-komunikacja-miejska","tag-krzysztof-matyjaszczyk","tag-rozklad-jazdy-mpk","tag-zmiany"],"_links":{"self":[{"href":"https:\/\/gazetaregionalna.com\/index.php?rest_route=\/wp\/v2\/posts\/119933","targetHints":{"allow":["GET"]}}],"collection":[{"href":"https:\/\/gazetaregionalna.com\/index.php?rest_route=\/wp\/v2\/posts"}],"about":[{"href":"https:\/\/gazetaregionalna.com\/index.php?rest_route=\/wp\/v2\/types\/post"}],"author":[{"embeddable":true,"href":"https:\/\/gazetaregionalna.com\/index.php?rest_route=\/wp\/v2\/users\/11"}],"replies":[{"embeddable":true,"href":"https:\/\/gazetaregionalna.com\/index.php?rest_route=%2Fwp%2Fv2%2Fcomments&post=119933"}],"version-history":[{"count":4,"href":"https:\/\/gazetaregionalna.com\/index.php?rest_route=\/wp\/v2\/posts\/119933\/revisions"}],"predecessor-version":[{"id":119948,"href":"https:\/\/gazetaregionalna.com\/index.php?rest_route=\/wp\/v2\/posts\/119933\/revisions\/119948"}],"wp:featuredmedia":[{"embeddable":true,"href":"https:\/\/gazetaregionalna.com\/index.php?rest_route=\/wp\/v2\/media\/119940"}],"wp:attachment":[{"href":"https:\/\/gazetaregionalna.com\/index.php?rest_route=%2Fwp%2Fv2%2Fmedia&parent=119933"}],"wp:term":[{"taxonomy":"category","embeddable":true,"href":"https:\/\/gazetaregionalna.com\/index.php?rest_route=%2Fwp%2Fv2%2Fcategories&post=119933"},{"taxonomy":"post_tag","embeddable":true,"href":"https:\/\/gazetaregionalna.com\/index.php?rest_route=%2Fwp%2Fv2%2Ftags&post=119933"}],"curies":[{"name":"wp","href":"https:\/\/api.w.org\/{rel}","templated":true}]}}