{"id":119862,"date":"2024-01-05T13:56:46","date_gmt":"2024-01-05T13:56:46","guid":{"rendered":"https:\/\/gazetaregionalna.com\/?p=119862"},"modified":"2024-01-05T13:56:48","modified_gmt":"2024-01-05T13:56:48","slug":"nadchodza-mrozy-straznicy-miejscy-rozwioza-cieple-posilki-dla-osob-bezdomnych","status":"publish","type":"post","link":"https:\/\/gazetaregionalna.com\/?p=119862","title":{"rendered":"Nadchodz\u0105 mrozy. Stra\u017cnicy miejscy rozwioz\u0105 ciep\u0142e posi\u0142ki dla os\u00f3b bezdomnych"},"content":{"rendered":"\n<p>Okres zimowy to trudny czas dla os\u00f3b bezdomnych. Stra\u017c Miejska w Cz\u0119stochowie apeluje, aby zim\u0105 pomaga\u0107 bezdomnym. W najbli\u017cszych dniach spodziewane jest du\u017ce och\u0142odzenie, dlatego stra\u017cnicy miejscy b\u0119d\u0105 rozwozi\u0107 osobom bezdomnym po\u017cywienie. Akcj\u0119 koordynuje MOPS, a wspieraj\u0105 partnerzy z Partnerstwa Lokalnego na rzecz przeciwdzia\u0142ania bezdomno\u015bci na terenie Gminy Miasta Cz\u0119stochowy.<\/p>\n\n\n\n<p>Stra\u017cnicy miejscy w okresie jesienno-zimowym patroluj\u0105 miejsca, gdzie nocuj\u0105 osoby bezdomne. S\u0105 to pustostany, zimne piwnice, altany, kana\u0142y i inne miejsca, gdzie gromadz\u0105 si\u0119 bezdomni i s\u0105 nara\u017ceni na wych\u0142odzenie. Je\u015bli stra\u017cnicy miejscy napotykaj\u0105 osoby bezdomne to proponuj\u0105 przewiezienie do ogrzewalni lub noclegowni czy innych miejsc, w kt\u00f3rych osoby bezdomne otrzymaj\u0105 pomoc.<\/p>\n\n\n\n<p>Stra\u017c Miejska w Cz\u0119stochowie apeluje te\u017c do mieszka\u0144c\u00f3w miasta. Pobyt os\u00f3b bezdomnych, kt\u00f3re s\u0105 nara\u017cone na wyzi\u0119bienie nale\u017cy zg\u0142asza\u0107 na numery alarmowe. Tylko szybka informacja mo\u017ce uratowa\u0107 osob\u0119 bezdomn\u0105 przed powa\u017cnym wyzi\u0119bieniem lub zamarzni\u0119ciem.<\/p>\n\n\n\n<p>W najbli\u017cszych dniach mrozy maj\u0105 by\u0107 du\u017ce dlatego Stra\u017c Miejska wsp\u00f3lnie z partnerami z Partnerstwa Lokalnego b\u0119dzie rozwozi\u0107 osobom bezdomnym ciep\u0142\u0105 zup\u0119 i gor\u0105c\u0105 herbat\u0119. Podobne dzia\u0142ania by\u0142 ju\u017c prowadzone na pocz\u0105tku grudnia 2023 roku.<\/p>\n\n\n\n<p>Akcja \u201eZima\u201d &#8211; kt\u00f3ra obejmuje w\u0142a\u015bnie takie dzia\u0142ania &#8211; jest organizowana przez Partnerstwo Lokalne na rzecz przeciwdzia\u0142ania bezdomno\u015bci na terenie Gminy Miasta Cz\u0119stochowy, a koordynowana przez Miejski O\u015brodek Pomocy Spo\u0142ecznej. Gor\u0105cy posi\u0142ek przygotowuje Adullam. W sk\u0142ad patroli opr\u00f3cz cz\u0119stochowskich stra\u017cnik\u00f3w miejskich wchodz\u0105 te\u017c streetworkerzy z Caritas Archidiecezji Cz\u0119stochowskiej oraz Stowarzyszenia Wzajemnej Pomocy ,,AGAPE\u201d. Przebieg akcji oraz jej czas s\u0105 na bie\u017c\u0105co uzgadniane ze s\u0142u\u017cbami: Stra\u017c\u0105 Miejsk\u0105, streetworkerami oraz organizacjami pozarz\u0105dowymi &#8211; tak by by\u0142a jak najbardziej skuteczna.<\/p>\n\n\n\n<p>\u0179r\u00f3d\u0142o: www.gazetaregionalna.com<\/p>\n","protected":false},"excerpt":{"rendered":"<p>Okres zimowy to trudny czas dla os\u00f3b bezdomnych. Stra\u017c Miejska w Cz\u0119stochowie apeluje, aby zim\u0105 pomaga\u0107 bezdomnym. W najbli\u017cszych dniach spodziewane jest du\u017ce och\u0142odzenie,<\/p>\n","protected":false},"author":25,"featured_media":119863,"comment_status":"closed","ping_status":"open","sticky":false,"template":"","format":"standard","meta":{"_monsterinsights_skip_tracking":false,"_monsterinsights_sitenote_active":false,"_monsterinsights_sitenote_note":"","_monsterinsights_sitenote_category":0,"_uf_show_specific_survey":0,"_uf_disable_surveys":false,"footnotes":""},"categories":[2,3],"tags":[],"class_list":["post-119862","post","type-post","status-publish","format-standard","has-post-thumbnail","hentry","category-wiadomosci","category-czestochowa-informacje"],"_links":{"self":[{"href":"https:\/\/gazetaregionalna.com\/index.php?rest_route=\/wp\/v2\/posts\/119862","targetHints":{"allow":["GET"]}}],"collection":[{"href":"https:\/\/gazetaregionalna.com\/index.php?rest_route=\/wp\/v2\/posts"}],"about":[{"href":"https:\/\/gazetaregionalna.com\/index.php?rest_route=\/wp\/v2\/types\/post"}],"author":[{"embeddable":true,"href":"https:\/\/gazetaregionalna.com\/index.php?rest_route=\/wp\/v2\/users\/25"}],"replies":[{"embeddable":true,"href":"https:\/\/gazetaregionalna.com\/index.php?rest_route=%2Fwp%2Fv2%2Fcomments&post=119862"}],"version-history":[{"count":1,"href":"https:\/\/gazetaregionalna.com\/index.php?rest_route=\/wp\/v2\/posts\/119862\/revisions"}],"predecessor-version":[{"id":119864,"href":"https:\/\/gazetaregionalna.com\/index.php?rest_route=\/wp\/v2\/posts\/119862\/revisions\/119864"}],"wp:featuredmedia":[{"embeddable":true,"href":"https:\/\/gazetaregionalna.com\/index.php?rest_route=\/wp\/v2\/media\/119863"}],"wp:attachment":[{"href":"https:\/\/gazetaregionalna.com\/index.php?rest_route=%2Fwp%2Fv2%2Fmedia&parent=119862"}],"wp:term":[{"taxonomy":"category","embeddable":true,"href":"https:\/\/gazetaregionalna.com\/index.php?rest_route=%2Fwp%2Fv2%2Fcategories&post=119862"},{"taxonomy":"post_tag","embeddable":true,"href":"https:\/\/gazetaregionalna.com\/index.php?rest_route=%2Fwp%2Fv2%2Ftags&post=119862"}],"curies":[{"name":"wp","href":"https:\/\/api.w.org\/{rel}","templated":true}]}}