{"id":11979,"date":"2020-04-27T09:53:11","date_gmt":"2020-04-27T09:53:11","guid":{"rendered":"https:\/\/gazetaregionalna.com\/?p=11979"},"modified":"2020-04-27T09:53:14","modified_gmt":"2020-04-27T09:53:14","slug":"baloniki-radosci","status":"publish","type":"post","link":"https:\/\/gazetaregionalna.com\/?p=11979","title":{"rendered":"Baloniki rado\u015bci"},"content":{"rendered":"\n<p>W Kaletach doro\u015bli zawieszaj\u0105 na p\u0142otach dom\u00f3w baloniki dla dzieci, kt\u00f3re w czasie epidemii obchodz\u0105 swoje urodziny. Grupa wolontariuszy &#8222;Akcji Kalety&#8221; skupiona na Facebooku chce w ten spos\u00f3b os\u0142odzi\u0107 najm\u0142odszym czas kwarantanny, da\u0107 troch\u0119 rado\u015bci i przekaza\u0107 wiadomo\u015b\u0107, \u017ce mimo obecnej sytuacji kto\u015b pami\u0119ta o ich wa\u017cnym dniu. <\/p>\n\n\n\n<figure class=\"wp-block-image size-large\"><img decoding=\"async\" width=\"616\" height=\"1024\" data-src=\"https:\/\/gazetaregionalna.com\/wp-content\/uploads\/2020\/04\/94607028_3193729970658763_2557668151642816512_n-616x1024.jpg\" alt=\"\" class=\"wp-image-11982 lazyload\" data-srcset=\"https:\/\/gazetaregionalna.com\/wp-content\/uploads\/2020\/04\/94607028_3193729970658763_2557668151642816512_n-616x1024.jpg 616w, https:\/\/gazetaregionalna.com\/wp-content\/uploads\/2020\/04\/94607028_3193729970658763_2557668151642816512_n-181x300.jpg 181w, https:\/\/gazetaregionalna.com\/wp-content\/uploads\/2020\/04\/94607028_3193729970658763_2557668151642816512_n-768x1276.jpg 768w, https:\/\/gazetaregionalna.com\/wp-content\/uploads\/2020\/04\/94607028_3193729970658763_2557668151642816512_n-925x1536.jpg 925w, https:\/\/gazetaregionalna.com\/wp-content\/uploads\/2020\/04\/94607028_3193729970658763_2557668151642816512_n-696x1156.jpg 696w, https:\/\/gazetaregionalna.com\/wp-content\/uploads\/2020\/04\/94607028_3193729970658763_2557668151642816512_n-1068x1774.jpg 1068w, https:\/\/gazetaregionalna.com\/wp-content\/uploads\/2020\/04\/94607028_3193729970658763_2557668151642816512_n-253x420.jpg 253w, https:\/\/gazetaregionalna.com\/wp-content\/uploads\/2020\/04\/94607028_3193729970658763_2557668151642816512_n.jpg 1080w\" data-sizes=\"(max-width: 616px) 100vw, 616px\" src=\"data:image\/svg+xml;base64,PHN2ZyB3aWR0aD0iMSIgaGVpZ2h0PSIxIiB4bWxucz0iaHR0cDovL3d3dy53My5vcmcvMjAwMC9zdmciPjwvc3ZnPg==\" style=\"--smush-placeholder-width: 616px; --smush-placeholder-aspect-ratio: 616\/1024;\" \/><\/figure>\n\n\n\n<p><br> Pomys\u0142 akcji &#8222;Balonik dla Juniora&#8221; zrobi\u0142 si\u0119 zaledwie dob\u0119 temu, a ju\u017c pierwsze kolorowe baloniki trafi\u0142y do jubilat\u00f3w. Idea szybko si\u0119 rozprzestrzenia i popiera j\u0105 coraz wi\u0119cej mieszka\u0144c\u00f3w Kalet. Pomys\u0142 &#8222;kupili&#8221; tak\u017ce cz\u0142onkowie grupy na Facebooku &#8222;Pomoc koronawirus Lubliniec&#8221;. Kolejne osoby chc\u0105 wykorzysta\u0107 patent opracowany w Kaletach. <\/p>\n\n\n\n<p> \u2014 <em>To pomys\u0142 naszych wspania\u0142ych wolontariuszek dzia\u0142aj\u0105cych w grupie &#8222;Akcja Kalety&#8221; <\/em>&#8211; opowiada Tania Radziwonczyk, kt\u00f3ra tylko od wczoraj zawioz\u0142a dzieciom i m\u0142odzie\u017cy obchodz\u0105cej urodziny sze\u015b\u0107 balonik\u00f3w.  \u2014 <em> Panie, kt\u00f3re szyj\u0105 dla naszych mieszka\u0144c\u00f3w maseczki ochronne, pomy\u015bla\u0142y, \u017ce z powodu epidemii wiele dzieci nie mo\u017ce obchodzi\u0107 swoich urodzin w gronie najbli\u017cszych czy koleg\u00f3w z przedszkola lub szko\u0142y. Panie widzia\u0142y, jak smutne z tego powodu by\u0142y ich w\u0142asne dzieci i stwierdzi\u0142y, \u017ce trzeba co\u015b zrobi\u0107, aby najm\u0142odszym da\u0107, chocia\u017c namiastk\u0119 prawdziwych urodzin.<\/em><\/p>\n\n\n\n<figure class=\"wp-block-image size-large\"><img decoding=\"async\" width=\"352\" height=\"480\" data-src=\"https:\/\/gazetaregionalna.com\/wp-content\/uploads\/2020\/04\/94703086_246928073028754_3794059390709923840_n.jpg\" alt=\"\" class=\"wp-image-11983 lazyload\" data-srcset=\"https:\/\/gazetaregionalna.com\/wp-content\/uploads\/2020\/04\/94703086_246928073028754_3794059390709923840_n.jpg 352w, https:\/\/gazetaregionalna.com\/wp-content\/uploads\/2020\/04\/94703086_246928073028754_3794059390709923840_n-220x300.jpg 220w, https:\/\/gazetaregionalna.com\/wp-content\/uploads\/2020\/04\/94703086_246928073028754_3794059390709923840_n-308x420.jpg 308w\" data-sizes=\"(max-width: 352px) 100vw, 352px\" src=\"data:image\/svg+xml;base64,PHN2ZyB3aWR0aD0iMSIgaGVpZ2h0PSIxIiB4bWxucz0iaHR0cDovL3d3dy53My5vcmcvMjAwMC9zdmciPjwvc3ZnPg==\" style=\"--smush-placeholder-width: 352px; --smush-placeholder-aspect-ratio: 352\/480;\" \/><figcaption> W\u015br\u00f3d obdarowanych znalaz\u0142a si\u0119 m.in. Dagmara, kt\u00f3ra w\u0142a\u015bnie sko\u0144czy\u0142a sze\u015b\u0107 lat. <\/figcaption><\/figure>\n\n\n\n<p><br> Pomys\u0142 jest prosty \u2014 na stronie internetowej grupy &#8222;Akcja Kalety&#8221; ludzie zg\u0142aszaj\u0105, \u017ce chc\u0105, aby ich dziecku z okazji urodzin zrobi\u0107 niespodziank\u0119. W prywatnej wiadomo\u015bci przesy\u0142aj\u0105 adres. Cz\u0142onkowie grupy organizuj\u0105 si\u0119 i jad\u0105 zawiesi\u0107 balon dla jubilata czy jubilatki.<\/p>\n\n\n\n<p> \u2014 <em>Kalety nie s\u0105 du\u017c\u0105 miejscowo\u015bci\u0105, wszyscy si\u0119 praktycznie znamy, wi\u0119c mamy ju\u017c sygna\u0142y, \u017ce s\u0105siedzi dzieci widz\u0105c, \u017ce ich rodzice chc\u0105 im zrobi\u0107 prezent urodzinowy, zg\u0142aszaj\u0105, i\u017c sami zawiesz\u0105 balonik z \u017cyczeniami <\/em>\u2014 m\u00f3wi Tania Radziwonczyk.  \u2014  <em>Ta akcja bardzo jednoczy ludzi, a tego teraz nam szczeg\u00f3lnie potrzeba.<\/em><\/p>\n\n\n\n<figure class=\"wp-block-image size-large\"><img decoding=\"async\" width=\"573\" height=\"1024\" data-src=\"https:\/\/gazetaregionalna.com\/wp-content\/uploads\/2020\/04\/94731542_2506649349597690_4092453063938277376_n-573x1024.jpg\" alt=\"\" class=\"wp-image-11984 lazyload\" data-srcset=\"https:\/\/gazetaregionalna.com\/wp-content\/uploads\/2020\/04\/94731542_2506649349597690_4092453063938277376_n-573x1024.jpg 573w, https:\/\/gazetaregionalna.com\/wp-content\/uploads\/2020\/04\/94731542_2506649349597690_4092453063938277376_n-168x300.jpg 168w, https:\/\/gazetaregionalna.com\/wp-content\/uploads\/2020\/04\/94731542_2506649349597690_4092453063938277376_n-768x1373.jpg 768w, https:\/\/gazetaregionalna.com\/wp-content\/uploads\/2020\/04\/94731542_2506649349597690_4092453063938277376_n-859x1536.jpg 859w, https:\/\/gazetaregionalna.com\/wp-content\/uploads\/2020\/04\/94731542_2506649349597690_4092453063938277376_n-696x1244.jpg 696w, https:\/\/gazetaregionalna.com\/wp-content\/uploads\/2020\/04\/94731542_2506649349597690_4092453063938277376_n-1068x1909.jpg 1068w, https:\/\/gazetaregionalna.com\/wp-content\/uploads\/2020\/04\/94731542_2506649349597690_4092453063938277376_n-235x420.jpg 235w, https:\/\/gazetaregionalna.com\/wp-content\/uploads\/2020\/04\/94731542_2506649349597690_4092453063938277376_n.jpg 895w\" data-sizes=\"(max-width: 573px) 100vw, 573px\" src=\"data:image\/svg+xml;base64,PHN2ZyB3aWR0aD0iMSIgaGVpZ2h0PSIxIiB4bWxucz0iaHR0cDovL3d3dy53My5vcmcvMjAwMC9zdmciPjwvc3ZnPg==\" style=\"--smush-placeholder-width: 573px; --smush-placeholder-aspect-ratio: 573\/1024;\" \/><\/figure>\n\n\n\n<p><br> Jak przekonuj\u0105 wolontariusze z Kalet,  trudna sytuacja zwi\u0105zana z koronawirusem doskwiera wszystkim. Odczuwaj\u0105 j\u0105 nie tylko doro\u015bli, ale tak\u017ce dzieci. Nie mog\u0105 si\u0119 spotyka\u0107 z r\u00f3wie\u015bnikami, a swoje urodziny obchodz\u0105 cz\u0119sto z dala nie tylko od kole\u017canek i koleg\u00f3w, ale tak\u017ce ukochanych dziadk\u00f3w.<\/p>\n\n\n\n<p> \u2014 <em>Dzieciom , tak jak nam wszystkim, jest teraz potrzebna nadzieja, a tak\u017ce odrobina rado\u015bci<\/em> \u2014 m\u00f3wi wolontariuszka z Kalet. \u2014  <em>Nasza akcja pokazuje, \u017ce czasami wystarczy drobiazg, aby wywo\u0142a\u0107 u\u015bmiech na twarzy innych.<\/em><\/p>\n\n\n\n<p><\/p>\n","protected":false},"excerpt":{"rendered":"<p>W Kaletach doro\u015bli zawieszaj\u0105 na p\u0142otach dom\u00f3w baloniki dla dzieci, kt\u00f3re w czasie epidemii obchodz\u0105 swoje urodziny. Grupa wolontariuszy &#8222;Akcji Kalety&#8221; skupiona na Facebooku<\/p>\n","protected":false},"author":7,"featured_media":11986,"comment_status":"open","ping_status":"open","sticky":false,"template":"","format":"standard","meta":{"_monsterinsights_skip_tracking":false,"_monsterinsights_sitenote_active":false,"_monsterinsights_sitenote_note":"","_monsterinsights_sitenote_category":0,"_uf_show_specific_survey":0,"_uf_disable_surveys":false,"footnotes":""},"categories":[94,25,2],"tags":[],"class_list":["post-11979","post","type-post","status-publish","format-standard","has-post-thumbnail","hentry","category-polecane","category-lubliniec","category-wiadomosci"],"_links":{"self":[{"href":"https:\/\/gazetaregionalna.com\/index.php?rest_route=\/wp\/v2\/posts\/11979","targetHints":{"allow":["GET"]}}],"collection":[{"href":"https:\/\/gazetaregionalna.com\/index.php?rest_route=\/wp\/v2\/posts"}],"about":[{"href":"https:\/\/gazetaregionalna.com\/index.php?rest_route=\/wp\/v2\/types\/post"}],"author":[{"embeddable":true,"href":"https:\/\/gazetaregionalna.com\/index.php?rest_route=\/wp\/v2\/users\/7"}],"replies":[{"embeddable":true,"href":"https:\/\/gazetaregionalna.com\/index.php?rest_route=%2Fwp%2Fv2%2Fcomments&post=11979"}],"version-history":[{"count":3,"href":"https:\/\/gazetaregionalna.com\/index.php?rest_route=\/wp\/v2\/posts\/11979\/revisions"}],"predecessor-version":[{"id":11985,"href":"https:\/\/gazetaregionalna.com\/index.php?rest_route=\/wp\/v2\/posts\/11979\/revisions\/11985"}],"wp:featuredmedia":[{"embeddable":true,"href":"https:\/\/gazetaregionalna.com\/index.php?rest_route=\/wp\/v2\/media\/11986"}],"wp:attachment":[{"href":"https:\/\/gazetaregionalna.com\/index.php?rest_route=%2Fwp%2Fv2%2Fmedia&parent=11979"}],"wp:term":[{"taxonomy":"category","embeddable":true,"href":"https:\/\/gazetaregionalna.com\/index.php?rest_route=%2Fwp%2Fv2%2Fcategories&post=11979"},{"taxonomy":"post_tag","embeddable":true,"href":"https:\/\/gazetaregionalna.com\/index.php?rest_route=%2Fwp%2Fv2%2Ftags&post=11979"}],"curies":[{"name":"wp","href":"https:\/\/api.w.org\/{rel}","templated":true}]}}