{"id":119717,"date":"2024-01-01T19:56:25","date_gmt":"2024-01-01T19:56:25","guid":{"rendered":"https:\/\/gazetaregionalna.com\/?p=119717"},"modified":"2024-01-01T19:56:27","modified_gmt":"2024-01-01T19:56:27","slug":"jasna-gora-w-2023","status":"publish","type":"post","link":"https:\/\/gazetaregionalna.com\/?p=119717","title":{"rendered":"Jasna G\u00f3ra. W 2023 r. sanktuarium odwiedzi\u0142o 3,6 mln pielgrzym\u00f3w"},"content":{"rendered":"\n<h2 class=\"wp-block-heading\">Wraz z pocz\u0105tkiem 2024 r., Jasna G\u00f3ra podsumowa\u0142a rok miniony. Przez ostatnie 12 miesi\u0119cy sanktuarium odwiedzi\u0142o 3,6 mln pielgrzym\u00f3w. To o 1,1 mln wi\u0119cej ni\u017c w 2022 r.<\/h2>\n\n\n\n<p>W Zakonie Paulin\u00f3w 2023 by\u0142 to rok po\u015bwi\u0119cony o. Augustynowi Kordeckiemu w 350. rocznic\u0119 jego \u015bmierci. Obchodzony by\u0142 r\u00f3wnie\u017c jubileusz 70-lecia Apelu Jasnog\u00f3rskiego.<\/p>\n\n\n\n<p>W drugim roku wojny w Ukrainie nie brakowa\u0142o modlitwy o pok\u00f3j i r\u00f3\u017cnego rodzaju form wsparcia dla wschodnich s\u0105siad\u00f3w. &#8211; Mi\u0142o\u015b\u0107 i dobro\u0107 nie mog\u0105 nu\u017cy\u0107, a z\u0142o nigdy nie odniesie ostatecznego zwyci\u0119stwa &#8211; przypomniano. Rozpocz\u0119\u0142y si\u0119 duchowe przygotowania do peregrynacji Obrazu Nawiedzenia w arch. cz\u0119stochowskiej w 2024-2025 r.<br><br>Rok 2023 by\u0142 te\u017c i na Jasnej G\u00f3rze czasem przygotowania do wrze\u015bniowej beatyfikacji Rodziny Ulm\u00f3w oraz dzi\u0119kczynienia za wyniesienie ich do chwa\u0142y o\u0142tarzy. <\/p>\n\n\n\n<h4 class=\"wp-block-heading\">3,6 mln pielgrzym\u00f3w w 2023 r.<\/h4>\n\n\n\n<p>Letnie piesze pielgrzymowanie wci\u0105\u017c postrzegane jest jako fenomen. Po raz pierwszy odby\u0142y si\u0119 og\u00f3lnopolskie pielgrzymki: K\u00f3\u0142 Gospody\u0144 Wiejskich, Drifter\u00f3w i Stra\u017cy Ochrony Kolei. <\/p>\n\n\n\n<p>W 228 grupach przysz\u0142o 77,5 tys. p\u0105tnik\u00f3w. W 200 grupach rowerowych dotar\u0142o 8,6 tys. os\u00f3b, a w 17 pielgrzymkach biegowych 475 os\u00f3b. Grupom uj\u0119tym w statystykach towarzyszy\u0142o w drodze tysi\u0105ce tych, kt\u00f3rzy z r\u00f3\u017cnych wzgl\u0119d\u00f3w nie zdecydowali si\u0119 na pokonanie ca\u0142ej trasy pielgrzymki.<\/p>\n\n\n\n<p><strong>Jasn\u0105 G\u00f3r\u0119 nawiedzi\u0142o w 2023 roku blisko 3 600 000 pielgrzym\u00f3w.<\/strong><\/p>\n\n\n\n<p>Jak zauwa\u017cali przewodnicy wielu grup, \u201epielgrzymki m\u0142odniej\u0105\u201d. Np. w jednej z najliczniejszych &#8211; pielgrzymce radomskiej, szacowano, \u017ce co pi\u0105ty uczestnik, to dziecko, kt\u00f3re nie uko\u0144czy\u0142o 13-14. roku \u017cycia.<\/p>\n\n\n\n<p><br><strong>Na Jasn\u0105 G\u00f3r\u0119 w pielgrzymkach pieszych, rowerowych, biegowych, rolkowych i konnej dotar\u0142o w sumie ok. 87 tys. os\u00f3b:<\/strong><br>&#8211; 228 pielgrzymek pieszych &#8211; a w nich 77 570 os\u00f3b<br>&#8211; 200 grup rowerowych \u2013 8 677os\u00f3b<br>&#8211; 17 grup biegowych &#8211; 475 os\u00f3b<br>&#8211; 2 rolkowe &#8211; 97 osoby<br>&#8211; 1 konna &#8211; 17 os\u00f3b<\/p>\n\n\n\n<p>Najliczniejsze pielgrzymki to:<br>41. Pielgrzymka Tarnowska \u2013 5 497 os\u00f3b,<br>44. Radomska Pielgrzymka Piesza &#8211; 5 tys. 215,<br>42. Krakowska Pielgrzymka Piesza &#8211; 4,5 tys.<br>i 312. Warszawska Pielgrzymka Piesza &#8211; 4,3 tys. p\u0105tnik\u00f3w.<\/p>\n\n\n\n<h4 class=\"wp-block-heading\">Podsumowania minionego roku<\/h4>\n\n\n\n<p>W minionym roku Tajemnic\u0119 Naj\u015bwi\u0119tszej Eucharystii kap\u0142ani sprawowali 50 447 razy. Rozdzielono 2, 9 mln Komunii \u015bw. <\/p>\n\n\n\n<p>Na Jasnej G\u00f3rze sakrament ma\u0142\u017ce\u0144stwa zawar\u0142y 24 pary, ochrzczono za\u015b 31 dzieci.<br><br>Jasnog\u00f3rscy spowiednicy po\u015bwi\u0119cili pielgrzymom 20 522 godzin s\u0142u\u017c\u0105c w konfesjonale poprzez sprawowanie Sakramentu Pojednania. R\u00f3\u017cne grupy modlitewne odby\u0142y 209 czuwa\u0144 nocnych. <\/p>\n\n\n\n<p>W Ksi\u0119dze Wotywnej zarejestrowano 815 wot dzi\u0119kczynno-b\u0142agalnych. W sobotniej nowennie do Matki Bo\u017cej Jasnog\u00f3rskiej z\u0142o\u017cono 460 000 kartki z pro\u015bbami i podzi\u0119kowaniami.<\/p>\n\n\n\n<p>Wi\u0119cej na: <a href=\"http:\/\/www.jasnagora.com\/\" target=\"_blank\" rel=\"noopener\">www.jasnagora.com<\/a><\/p>\n\n\n\n<p><strong>red., mat. Biura Prasowego Jasnej G\u00f3ry<\/strong><\/p>\n\n\n\n<p><strong><a href=\"https:\/\/gazetaregionalna.com\/jasnogorskie-szopki-zdjecia\/\">Czytaj tak\u017ce: Jasnog\u00f3rskie szopki bo\u017conarodzeniowe czekaj\u0105 na wiernych [ZDJ\u0118CIA]<\/a><\/strong><br><\/p>\n","protected":false},"excerpt":{"rendered":"<p>Wraz z pocz\u0105tkiem 2024 r., Jasna G\u00f3ra podsumowa\u0142a rok miniony. Przez ostatnie 12 miesi\u0119cy sanktuarium odwiedzi\u0142o 3,6 mln pielgrzym\u00f3w. To o 1,1 mln wi\u0119cej<\/p>\n","protected":false},"author":11,"featured_media":119722,"comment_status":"closed","ping_status":"open","sticky":false,"template":"","format":"standard","meta":{"_monsterinsights_skip_tracking":false,"_monsterinsights_sitenote_active":false,"_monsterinsights_sitenote_note":"","_monsterinsights_sitenote_category":0,"_uf_show_specific_survey":0,"_uf_disable_surveys":false,"footnotes":""},"categories":[94,3,2],"tags":[8739,200,294,4942],"class_list":["post-119717","post","type-post","status-publish","format-standard","has-post-thumbnail","hentry","category-polecane","category-czestochowa-informacje","category-wiadomosci","tag-8739","tag-jasna-gora","tag-pielgrzymi","tag-podsumowanie"],"_links":{"self":[{"href":"https:\/\/gazetaregionalna.com\/index.php?rest_route=\/wp\/v2\/posts\/119717","targetHints":{"allow":["GET"]}}],"collection":[{"href":"https:\/\/gazetaregionalna.com\/index.php?rest_route=\/wp\/v2\/posts"}],"about":[{"href":"https:\/\/gazetaregionalna.com\/index.php?rest_route=\/wp\/v2\/types\/post"}],"author":[{"embeddable":true,"href":"https:\/\/gazetaregionalna.com\/index.php?rest_route=\/wp\/v2\/users\/11"}],"replies":[{"embeddable":true,"href":"https:\/\/gazetaregionalna.com\/index.php?rest_route=%2Fwp%2Fv2%2Fcomments&post=119717"}],"version-history":[{"count":3,"href":"https:\/\/gazetaregionalna.com\/index.php?rest_route=\/wp\/v2\/posts\/119717\/revisions"}],"predecessor-version":[{"id":119723,"href":"https:\/\/gazetaregionalna.com\/index.php?rest_route=\/wp\/v2\/posts\/119717\/revisions\/119723"}],"wp:featuredmedia":[{"embeddable":true,"href":"https:\/\/gazetaregionalna.com\/index.php?rest_route=\/wp\/v2\/media\/119722"}],"wp:attachment":[{"href":"https:\/\/gazetaregionalna.com\/index.php?rest_route=%2Fwp%2Fv2%2Fmedia&parent=119717"}],"wp:term":[{"taxonomy":"category","embeddable":true,"href":"https:\/\/gazetaregionalna.com\/index.php?rest_route=%2Fwp%2Fv2%2Fcategories&post=119717"},{"taxonomy":"post_tag","embeddable":true,"href":"https:\/\/gazetaregionalna.com\/index.php?rest_route=%2Fwp%2Fv2%2Ftags&post=119717"}],"curies":[{"name":"wp","href":"https:\/\/api.w.org\/{rel}","templated":true}]}}