{"id":119702,"date":"2024-01-01T19:33:47","date_gmt":"2024-01-01T19:33:47","guid":{"rendered":"https:\/\/gazetaregionalna.com\/?p=119702"},"modified":"2024-01-01T19:33:49","modified_gmt":"2024-01-01T19:33:49","slug":"pozar-w-olsztynskim-barze-lesnym","status":"publish","type":"post","link":"https:\/\/gazetaregionalna.com\/?p=119702","title":{"rendered":"Po\u017car w olszty\u0144skim barze Le\u015bnym"},"content":{"rendered":"\n<h2 class=\"wp-block-heading\">W noc sylwestrow\u0105 w barze Le\u015bnym w Olsztynie wybuch\u0142 po\u017car. Na szcz\u0119\u015bcie nikt nie ucierpia\u0142, jednak sam budynek zosta\u0142 zniszczony. <\/h2>\n\n\n\n<p>Do zdarzenia dosz\u0142o w nocy z 31 grudnia na 1 stycznia. Zg\u0142oszenie wp\u0142yn\u0119\u0142o o godz. 4. &#8211; Rok zacz\u0105\u0142 si\u0119 dla nas tragicznie. Wczoraj w nocy, wybuch\u0142 u nas po\u017car. Na szcz\u0119\u015bcie nikomu nic si\u0119 nie sta\u0142o, jednak Le\u015bny b\u0119dzie zamkni\u0119ty do odwo\u0142ania. Musimy odbudowa\u0107 straty, trzymajcie za nas kciuki! Bardzo tego potrzebujemy. B\u0119dziemy tutaj informowa\u0107 kiedy wracamy do pracy &#8211; poinformowa\u0142 na swojej facebookowej stronie<a href=\"https:\/\/www.facebook.com\/profile.php?id=100063526540588\" target=\"_blank\" rel=\"noopener\"> Le\u015bny.<\/a><\/p>\n\n\n\n<figure class=\"wp-block-gallery columns-3 is-cropped wp-block-gallery-1 is-layout-flex wp-block-gallery-is-layout-flex\"><ul class=\"blocks-gallery-grid\"><li class=\"blocks-gallery-item\"><figure><a href=\"https:\/\/gazetaregionalna.com\/wp-content\/uploads\/2024\/01\/2ac399f3d619daff243983c664c1a558-rotated.jpg\"><img decoding=\"async\" width=\"573\" height=\"1024\" data-src=\"https:\/\/gazetaregionalna.com\/wp-content\/uploads\/2024\/01\/2ac399f3d619daff243983c664c1a558-573x1024.jpg\" alt=\"\" data-id=\"119704\" data-full-url=\"https:\/\/gazetaregionalna.com\/wp-content\/uploads\/2024\/01\/2ac399f3d619daff243983c664c1a558-rotated.jpg\" data-link=\"https:\/\/gazetaregionalna.com\/?attachment_id=119704\" class=\"wp-image-119704 lazyload\" data-srcset=\"https:\/\/gazetaregionalna.com\/wp-content\/uploads\/2024\/01\/2ac399f3d619daff243983c664c1a558-573x1024.jpg 573w, https:\/\/gazetaregionalna.com\/wp-content\/uploads\/2024\/01\/2ac399f3d619daff243983c664c1a558-168x300.jpg 168w, https:\/\/gazetaregionalna.com\/wp-content\/uploads\/2024\/01\/2ac399f3d619daff243983c664c1a558-768x1371.jpg 768w, https:\/\/gazetaregionalna.com\/wp-content\/uploads\/2024\/01\/2ac399f3d619daff243983c664c1a558-696x1243.jpg 696w, https:\/\/gazetaregionalna.com\/wp-content\/uploads\/2024\/01\/2ac399f3d619daff243983c664c1a558-235x420.jpg 235w, https:\/\/gazetaregionalna.com\/wp-content\/uploads\/2024\/01\/2ac399f3d619daff243983c664c1a558-rotated.jpg 840w\" data-sizes=\"(max-width: 573px) 100vw, 573px\" src=\"data:image\/svg+xml;base64,PHN2ZyB3aWR0aD0iMSIgaGVpZ2h0PSIxIiB4bWxucz0iaHR0cDovL3d3dy53My5vcmcvMjAwMC9zdmciPjwvc3ZnPg==\" style=\"--smush-placeholder-width: 573px; --smush-placeholder-aspect-ratio: 573\/1024;\" \/><\/a><\/figure><\/li><li class=\"blocks-gallery-item\"><figure><a href=\"https:\/\/gazetaregionalna.com\/wp-content\/uploads\/2024\/01\/19ff55efe6cf71d795d656b2d72a5aee-rotated.jpg\"><img decoding=\"async\" width=\"573\" height=\"1024\" data-src=\"https:\/\/gazetaregionalna.com\/wp-content\/uploads\/2024\/01\/19ff55efe6cf71d795d656b2d72a5aee-573x1024.jpg\" alt=\"\" data-id=\"119705\" data-full-url=\"https:\/\/gazetaregionalna.com\/wp-content\/uploads\/2024\/01\/19ff55efe6cf71d795d656b2d72a5aee-rotated.jpg\" data-link=\"https:\/\/gazetaregionalna.com\/?attachment_id=119705\" class=\"wp-image-119705 lazyload\" data-srcset=\"https:\/\/gazetaregionalna.com\/wp-content\/uploads\/2024\/01\/19ff55efe6cf71d795d656b2d72a5aee-573x1024.jpg 573w, https:\/\/gazetaregionalna.com\/wp-content\/uploads\/2024\/01\/19ff55efe6cf71d795d656b2d72a5aee-168x300.jpg 168w, https:\/\/gazetaregionalna.com\/wp-content\/uploads\/2024\/01\/19ff55efe6cf71d795d656b2d72a5aee-768x1371.jpg 768w, https:\/\/gazetaregionalna.com\/wp-content\/uploads\/2024\/01\/19ff55efe6cf71d795d656b2d72a5aee-696x1243.jpg 696w, https:\/\/gazetaregionalna.com\/wp-content\/uploads\/2024\/01\/19ff55efe6cf71d795d656b2d72a5aee-235x420.jpg 235w, https:\/\/gazetaregionalna.com\/wp-content\/uploads\/2024\/01\/19ff55efe6cf71d795d656b2d72a5aee-rotated.jpg 840w\" data-sizes=\"(max-width: 573px) 100vw, 573px\" src=\"data:image\/svg+xml;base64,PHN2ZyB3aWR0aD0iMSIgaGVpZ2h0PSIxIiB4bWxucz0iaHR0cDovL3d3dy53My5vcmcvMjAwMC9zdmciPjwvc3ZnPg==\" style=\"--smush-placeholder-width: 573px; --smush-placeholder-aspect-ratio: 573\/1024;\" \/><\/a><\/figure><\/li><li class=\"blocks-gallery-item\"><figure><a href=\"https:\/\/gazetaregionalna.com\/wp-content\/uploads\/2024\/01\/108bdd340042cc7aad2ce94ca958d92c-rotated.jpg\"><img decoding=\"async\" width=\"573\" height=\"1024\" data-src=\"https:\/\/gazetaregionalna.com\/wp-content\/uploads\/2024\/01\/108bdd340042cc7aad2ce94ca958d92c-573x1024.jpg\" alt=\"\" data-id=\"119706\" data-full-url=\"https:\/\/gazetaregionalna.com\/wp-content\/uploads\/2024\/01\/108bdd340042cc7aad2ce94ca958d92c-rotated.jpg\" data-link=\"https:\/\/gazetaregionalna.com\/?attachment_id=119706\" class=\"wp-image-119706 lazyload\" data-srcset=\"https:\/\/gazetaregionalna.com\/wp-content\/uploads\/2024\/01\/108bdd340042cc7aad2ce94ca958d92c-573x1024.jpg 573w, https:\/\/gazetaregionalna.com\/wp-content\/uploads\/2024\/01\/108bdd340042cc7aad2ce94ca958d92c-168x300.jpg 168w, https:\/\/gazetaregionalna.com\/wp-content\/uploads\/2024\/01\/108bdd340042cc7aad2ce94ca958d92c-768x1371.jpg 768w, https:\/\/gazetaregionalna.com\/wp-content\/uploads\/2024\/01\/108bdd340042cc7aad2ce94ca958d92c-696x1243.jpg 696w, https:\/\/gazetaregionalna.com\/wp-content\/uploads\/2024\/01\/108bdd340042cc7aad2ce94ca958d92c-235x420.jpg 235w, https:\/\/gazetaregionalna.com\/wp-content\/uploads\/2024\/01\/108bdd340042cc7aad2ce94ca958d92c-rotated.jpg 840w\" data-sizes=\"(max-width: 573px) 100vw, 573px\" src=\"data:image\/svg+xml;base64,PHN2ZyB3aWR0aD0iMSIgaGVpZ2h0PSIxIiB4bWxucz0iaHR0cDovL3d3dy53My5vcmcvMjAwMC9zdmciPjwvc3ZnPg==\" style=\"--smush-placeholder-width: 573px; --smush-placeholder-aspect-ratio: 573\/1024;\" \/><\/a><\/figure><\/li><\/ul><figcaption class=\"blocks-gallery-caption\">Bar Le\u015bny &#8211; mat. ze strony zrzutka.pl<\/figcaption><\/figure>\n\n\n\n<p>Przypomnijmy, lokal znajduj\u0105cy przy ul. Kuhna 45 jest jedynym z najpopularniejszych miejsc gastronomicznych w regionie. Szczeg\u00f3lnie lubi\u0105 go rowerzy\u015bci. Jest to jeden z ulubionych ich przystank\u00f3w na tej trasie. Przy dobrej pogodzie mo\u017cna dostrzec zaparkowane licznie przed budynkiem jedno\u015blady.<\/p>\n\n\n\n<p>Nic wi\u0119c dziwnego, \u017ce informacji o sylwestrowym po\u017carze towarzyszy\u0142o spore poruszenie. Sugeruj\u0105c si\u0119 radami sta\u0142ych go\u015bci Le\u015bnego, w\u0142a\u015bciciele rodzinnego baru postanowili zorganizowa\u0107 internetow\u0105 zbi\u00f3rk\u0119.<\/p>\n\n\n\n<figure class=\"wp-block-gallery columns-2 is-cropped wp-block-gallery-2 is-layout-flex wp-block-gallery-is-layout-flex\"><ul class=\"blocks-gallery-grid\"><li class=\"blocks-gallery-item\"><figure><a href=\"https:\/\/gazetaregionalna.com\/wp-content\/uploads\/2024\/01\/6cd44e2b336700e50d3d49f46543bc72-rotated.jpg\"><img decoding=\"async\" width=\"573\" height=\"1024\" data-src=\"https:\/\/gazetaregionalna.com\/wp-content\/uploads\/2024\/01\/6cd44e2b336700e50d3d49f46543bc72-573x1024.jpg\" alt=\"\" data-id=\"119708\" data-full-url=\"https:\/\/gazetaregionalna.com\/wp-content\/uploads\/2024\/01\/6cd44e2b336700e50d3d49f46543bc72-rotated.jpg\" data-link=\"https:\/\/gazetaregionalna.com\/?attachment_id=119708\" class=\"wp-image-119708 lazyload\" data-srcset=\"https:\/\/gazetaregionalna.com\/wp-content\/uploads\/2024\/01\/6cd44e2b336700e50d3d49f46543bc72-573x1024.jpg 573w, https:\/\/gazetaregionalna.com\/wp-content\/uploads\/2024\/01\/6cd44e2b336700e50d3d49f46543bc72-168x300.jpg 168w, https:\/\/gazetaregionalna.com\/wp-content\/uploads\/2024\/01\/6cd44e2b336700e50d3d49f46543bc72-768x1371.jpg 768w, https:\/\/gazetaregionalna.com\/wp-content\/uploads\/2024\/01\/6cd44e2b336700e50d3d49f46543bc72-696x1243.jpg 696w, https:\/\/gazetaregionalna.com\/wp-content\/uploads\/2024\/01\/6cd44e2b336700e50d3d49f46543bc72-235x420.jpg 235w, https:\/\/gazetaregionalna.com\/wp-content\/uploads\/2024\/01\/6cd44e2b336700e50d3d49f46543bc72-rotated.jpg 840w\" data-sizes=\"(max-width: 573px) 100vw, 573px\" src=\"data:image\/svg+xml;base64,PHN2ZyB3aWR0aD0iMSIgaGVpZ2h0PSIxIiB4bWxucz0iaHR0cDovL3d3dy53My5vcmcvMjAwMC9zdmciPjwvc3ZnPg==\" style=\"--smush-placeholder-width: 573px; --smush-placeholder-aspect-ratio: 573\/1024;\" \/><\/a><\/figure><\/li><li class=\"blocks-gallery-item\"><figure><a href=\"https:\/\/gazetaregionalna.com\/wp-content\/uploads\/2024\/01\/7b9b88f9ae6d55ae9146dd3077926aac-rotated.jpg\"><img decoding=\"async\" width=\"573\" height=\"1024\" data-src=\"https:\/\/gazetaregionalna.com\/wp-content\/uploads\/2024\/01\/7b9b88f9ae6d55ae9146dd3077926aac-573x1024.jpg\" alt=\"\" data-id=\"119709\" data-full-url=\"https:\/\/gazetaregionalna.com\/wp-content\/uploads\/2024\/01\/7b9b88f9ae6d55ae9146dd3077926aac-rotated.jpg\" data-link=\"https:\/\/gazetaregionalna.com\/?attachment_id=119709\" class=\"wp-image-119709 lazyload\" data-srcset=\"https:\/\/gazetaregionalna.com\/wp-content\/uploads\/2024\/01\/7b9b88f9ae6d55ae9146dd3077926aac-573x1024.jpg 573w, https:\/\/gazetaregionalna.com\/wp-content\/uploads\/2024\/01\/7b9b88f9ae6d55ae9146dd3077926aac-168x300.jpg 168w, https:\/\/gazetaregionalna.com\/wp-content\/uploads\/2024\/01\/7b9b88f9ae6d55ae9146dd3077926aac-768x1371.jpg 768w, https:\/\/gazetaregionalna.com\/wp-content\/uploads\/2024\/01\/7b9b88f9ae6d55ae9146dd3077926aac-696x1243.jpg 696w, https:\/\/gazetaregionalna.com\/wp-content\/uploads\/2024\/01\/7b9b88f9ae6d55ae9146dd3077926aac-235x420.jpg 235w, https:\/\/gazetaregionalna.com\/wp-content\/uploads\/2024\/01\/7b9b88f9ae6d55ae9146dd3077926aac-rotated.jpg 840w\" data-sizes=\"(max-width: 573px) 100vw, 573px\" src=\"data:image\/svg+xml;base64,PHN2ZyB3aWR0aD0iMSIgaGVpZ2h0PSIxIiB4bWxucz0iaHR0cDovL3d3dy53My5vcmcvMjAwMC9zdmciPjwvc3ZnPg==\" style=\"--smush-placeholder-width: 573px; --smush-placeholder-aspect-ratio: 573\/1024;\" \/><\/a><\/figure><\/li><\/ul><\/figure>\n\n\n\n<p>Zniszczeniu uleg\u0142a elewacja budynku, dach, wi\u0119\u017aba dachowa, instalacja wodna i elektryczna. Niestety, ca\u0142o\u015b\u0107 wymaga gruntownego remontu.<\/p>\n\n\n\n<p>-Zbi\u00f3rka powsta\u0142a z potrzeby serca- wielu ludzi pisa\u0142o do nas z pytaniem jak mo\u017ce pom\u00f3c- tutaj macie tak\u0105 mo\u017cliwo\u015b\u0107 i gor\u0105co dzi\u0119kujemy za to, \u017ce jeste\u015bcie! Nie mo\u017cemy i nie chcemy si\u0119 podda\u0107 i pozwoli\u0107, \u017ceby miejsce budowane z mi\u0142o\u015bci do ludzi, dobrego jedzenia i bycia razem przesta\u0142o istnie\u0107!!! &#8211; czytamy na portalu <a href=\"https:\/\/zrzutka.pl\/b6ccnv?fbclid=IwAR3UjGpOMnMa04hlmWgmWrPfHlJ_IGMrLmbdgPRs8RloqqsaEY-rWB56sTo\" target=\"_blank\" rel=\"noopener\">zrzutka.pl<\/a>. <\/p>\n\n\n\n<figure class=\"wp-block-gallery columns-3 is-cropped wp-block-gallery-3 is-layout-flex wp-block-gallery-is-layout-flex\"><ul class=\"blocks-gallery-grid\"><li class=\"blocks-gallery-item\"><figure><a href=\"https:\/\/gazetaregionalna.com\/wp-content\/uploads\/2024\/01\/b12534952e7b5a71a9e773385712095e-rotated.jpg\"><img decoding=\"async\" width=\"573\" height=\"1024\" data-src=\"https:\/\/gazetaregionalna.com\/wp-content\/uploads\/2024\/01\/b12534952e7b5a71a9e773385712095e-573x1024.jpg\" alt=\"\" data-id=\"119714\" data-full-url=\"https:\/\/gazetaregionalna.com\/wp-content\/uploads\/2024\/01\/b12534952e7b5a71a9e773385712095e-rotated.jpg\" data-link=\"https:\/\/gazetaregionalna.com\/?attachment_id=119714\" class=\"wp-image-119714 lazyload\" data-srcset=\"https:\/\/gazetaregionalna.com\/wp-content\/uploads\/2024\/01\/b12534952e7b5a71a9e773385712095e-573x1024.jpg 573w, https:\/\/gazetaregionalna.com\/wp-content\/uploads\/2024\/01\/b12534952e7b5a71a9e773385712095e-168x300.jpg 168w, https:\/\/gazetaregionalna.com\/wp-content\/uploads\/2024\/01\/b12534952e7b5a71a9e773385712095e-768x1371.jpg 768w, https:\/\/gazetaregionalna.com\/wp-content\/uploads\/2024\/01\/b12534952e7b5a71a9e773385712095e-696x1243.jpg 696w, https:\/\/gazetaregionalna.com\/wp-content\/uploads\/2024\/01\/b12534952e7b5a71a9e773385712095e-235x420.jpg 235w, https:\/\/gazetaregionalna.com\/wp-content\/uploads\/2024\/01\/b12534952e7b5a71a9e773385712095e-rotated.jpg 840w\" data-sizes=\"(max-width: 573px) 100vw, 573px\" src=\"data:image\/svg+xml;base64,PHN2ZyB3aWR0aD0iMSIgaGVpZ2h0PSIxIiB4bWxucz0iaHR0cDovL3d3dy53My5vcmcvMjAwMC9zdmciPjwvc3ZnPg==\" style=\"--smush-placeholder-width: 573px; --smush-placeholder-aspect-ratio: 573\/1024;\" \/><\/a><\/figure><\/li><li class=\"blocks-gallery-item\"><figure><a href=\"https:\/\/gazetaregionalna.com\/wp-content\/uploads\/2024\/01\/8806d147a6d2db87d5765f1ddfec2480-rotated.jpg\"><img decoding=\"async\" width=\"573\" height=\"1024\" data-src=\"https:\/\/gazetaregionalna.com\/wp-content\/uploads\/2024\/01\/8806d147a6d2db87d5765f1ddfec2480-573x1024.jpg\" alt=\"\" data-id=\"119713\" data-full-url=\"https:\/\/gazetaregionalna.com\/wp-content\/uploads\/2024\/01\/8806d147a6d2db87d5765f1ddfec2480-rotated.jpg\" data-link=\"https:\/\/gazetaregionalna.com\/?attachment_id=119713\" class=\"wp-image-119713 lazyload\" data-srcset=\"https:\/\/gazetaregionalna.com\/wp-content\/uploads\/2024\/01\/8806d147a6d2db87d5765f1ddfec2480-573x1024.jpg 573w, https:\/\/gazetaregionalna.com\/wp-content\/uploads\/2024\/01\/8806d147a6d2db87d5765f1ddfec2480-168x300.jpg 168w, https:\/\/gazetaregionalna.com\/wp-content\/uploads\/2024\/01\/8806d147a6d2db87d5765f1ddfec2480-768x1371.jpg 768w, https:\/\/gazetaregionalna.com\/wp-content\/uploads\/2024\/01\/8806d147a6d2db87d5765f1ddfec2480-696x1243.jpg 696w, https:\/\/gazetaregionalna.com\/wp-content\/uploads\/2024\/01\/8806d147a6d2db87d5765f1ddfec2480-235x420.jpg 235w, https:\/\/gazetaregionalna.com\/wp-content\/uploads\/2024\/01\/8806d147a6d2db87d5765f1ddfec2480-rotated.jpg 840w\" data-sizes=\"(max-width: 573px) 100vw, 573px\" src=\"data:image\/svg+xml;base64,PHN2ZyB3aWR0aD0iMSIgaGVpZ2h0PSIxIiB4bWxucz0iaHR0cDovL3d3dy53My5vcmcvMjAwMC9zdmciPjwvc3ZnPg==\" style=\"--smush-placeholder-width: 573px; --smush-placeholder-aspect-ratio: 573\/1024;\" \/><\/a><\/figure><\/li><li class=\"blocks-gallery-item\"><figure><a href=\"https:\/\/gazetaregionalna.com\/wp-content\/uploads\/2024\/01\/822db2ad7f7ac110db5800e824a04c13-rotated.jpg\"><img decoding=\"async\" width=\"573\" height=\"1024\" data-src=\"https:\/\/gazetaregionalna.com\/wp-content\/uploads\/2024\/01\/822db2ad7f7ac110db5800e824a04c13-573x1024.jpg\" alt=\"\" data-id=\"119712\" data-full-url=\"https:\/\/gazetaregionalna.com\/wp-content\/uploads\/2024\/01\/822db2ad7f7ac110db5800e824a04c13-rotated.jpg\" data-link=\"https:\/\/gazetaregionalna.com\/?attachment_id=119712\" class=\"wp-image-119712 lazyload\" data-srcset=\"https:\/\/gazetaregionalna.com\/wp-content\/uploads\/2024\/01\/822db2ad7f7ac110db5800e824a04c13-573x1024.jpg 573w, https:\/\/gazetaregionalna.com\/wp-content\/uploads\/2024\/01\/822db2ad7f7ac110db5800e824a04c13-168x300.jpg 168w, https:\/\/gazetaregionalna.com\/wp-content\/uploads\/2024\/01\/822db2ad7f7ac110db5800e824a04c13-768x1371.jpg 768w, https:\/\/gazetaregionalna.com\/wp-content\/uploads\/2024\/01\/822db2ad7f7ac110db5800e824a04c13-696x1243.jpg 696w, https:\/\/gazetaregionalna.com\/wp-content\/uploads\/2024\/01\/822db2ad7f7ac110db5800e824a04c13-235x420.jpg 235w, https:\/\/gazetaregionalna.com\/wp-content\/uploads\/2024\/01\/822db2ad7f7ac110db5800e824a04c13-rotated.jpg 840w\" data-sizes=\"(max-width: 573px) 100vw, 573px\" src=\"data:image\/svg+xml;base64,PHN2ZyB3aWR0aD0iMSIgaGVpZ2h0PSIxIiB4bWxucz0iaHR0cDovL3d3dy53My5vcmcvMjAwMC9zdmciPjwvc3ZnPg==\" style=\"--smush-placeholder-width: 573px; --smush-placeholder-aspect-ratio: 573\/1024;\" \/><\/a><\/figure><\/li><\/ul><figcaption class=\"blocks-gallery-caption\">Bar Le\u015bny &#8211; mat. ze strony zrzutka.pl<\/figcaption><\/figure>\n\n\n\n<p>-Dlatego je\u017celi mo\u017cesz prosz\u0119 wspom\u00f3\u017c nas, zbieramy na pomoc dla pracownik\u00f3w- bez nich nie by\u0142oby tego miejsca, wsp\u00f3lnie tworzymy jedn\u0105 wielk\u0105 rodzin\u0119, a rodziny w potrzebie si\u0119 nie zostawia. Zbieramy r\u00f3wnie\u017c na niezb\u0119dne prace remontowe &#8211; apeluj\u0105 tw\u00f3rcy zbi\u00f3rki.<\/p>\n\n\n\n<p>Zbi\u00f3rka pod has\u0142em &#8222;Po\u017car- Bar Le\u015bny prosi o pomoc!&#8221; dost\u0119pna jest <a href=\"https:\/\/zrzutka.pl\/b6ccnv?fbclid=IwAR3UjGpOMnMa04hlmWgmWrPfHlJ_IGMrLmbdgPRs8RloqqsaEY-rWB56sTo\" target=\"_blank\" rel=\"noopener\">TUTAJ<\/a>. Celem jest zebranie 100 tys. z\u0142. Na pomoc jest 90 dni.<\/p>\n\n\n\n<p><strong>red.<\/strong><\/p>\n","protected":false},"excerpt":{"rendered":"<p>W noc sylwestrow\u0105 w barze Le\u015bnym w Olsztynie wybuch\u0142 po\u017car. Na szcz\u0119\u015bcie nikt nie ucierpia\u0142, jednak sam budynek zosta\u0142 zniszczony. Do zdarzenia dosz\u0142o w<\/p>\n","protected":false},"author":11,"featured_media":119703,"comment_status":"closed","ping_status":"open","sticky":false,"template":"","format":"standard","meta":{"_monsterinsights_skip_tracking":false,"_monsterinsights_sitenote_active":false,"_monsterinsights_sitenote_note":"","_monsterinsights_sitenote_category":0,"_uf_show_specific_survey":0,"_uf_disable_surveys":false,"footnotes":""},"categories":[4,94,2],"tags":[8737,201,3540,1135],"class_list":["post-119702","post","type-post","status-publish","format-standard","has-post-thumbnail","hentry","category-region","category-polecane","category-wiadomosci","tag-bar-lesny","tag-olsztyn","tag-pozar","tag-zbiorka"],"_links":{"self":[{"href":"https:\/\/gazetaregionalna.com\/index.php?rest_route=\/wp\/v2\/posts\/119702","targetHints":{"allow":["GET"]}}],"collection":[{"href":"https:\/\/gazetaregionalna.com\/index.php?rest_route=\/wp\/v2\/posts"}],"about":[{"href":"https:\/\/gazetaregionalna.com\/index.php?rest_route=\/wp\/v2\/types\/post"}],"author":[{"embeddable":true,"href":"https:\/\/gazetaregionalna.com\/index.php?rest_route=\/wp\/v2\/users\/11"}],"replies":[{"embeddable":true,"href":"https:\/\/gazetaregionalna.com\/index.php?rest_route=%2Fwp%2Fv2%2Fcomments&post=119702"}],"version-history":[{"count":3,"href":"https:\/\/gazetaregionalna.com\/index.php?rest_route=\/wp\/v2\/posts\/119702\/revisions"}],"predecessor-version":[{"id":119716,"href":"https:\/\/gazetaregionalna.com\/index.php?rest_route=\/wp\/v2\/posts\/119702\/revisions\/119716"}],"wp:featuredmedia":[{"embeddable":true,"href":"https:\/\/gazetaregionalna.com\/index.php?rest_route=\/wp\/v2\/media\/119703"}],"wp:attachment":[{"href":"https:\/\/gazetaregionalna.com\/index.php?rest_route=%2Fwp%2Fv2%2Fmedia&parent=119702"}],"wp:term":[{"taxonomy":"category","embeddable":true,"href":"https:\/\/gazetaregionalna.com\/index.php?rest_route=%2Fwp%2Fv2%2Fcategories&post=119702"},{"taxonomy":"post_tag","embeddable":true,"href":"https:\/\/gazetaregionalna.com\/index.php?rest_route=%2Fwp%2Fv2%2Ftags&post=119702"}],"curies":[{"name":"wp","href":"https:\/\/api.w.org\/{rel}","templated":true}]}}