{"id":119180,"date":"2023-12-24T13:00:08","date_gmt":"2023-12-24T13:00:08","guid":{"rendered":"https:\/\/gazetaregionalna.com\/?p=119180"},"modified":"2023-12-24T13:15:49","modified_gmt":"2023-12-24T13:15:49","slug":"swieta-2","status":"publish","type":"post","link":"https:\/\/gazetaregionalna.com\/?p=119180","title":{"rendered":"Id\u0105 \u015bwi\u0119ta i \u015bwi\u0105tecznych \u017cycze\u0144 czas"},"content":{"rendered":"\n<h3 class=\"wp-block-heading\"><strong><em>Zbli\u017caj\u0105 si\u0119 \u015bwi\u0119ta Bo\u017cego Narodzenia, czas wyj\u0105tkowy i magiczny, pe\u0142en ciep\u0142a i rado\u015bci. To czas tradycji, wzajemnej \u017cyczliwo\u015bci, dzielenia si\u0119 op\u0142atkiem i sk\u0142adania \u017cycze\u0144. Za naszym po\u015brednictwem przedstawiciele lokalnych samorz\u0105d\u00f3w i \u015bwiata kultury sk\u0142adaj\u0105 Pa\u0144stwu najserdeczniejsze \u017cyczenia.<\/em><\/strong><\/h3>\n\n\n\n<div class=\"wp-block-media-text alignwide is-stacked-on-mobile\" style=\"grid-template-columns:17% auto\"><figure class=\"wp-block-media-text__media\"><img decoding=\"async\" width=\"271\" height=\"241\" data-src=\"https:\/\/gazetaregionalna.com\/wp-content\/uploads\/2023\/12\/obraz.png\" alt=\"\" class=\"wp-image-119183 size-full lazyload\" src=\"data:image\/svg+xml;base64,PHN2ZyB3aWR0aD0iMSIgaGVpZ2h0PSIxIiB4bWxucz0iaHR0cDovL3d3dy53My5vcmcvMjAwMC9zdmciPjwvc3ZnPg==\" style=\"--smush-placeholder-width: 271px; --smush-placeholder-aspect-ratio: 271\/241;\"><\/figure><div class=\"wp-block-media-text__content\">\n<p><strong>Krzysztof Matyjaszczyk<\/strong><\/p>\n\n\n\n<p><em>Prezydent Miasta Cz\u0119stochowy<\/em><\/p>\n\n\n\n<p>Drogie cz\u0119stochowianki i cz\u0119stochowianie!<\/p>\n\n\n\n<p>Niech ten nadchodz\u0105cy rok b\u0119dzie czasem nowych, inspiruj\u0105cych wyzwa\u0144 i sukces\u00f3w. Niech przyniesie Wam nowe mo\u017cliwo\u015bci oraz si\u0142\u0119 i energi\u0119 do ich wykorzystania. Niech b\u0119dzie pe\u0142en pozytywnych prze\u017cy\u0107, niespodzianek i wzajemnej \u017cyczliwo\u015bci. Ale przede wszystkim niech b\u0119dzie czasem spokoju, zgody, tolerancji i wzajemnego szacunku.<\/p>\n<\/div><\/div>\n\n\n\n<div class=\"wp-block-media-text alignwide is-stacked-on-mobile\" style=\"grid-template-columns:17% auto\"><figure class=\"wp-block-media-text__media\"><img decoding=\"async\" width=\"271\" height=\"239\" data-src=\"https:\/\/gazetaregionalna.com\/wp-content\/uploads\/2023\/12\/Smela.png\" alt=\"\" class=\"wp-image-119185 size-full lazyload\" src=\"data:image\/svg+xml;base64,PHN2ZyB3aWR0aD0iMSIgaGVpZ2h0PSIxIiB4bWxucz0iaHR0cDovL3d3dy53My5vcmcvMjAwMC9zdmciPjwvc3ZnPg==\" style=\"--smush-placeholder-width: 271px; --smush-placeholder-aspect-ratio: 271\/239;\"><\/figure><div class=\"wp-block-media-text__content\">\n<p><strong>Krzysztof Smela<\/strong><\/p>\n\n\n\n<p><em>Starosta Cz\u0119stochowski<\/em><\/p>\n\n\n\n<p>\u015awi\u0119ta Bo\u017cego Narodzenia to wyj\u0105tkowy czas, nios\u0105cy pok\u00f3j, dobro i nadziej\u0119.<br>W tym szczeg\u00f3lnym momencie sk\u0142adam najlepsze \u017cyczenia zdrowia oraz spe\u0142nienia wszystkich marze\u0144.<\/p>\n\n\n\n<p>Niech wigilijny op\u0142atek, umocni Wasze rodziny w mi\u0142o\u015bci, a nowy \u2013 2024 rok b\u0119dzie czasem rodzinnego ciep\u0142a, zawodowych sukces\u00f3w i \u017cyciowego optymizmu.<\/p>\n<\/div><\/div>\n\n\n\n<div class=\"wp-block-media-text alignwide is-stacked-on-mobile\" style=\"grid-template-columns:17% auto\"><figure class=\"wp-block-media-text__media\"><img decoding=\"async\" width=\"274\" height=\"237\" data-src=\"https:\/\/gazetaregionalna.com\/wp-content\/uploads\/2023\/12\/Kucharski.png\" alt=\"\" class=\"wp-image-119188 size-full lazyload\" src=\"data:image\/svg+xml;base64,PHN2ZyB3aWR0aD0iMSIgaGVpZ2h0PSIxIiB4bWxucz0iaHR0cDovL3d3dy53My5vcmcvMjAwMC9zdmciPjwvc3ZnPg==\" style=\"--smush-placeholder-width: 274px; --smush-placeholder-aspect-ratio: 274\/237;\"><\/figure><div class=\"wp-block-media-text__content\">\n<p><strong>Tomasz Kucharski<\/strong><\/p>\n\n\n\n<p><em>Burmistrz Miasta i Gminy Olsztyn<\/em><\/p>\n\n\n\n<p>\u017bycz\u0119 zdrowych, rodzinnych, pe\u0142nych mi\u0142o\u015bci i wiary \u015awi\u0105t Bo\u017cego Narodzenia, wolnych od trosk i niepokoj\u00f3w oraz szcz\u0119\u015bliwego Nowego Roku.<\/p>\n<\/div><\/div>\n\n\n\n<div class=\"wp-block-media-text alignwide is-stacked-on-mobile\" style=\"grid-template-columns:17% auto\"><figure class=\"wp-block-media-text__media\"><img decoding=\"async\" width=\"275\" height=\"249\" data-src=\"https:\/\/gazetaregionalna.com\/wp-content\/uploads\/2023\/12\/Podlejski.png\" alt=\"\" class=\"wp-image-119190 size-full lazyload\" src=\"data:image\/svg+xml;base64,PHN2ZyB3aWR0aD0iMSIgaGVpZ2h0PSIxIiB4bWxucz0iaHR0cDovL3d3dy53My5vcmcvMjAwMC9zdmciPjwvc3ZnPg==\" style=\"--smush-placeholder-width: 275px; --smush-placeholder-aspect-ratio: 275\/249;\"><\/figure><div class=\"wp-block-media-text__content\">\n<p><strong>Klemens Podlejski<\/strong><\/p>\n\n\n\n<p><em>Burmistrz Miasta i Gminy \u017barki<\/em><\/p>\n\n\n\n<p>Niech magiczna moc wigilijnego wieczoru przyniesie Wam spok\u00f3j, wytchnienie i rado\u015b\u0107.<\/p>\n\n\n\n<p>Ka\u017cda chwila \u015bwi\u0105t Bo\u017cego Narodzenia niech \u017cyje w\u0142asnym pi\u0119knem, a Nowy Rok obdaruje Was zdrowiem, pomy\u015blno\u015bci\u0105 i szcz\u0119\u015bciem. Najpi\u0119kniejszych \u015bwi\u0105t Bo\u017cego Narodzenia!<\/p>\n<\/div><\/div>\n\n\n\n<div class=\"wp-block-media-text alignwide is-stacked-on-mobile\" style=\"grid-template-columns:17% auto\"><figure class=\"wp-block-media-text__media\"><img decoding=\"async\" width=\"273\" height=\"240\" data-src=\"https:\/\/gazetaregionalna.com\/wp-content\/uploads\/2023\/12\/Gesiarz.png\" alt=\"\" class=\"wp-image-119191 size-full lazyload\" src=\"data:image\/svg+xml;base64,PHN2ZyB3aWR0aD0iMSIgaGVpZ2h0PSIxIiB4bWxucz0iaHR0cDovL3d3dy53My5vcmcvMjAwMC9zdmciPjwvc3ZnPg==\" style=\"--smush-placeholder-width: 273px; --smush-placeholder-aspect-ratio: 273\/240;\"><\/figure><div class=\"wp-block-media-text__content\">\n<p><strong>Tomasz G\u0119siarz<\/strong><\/p>\n\n\n\n<p><em>W\u00f3jt Gminy Mst\u00f3w<\/em><\/p>\n\n\n\n<p>Z okazji \u015bwi\u0105t Bo\u017cego Narodzenia i Nowego roku 2024 \u017cycz\u0119 Pa\u0144stwu wszelkiej pomy\u015blno\u015bci. Niech te \u015bwi\u0119ta b\u0119d\u0105 Pa\u0144stwa okazj\u0105 do odpoczynku i serdecznych spotka\u0144 w gronie rodziny i przyjaci\u00f3\u0142.<\/p>\n<\/div><\/div>\n\n\n\n<div class=\"wp-block-media-text alignwide is-stacked-on-mobile\" style=\"grid-template-columns:17% auto\"><figure class=\"wp-block-media-text__media\"><img decoding=\"async\" width=\"272\" height=\"248\" data-src=\"https:\/\/gazetaregionalna.com\/wp-content\/uploads\/2023\/12\/Banas.png\" alt=\"\" class=\"wp-image-119193 size-full lazyload\" src=\"data:image\/svg+xml;base64,PHN2ZyB3aWR0aD0iMSIgaGVpZ2h0PSIxIiB4bWxucz0iaHR0cDovL3d3dy53My5vcmcvMjAwMC9zdmciPjwvc3ZnPg==\" style=\"--smush-placeholder-width: 272px; --smush-placeholder-aspect-ratio: 272\/248;\"><\/figure><div class=\"wp-block-media-text__content\">\n<p><strong>\u0141ukasz Bana\u015b<\/strong><\/p>\n\n\n\n<p><em>Radny Miasta Cz\u0119stochowy<\/em><\/p>\n\n\n\n<p>Szanowni Mieszka\u0144cy Cz\u0119stochowy,<\/p>\n\n\n\n<p>W tym magicznym okresie \u015bwi\u0105t Bo\u017cego Narodzenia pragn\u0119 z\u0142o\u017cy\u0107 Wam serdeczne \u017cyczenia. Niech te wyj\u0105tkowe chwile b\u0119d\u0105 pe\u0142ne rado\u015bci, spokoju i ciep\u0142a rodzinnego. Niech atmosfera \u015awi\u0105t nape\u0142ni Wasze serca nadziej\u0105 na lepsze jutro oraz umocni wi\u0119zi mi\u0119dzy Wami. \u017bycz\u0119 Wam, aby ten czas by\u0142 okazj\u0105 do refleksji nad minionym rokiem, do dzielenia si\u0119 rado\u015bci\u0105 z najbli\u017cszymi oraz do budowania wsp\u00f3lnego, \u015bwi\u0105tecznego szcz\u0119\u015bcia. Niech Bo\u017ce Narodzenie przyniesie Wam r\u00f3wnie\u017c spok\u00f3j ducha, zdrowie i spe\u0142nienie najskrytszych marze\u0144. W nadchodz\u0105cym Nowym Roku \u017cycz\u0119 Wam wielu sukces\u00f3w, satysfakcji z osi\u0105gni\u0119tych cel\u00f3w oraz u\u015bmiechu ka\u017cdego dnia. Niech Cz\u0119stochowa rozwija si\u0119 dynamicznie, a wsp\u00f3lna praca na rzecz dobra naszego miasta przynosi oczekiwane rezultaty.<\/p>\n<\/div><\/div>\n\n\n\n<div class=\"wp-block-media-text alignwide is-stacked-on-mobile\" style=\"grid-template-columns:17% auto\"><figure class=\"wp-block-media-text__media\"><img decoding=\"async\" width=\"274\" height=\"242\" data-src=\"https:\/\/gazetaregionalna.com\/wp-content\/uploads\/2023\/12\/Izynska.png\" alt=\"\" class=\"wp-image-119194 size-full lazyload\" src=\"data:image\/svg+xml;base64,PHN2ZyB3aWR0aD0iMSIgaGVpZ2h0PSIxIiB4bWxucz0iaHR0cDovL3d3dy53My5vcmcvMjAwMC9zdmciPjwvc3ZnPg==\" style=\"--smush-placeholder-width: 274px; --smush-placeholder-aspect-ratio: 274\/242;\"><\/figure><div class=\"wp-block-media-text__content\">\n<p><strong>Ma\u0142gorzata I\u017cy\u0144ska<\/strong> #KobietyPotrafi\u0105<\/p>\n\n\n\n<p><em>Radna Miasta Cz\u0119stochowy<\/em><\/p>\n\n\n\n<p>Nie tylko na \u015awi\u0119ta, ale z ich okazji \u015bl\u0119 dla ka\u017cdego z Was dobre s\u0142owo.<br>B\u0105d\u017amy dla siebie wyrozumiali, z wi\u0119kszym dystansem do tego co nas spotyka i spokojniejsi. <\/p>\n\n\n\n<p>W spokoju daje si\u0119 zrobi\u0107 wi\u0119cej dobrego. Dbajmy te\u017c o zdrowie bez kt\u00f3rego nic, nic, nic&#8230;<br>Udanych \u015awi\u0105t Kochani i dobrego Nowego Roku, kt\u00f3ry daje tyle nowych szans na wszystko!<\/p>\n<\/div><\/div>\n\n\n\n<div class=\"wp-block-media-text alignwide is-stacked-on-mobile\" style=\"grid-template-columns:17% auto\"><figure class=\"wp-block-media-text__media\"><img decoding=\"async\" width=\"272\" height=\"241\" data-src=\"https:\/\/gazetaregionalna.com\/wp-content\/uploads\/2023\/12\/Jodlowski.png\" alt=\"\" class=\"wp-image-119195 size-full lazyload\" src=\"data:image\/svg+xml;base64,PHN2ZyB3aWR0aD0iMSIgaGVpZ2h0PSIxIiB4bWxucz0iaHR0cDovL3d3dy53My5vcmcvMjAwMC9zdmciPjwvc3ZnPg==\" style=\"--smush-placeholder-width: 272px; --smush-placeholder-aspect-ratio: 272\/241;\"><\/figure><div class=\"wp-block-media-text__content\">\n<p><strong>S\u0142awomir Jod\u0142owski<\/strong><\/p>\n\n\n\n<p><em>artysta fotografik, prezes Jurajskiego Fotoklubu Cz\u0119stochowa<\/em> <\/p>\n\n\n\n<p>S\u0142odkiego, mi\u0142ego \u017cycia&#8230; pi\u0119knych kadr\u00f3w do zdobycia.<\/p>\n<\/div><\/div>\n\n\n\n<div class=\"wp-block-media-text alignwide is-stacked-on-mobile\" style=\"grid-template-columns:17% auto\"><figure class=\"wp-block-media-text__media\"><img decoding=\"async\" width=\"275\" height=\"243\" data-src=\"https:\/\/gazetaregionalna.com\/wp-content\/uploads\/2023\/12\/Kita3.png\" alt=\"\" class=\"wp-image-119196 size-full lazyload\" src=\"data:image\/svg+xml;base64,PHN2ZyB3aWR0aD0iMSIgaGVpZ2h0PSIxIiB4bWxucz0iaHR0cDovL3d3dy53My5vcmcvMjAwMC9zdmciPjwvc3ZnPg==\" style=\"--smush-placeholder-width: 275px; --smush-placeholder-aspect-ratio: 275\/243;\"><\/figure><div class=\"wp-block-media-text__content\">\n<p><strong>Izabela Kita<\/strong><\/p>\n\n\n\n<p><em>malarka<\/em> <\/p>\n\n\n\n<p>\u015awi\u0105tecznym czytelnikom \u201eGazety Regionalnej\u201d \u017cycz\u0119, by obok rado\u015bci, spokoju i tych, kt\u00f3rych kochaj\u0105, zago\u015bci\u0142a w ich sercach i domach sztuka. To ona zmienia nasz\u0105 codzienno\u015b\u0107 w \u015bwi\u0119to i sprawia, \u017ce czujemy si\u0119 wyj\u0105tkowo. Niech otacza nas sztuka oraz dobrzy, m\u0105drzy ludzie. W \u015bwi\u0119ta i przez ca\u0142y rok!<\/p>\n<\/div><\/div>\n\n\n\n<div class=\"wp-block-media-text alignwide is-stacked-on-mobile\" style=\"grid-template-columns:17% auto\"><figure class=\"wp-block-media-text__media\"><img decoding=\"async\" width=\"272\" height=\"240\" data-src=\"https:\/\/gazetaregionalna.com\/wp-content\/uploads\/2023\/12\/Pietrzak1.png\" alt=\"\" class=\"wp-image-119197 size-full lazyload\" src=\"data:image\/svg+xml;base64,PHN2ZyB3aWR0aD0iMSIgaGVpZ2h0PSIxIiB4bWxucz0iaHR0cDovL3d3dy53My5vcmcvMjAwMC9zdmciPjwvc3ZnPg==\" style=\"--smush-placeholder-width: 272px; --smush-placeholder-aspect-ratio: 272\/240;\"><\/figure><div class=\"wp-block-media-text__content\">\n<p><strong>Krystyna Pietrzak<\/strong><\/p>\n\n\n\n<p><em>szefowa Agencji Artystycznej Certus<\/em> <\/p>\n\n\n\n<p>Wszystkim Czytelnikom \u201eGazety Regionalnej\u201d, a przede wszystkim Klientom, Partnerom oraz Sympatykom Agencji Certus \u017cyczymy radosnych \u015awi\u0105t Bo\u017cego Narodzenia, sp\u0119dzonych w gronie Przyjaci\u00f3\u0142 i Rodziny. Niech nadchodz\u0105cy Nowy Rok przyniesie Pa\u0144stwu spe\u0142nienie marze\u0144 oraz wiele teatralnych spotka\u0144.<\/p>\n<\/div><\/div>\n\n\n\n<div class=\"wp-block-media-text alignwide is-stacked-on-mobile\" style=\"grid-template-columns:17% auto\"><figure class=\"wp-block-media-text__media\"><img decoding=\"async\" width=\"272\" height=\"242\" data-src=\"https:\/\/gazetaregionalna.com\/wp-content\/uploads\/2023\/12\/Muniek1.png\" alt=\"\" class=\"wp-image-119198 size-full lazyload\" src=\"data:image\/svg+xml;base64,PHN2ZyB3aWR0aD0iMSIgaGVpZ2h0PSIxIiB4bWxucz0iaHR0cDovL3d3dy53My5vcmcvMjAwMC9zdmciPjwvc3ZnPg==\" style=\"--smush-placeholder-width: 272px; --smush-placeholder-aspect-ratio: 272\/242;\"><\/figure><div class=\"wp-block-media-text__content\">\n<p><strong>Zygmunt \u201eMuniek\u201d Staszczyk<\/strong><\/p>\n\n\n\n<p><em>muzyk, lider zespo\u0142u T.Love<\/em> <\/p>\n\n\n\n<p>Kochani moi Ziomale: dobrych \u015awi\u0105t Bo\u017cego Narodzenia i zajee\u2026 wej\u015bcia w 2024 rok. I Love You Wasz Muniek.<\/p>\n<\/div><\/div>\n\n\n\n<div class=\"wp-block-media-text alignwide is-stacked-on-mobile\" style=\"grid-template-columns:17% auto\"><figure class=\"wp-block-media-text__media\"><img decoding=\"async\" width=\"274\" height=\"240\" data-src=\"https:\/\/gazetaregionalna.com\/wp-content\/uploads\/2023\/12\/Taranek.png\" alt=\"\" class=\"wp-image-119199 size-full lazyload\" src=\"data:image\/svg+xml;base64,PHN2ZyB3aWR0aD0iMSIgaGVpZ2h0PSIxIiB4bWxucz0iaHR0cDovL3d3dy53My5vcmcvMjAwMC9zdmciPjwvc3ZnPg==\" style=\"--smush-placeholder-width: 274px; --smush-placeholder-aspect-ratio: 274\/240;\"><\/figure><div class=\"wp-block-media-text__content\">\n<p><strong>Paulina Taranek<\/strong><\/p>\n\n\n\n<p><em>malarka, konserwatorka dzie\u0142 sztuki<\/em><\/p>\n\n\n\n<p>Z okazji \u015awi\u0105t Bo\u017cego Narodzenia przesy\u0142am du\u017co u\u015bmiechu i \u017cyczenia wspania\u0142ego czasu w gronie najbli\u017cszych. Nocy jak z obraz\u00f3w Van Gogha, mi\u0142o\u015bci jak u Klimta i tradycji jak u Wyspia\u0144skiego. Niech ta najwa\u017cniejsza w roku gwiazdka \u015bwieci Wam jak najja\u015bniej przynosz\u0105c rado\u015b\u0107 i szcz\u0119\u015bcie.<\/p>\n<\/div><\/div>\n\n\n\n<div class=\"wp-block-media-text alignwide is-stacked-on-mobile\" style=\"grid-template-columns:17% auto\"><figure class=\"wp-block-media-text__media\"><img decoding=\"async\" width=\"272\" height=\"241\" data-src=\"https:\/\/gazetaregionalna.com\/wp-content\/uploads\/2023\/12\/Trzepizur1.png\" alt=\"\" class=\"wp-image-119200 size-full lazyload\" src=\"data:image\/svg+xml;base64,PHN2ZyB3aWR0aD0iMSIgaGVpZ2h0PSIxIiB4bWxucz0iaHR0cDovL3d3dy53My5vcmcvMjAwMC9zdmciPjwvc3ZnPg==\" style=\"--smush-placeholder-width: 272px; --smush-placeholder-aspect-ratio: 272\/241;\"><\/figure><div class=\"wp-block-media-text__content\">\n<p><strong>Klaudia \u201e<a href=\"https:\/\/www.facebook.com\/clodieofficial\" target=\"_blank\" rel=\"noopener\">Cl\u00f6die<\/a>\u201d Trzepizur<\/strong><\/p>\n\n\n\n<p><em>wokalistka, liderka zespo\u0142u <\/em><a href=\"https:\/\/www.facebook.com\/clodieofficial\" target=\"_blank\" rel=\"noopener\"><em>Cl\u00f6die<\/em><\/a> <\/p>\n\n\n\n<p>Niech czas Bo\u017cego Narodzenia b\u0119dzie pe\u0142en ciep\u0142a, rado\u015bci i przede wszystkim wytchnieniem od codziennego p\u0119du. Niech mi\u0142o\u015b\u0107, spok\u00f3j i szcz\u0119\u015bcie towarzysz\u0105 Wam oraz Waszym bliskim w te \u015awi\u0119ta oraz przez ca\u0142y nadchodz\u0105cy Nowy Rok! Magicznych \u015awi\u0105t!<\/p>\n\n\n\n<p><\/p>\n\n\n\n<p>Drodzy Cz\u0119stochowianie i Przyjaciele naszego miasta.<br>Z okazji zbli\u017caj\u0105cych si\u0119 \u015awi\u0105t Bo\u017cego Narodzenia \u017cycz\u0119 Pa\u0144stwu obfito\u015bci \u0141ask Bo\u017cych, zdrowia, rado\u015bci, spotka\u0144 w gronie najbli\u017cszych wype\u0142nionych mi\u0142o\u015bci\u0105, a nadchodz\u0105cy Nowy Rok przyni\u00f3s\u0142 dobro, realizacj\u0119 plan\u00f3w i marze\u0144.<br>Z szacunkiem.<br>Monika Pohorecka<br>Radna miasta Cz\u0119stochowy.<\/p>\n\n\n\n<figure class=\"wp-block-image size-large\"><img decoding=\"async\" width=\"336\" height=\"461\" data-src=\"https:\/\/gazetaregionalna.com\/wp-content\/uploads\/2023\/12\/monika_pohorecka.jpg\" alt=\"\" class=\"wp-image-119381 lazyload\" data-srcset=\"https:\/\/gazetaregionalna.com\/wp-content\/uploads\/2023\/12\/monika_pohorecka.jpg 336w, https:\/\/gazetaregionalna.com\/wp-content\/uploads\/2023\/12\/monika_pohorecka-219x300.jpg 219w, https:\/\/gazetaregionalna.com\/wp-content\/uploads\/2023\/12\/monika_pohorecka-306x420.jpg 306w\" data-sizes=\"(max-width: 336px) 100vw, 336px\" src=\"data:image\/svg+xml;base64,PHN2ZyB3aWR0aD0iMSIgaGVpZ2h0PSIxIiB4bWxucz0iaHR0cDovL3d3dy53My5vcmcvMjAwMC9zdmciPjwvc3ZnPg==\" style=\"--smush-placeholder-width: 336px; --smush-placeholder-aspect-ratio: 336\/461;\" \/><\/figure>\n<\/div><\/div>\n\n\n\n<p><\/p>\n","protected":false},"excerpt":{"rendered":"<p>Zbli\u017caj\u0105 si\u0119 \u015bwi\u0119ta Bo\u017cego Narodzenia, czas wyj\u0105tkowy i magiczny, pe\u0142en ciep\u0142a i rado\u015bci. To czas tradycji, wzajemnej \u017cyczliwo\u015bci, dzielenia si\u0119 op\u0142atkiem i sk\u0142adania \u017cycze\u0144.<\/p>\n","protected":false},"author":5,"featured_media":119206,"comment_status":"closed","ping_status":"open","sticky":false,"template":"","format":"standard","meta":{"_monsterinsights_skip_tracking":false,"_monsterinsights_sitenote_active":false,"_monsterinsights_sitenote_note":"","_monsterinsights_sitenote_category":0,"_uf_show_specific_survey":0,"_uf_disable_surveys":false,"footnotes":""},"categories":[94],"tags":[],"class_list":["post-119180","post","type-post","status-publish","format-standard","has-post-thumbnail","hentry","category-polecane"],"_links":{"self":[{"href":"https:\/\/gazetaregionalna.com\/index.php?rest_route=\/wp\/v2\/posts\/119180","targetHints":{"allow":["GET"]}}],"collection":[{"href":"https:\/\/gazetaregionalna.com\/index.php?rest_route=\/wp\/v2\/posts"}],"about":[{"href":"https:\/\/gazetaregionalna.com\/index.php?rest_route=\/wp\/v2\/types\/post"}],"author":[{"embeddable":true,"href":"https:\/\/gazetaregionalna.com\/index.php?rest_route=\/wp\/v2\/users\/5"}],"replies":[{"embeddable":true,"href":"https:\/\/gazetaregionalna.com\/index.php?rest_route=%2Fwp%2Fv2%2Fcomments&post=119180"}],"version-history":[{"count":12,"href":"https:\/\/gazetaregionalna.com\/index.php?rest_route=\/wp\/v2\/posts\/119180\/revisions"}],"predecessor-version":[{"id":119383,"href":"https:\/\/gazetaregionalna.com\/index.php?rest_route=\/wp\/v2\/posts\/119180\/revisions\/119383"}],"wp:featuredmedia":[{"embeddable":true,"href":"https:\/\/gazetaregionalna.com\/index.php?rest_route=\/wp\/v2\/media\/119206"}],"wp:attachment":[{"href":"https:\/\/gazetaregionalna.com\/index.php?rest_route=%2Fwp%2Fv2%2Fmedia&parent=119180"}],"wp:term":[{"taxonomy":"category","embeddable":true,"href":"https:\/\/gazetaregionalna.com\/index.php?rest_route=%2Fwp%2Fv2%2Fcategories&post=119180"},{"taxonomy":"post_tag","embeddable":true,"href":"https:\/\/gazetaregionalna.com\/index.php?rest_route=%2Fwp%2Fv2%2Ftags&post=119180"}],"curies":[{"name":"wp","href":"https:\/\/api.w.org\/{rel}","templated":true}]}}