{"id":11875,"date":"2020-04-24T16:17:35","date_gmt":"2020-04-24T16:17:35","guid":{"rendered":"https:\/\/gazetaregionalna.com\/?p=11875"},"modified":"2020-04-24T16:17:38","modified_gmt":"2020-04-24T16:17:38","slug":"najwiekszy-wzrost-liczby-zgonow","status":"publish","type":"post","link":"https:\/\/gazetaregionalna.com\/?p=11875","title":{"rendered":"Najwi\u0119kszy wzrost liczby zgon\u00f3w"},"content":{"rendered":"\n<p> Ministerstwo Zdrowia wyda\u0142o drugi dzisiaj komunikat na temat sytuacji epidemicznej w kraju. Poinformowano od 133 nowych przypadkach zaka\u017cenia i a\u017c o 31 zgonach. Dzisiaj zmar\u0142o wi\u0119c w sumie a\u017c 40 os\u00f3b<\/p>\n\n\n\n<p><br> Nowe, potwierdzone przypadki zaka\u017cenia koronawirusem s\u0105 z wojew\u00f3dztw: mazowieckiego (40), \u0142\u00f3dzkiego (32), dolno\u015bl\u0105skiego (14), ma\u0142opolskiego (12), podkarpackiego (9), \u015bl\u0105skiego (8), pomorskiego (5), opolskiego (4), podlaskiego (2), zachodniopomorskiego (2) wielkopolskiego (2), \u015bwi\u0119tokrzyskiego (1), kujawsko pomorskiego (1) i warmi\u0144sko-mazurskiego (1).<\/p>\n\n\n\n<p><br> W\u015br\u00f3d nowych chorych w wojew\u00f3dztwie \u015bl\u0105skim s\u0105: mieszkanka Myszkowa w sile wieku oraz starszy m\u0119\u017cczyzna z powiatu cz\u0119stochowskiego<\/p>\n","protected":false},"excerpt":{"rendered":"<p>Ministerstwo Zdrowia wyda\u0142o drugi dzisiaj komunikat na temat sytuacji epidemicznej w kraju. Poinformowano od 133 nowych przypadkach zaka\u017cenia i a\u017c o 31 zgonach. Dzisiaj<\/p>\n","protected":false},"author":7,"featured_media":0,"comment_status":"open","ping_status":"open","sticky":false,"template":"","format":"standard","meta":{"_monsterinsights_skip_tracking":false,"_monsterinsights_sitenote_active":false,"_monsterinsights_sitenote_note":"","_monsterinsights_sitenote_category":0,"_uf_show_specific_survey":0,"_uf_disable_surveys":false,"footnotes":""},"categories":[94,2],"tags":[],"class_list":["post-11875","post","type-post","status-publish","format-standard","hentry","category-polecane","category-wiadomosci"],"_links":{"self":[{"href":"https:\/\/gazetaregionalna.com\/index.php?rest_route=\/wp\/v2\/posts\/11875","targetHints":{"allow":["GET"]}}],"collection":[{"href":"https:\/\/gazetaregionalna.com\/index.php?rest_route=\/wp\/v2\/posts"}],"about":[{"href":"https:\/\/gazetaregionalna.com\/index.php?rest_route=\/wp\/v2\/types\/post"}],"author":[{"embeddable":true,"href":"https:\/\/gazetaregionalna.com\/index.php?rest_route=\/wp\/v2\/users\/7"}],"replies":[{"embeddable":true,"href":"https:\/\/gazetaregionalna.com\/index.php?rest_route=%2Fwp%2Fv2%2Fcomments&post=11875"}],"version-history":[{"count":1,"href":"https:\/\/gazetaregionalna.com\/index.php?rest_route=\/wp\/v2\/posts\/11875\/revisions"}],"predecessor-version":[{"id":11876,"href":"https:\/\/gazetaregionalna.com\/index.php?rest_route=\/wp\/v2\/posts\/11875\/revisions\/11876"}],"wp:attachment":[{"href":"https:\/\/gazetaregionalna.com\/index.php?rest_route=%2Fwp%2Fv2%2Fmedia&parent=11875"}],"wp:term":[{"taxonomy":"category","embeddable":true,"href":"https:\/\/gazetaregionalna.com\/index.php?rest_route=%2Fwp%2Fv2%2Fcategories&post=11875"},{"taxonomy":"post_tag","embeddable":true,"href":"https:\/\/gazetaregionalna.com\/index.php?rest_route=%2Fwp%2Fv2%2Ftags&post=11875"}],"curies":[{"name":"wp","href":"https:\/\/api.w.org\/{rel}","templated":true}]}}