{"id":118741,"date":"2023-12-16T10:47:26","date_gmt":"2023-12-16T10:47:26","guid":{"rendered":"https:\/\/gazetaregionalna.com\/?p=118741"},"modified":"2023-12-16T10:47:27","modified_gmt":"2023-12-16T10:47:27","slug":"czestochowska-mlodziez-z-tauron-norwid-i-eco-team-azs-stoelzle-walczy-w-rozgrywkach-1-ligi-slaskiej","status":"publish","type":"post","link":"https:\/\/gazetaregionalna.com\/?p=118741","title":{"rendered":"Cz\u0119stochowska m\u0142odzie\u017c z Tauron Norwid i Eco-Team AZS Stoelzle walczy w rozgrywkach 1 ligi \u015bl\u0105skiej"},"content":{"rendered":"\n<p>Trwaj\u0105 rozgrywki w 1 lidze \u015bl\u0105skiej, w kt\u00f3rej wyst\u0119puj\u0105 dwa cz\u0119stochowskiej zespo\u0142y: Tauron Norwid Cz\u0119stochowa i Eco-Team AZS Stoelzle II Cz\u0119stochowa.<\/p>\n\n\n\n<p>W pi\u0105tkowy wiecz\u00f3r siatkarze Tauron Norwid Cz\u0119stochowa pokonali 3:0 KS Racib\u00f3rz. Podopieczni trenera Rados\u0142awa Panasa po 13 rozegranych spotkaniach maj\u0105 25 punkt\u00f3w i zajmuj\u0105 5. miejsce w tabeli.<\/p>\n\n\n\n<p>Dru\u017cyna Tauron Norwid to m\u0142odzie\u017c klubu, kt\u00f3ra ogrywa si\u0119 w\u015br\u00f3d bardziej do\u015bwiadczonych zawodnik\u00f3w, by p\u00f3\u017aniej walczy\u0107 o medale w mistrzostwach wojew\u00f3dztwa \u015bl\u0105skiego, a p\u00f3\u017aniej w mistrzostwach Polski.<\/p>\n\n\n\n<p>Dru\u017cyna prowadzona jest przed do\u015bwiadczonego szkoleniowca Rados\u0142awa Panasa, kt\u00f3ry w przesz\u0142o\u015bci by\u0142 zawodnikiem AZS Cz\u0119stochowa, a jako trener prowadzi\u0142 kluby w Plus Lidze i europejskich pucharach.<\/p>\n\n\n\n<p>M\u0142odzi siatkarze mog\u0105 liczy\u0107 te\u017c na profesjonaln\u0105 opiek\u0119 fizjoterapeutyczn\u0105, kt\u00f3r\u0105 zapewnia \u201ePrzemys\u0142aw Miodek fizjoterapia\u201d (<a href=\"https:\/\/fizjoterapia-miodek.pl\/\" target=\"_blank\" rel=\"noopener\">https:\/\/fizjoterapia-miodek.pl\/<\/a>).<\/p>\n\n\n\n<p>W sobot\u0119, 16 grudnia o godz. 16 sw\u00f3j mecz w 1 lidze \u015bl\u0105skiej rozegraj\u0105 siatkarze Eco-Team AZS Stoelzle II Cz\u0119stochowa. Podejmowa\u0107 b\u0119d\u0105 Garbarni\u0119 Szczakowa UKS Jedynka Jaworzno.<\/p>\n\n\n\n<p>Eco-Team AZS II po 12 rozegranych spotkaniach ma na koncie 21 punkt\u00f3w. Dzisiaj ma szans\u0119 na popraw\u0119 swojego dorobku punktowego. Dru\u017cyna Eco-Team te\u017c z\u0142o\u017cona jest z uzdolnionej m\u0142odzie\u017cy klubu, kt\u00f3ra zbiera do\u015bwiadczenie przed fina\u0142ami mistrzostw wojew\u00f3dztwa \u015bl\u0105skiego. Zdobyte medale w wojew\u00f3dztwie daj\u0105 prawo gry w mistrzostwach Polski.<\/p>\n\n\n\n<p>AK, fot. archiwum Przemys\u0142awa Miodka<\/p>\n\n\n\n<figure class=\"wp-block-image size-large\"><img decoding=\"async\" width=\"762\" height=\"454\" data-src=\"https:\/\/gazetaregionalna.com\/wp-content\/uploads\/2023\/12\/Miodek.Fizjoterapia.jpg\" alt=\"\" class=\"wp-image-118742 lazyload\" data-srcset=\"https:\/\/gazetaregionalna.com\/wp-content\/uploads\/2023\/12\/Miodek.Fizjoterapia.jpg 762w, https:\/\/gazetaregionalna.com\/wp-content\/uploads\/2023\/12\/Miodek.Fizjoterapia-300x179.jpg 300w, https:\/\/gazetaregionalna.com\/wp-content\/uploads\/2023\/12\/Miodek.Fizjoterapia-696x415.jpg 696w, https:\/\/gazetaregionalna.com\/wp-content\/uploads\/2023\/12\/Miodek.Fizjoterapia-705x420.jpg 705w\" data-sizes=\"(max-width: 762px) 100vw, 762px\" src=\"data:image\/svg+xml;base64,PHN2ZyB3aWR0aD0iMSIgaGVpZ2h0PSIxIiB4bWxucz0iaHR0cDovL3d3dy53My5vcmcvMjAwMC9zdmciPjwvc3ZnPg==\" style=\"--smush-placeholder-width: 762px; --smush-placeholder-aspect-ratio: 762\/454;\" \/><\/figure>\n\n\n\n<figure class=\"wp-block-image size-large\"><img decoding=\"async\" width=\"1024\" height=\"1024\" data-src=\"https:\/\/gazetaregionalna.com\/wp-content\/uploads\/2023\/11\/NowaDeweloper-Rakow-1024x1024.jpg\" alt=\"\" class=\"wp-image-117809 lazyload\" data-srcset=\"https:\/\/gazetaregionalna.com\/wp-content\/uploads\/2023\/11\/NowaDeweloper-Rakow-1024x1024.jpg 1024w, https:\/\/gazetaregionalna.com\/wp-content\/uploads\/2023\/11\/NowaDeweloper-Rakow-300x300.jpg 300w, https:\/\/gazetaregionalna.com\/wp-content\/uploads\/2023\/11\/NowaDeweloper-Rakow-150x150.jpg 150w, https:\/\/gazetaregionalna.com\/wp-content\/uploads\/2023\/11\/NowaDeweloper-Rakow-768x768.jpg 768w, https:\/\/gazetaregionalna.com\/wp-content\/uploads\/2023\/11\/NowaDeweloper-Rakow-696x696.jpg 696w, https:\/\/gazetaregionalna.com\/wp-content\/uploads\/2023\/11\/NowaDeweloper-Rakow-1068x1068.jpg 1068w, https:\/\/gazetaregionalna.com\/wp-content\/uploads\/2023\/11\/NowaDeweloper-Rakow-420x420.jpg 420w, https:\/\/gazetaregionalna.com\/wp-content\/uploads\/2023\/11\/NowaDeweloper-Rakow.jpg 1080w\" data-sizes=\"(max-width: 1024px) 100vw, 1024px\" src=\"data:image\/svg+xml;base64,PHN2ZyB3aWR0aD0iMSIgaGVpZ2h0PSIxIiB4bWxucz0iaHR0cDovL3d3dy53My5vcmcvMjAwMC9zdmciPjwvc3ZnPg==\" style=\"--smush-placeholder-width: 1024px; --smush-placeholder-aspect-ratio: 1024\/1024;\" \/><\/figure>\n\n\n\n<figure class=\"wp-block-image size-large\"><img decoding=\"async\" width=\"300\" height=\"250\" data-src=\"https:\/\/gazetaregionalna.com\/wp-content\/uploads\/2022\/04\/DMK-5.jpg\" alt=\"\" class=\"wp-image-77213 lazyload\" src=\"data:image\/svg+xml;base64,PHN2ZyB3aWR0aD0iMSIgaGVpZ2h0PSIxIiB4bWxucz0iaHR0cDovL3d3dy53My5vcmcvMjAwMC9zdmciPjwvc3ZnPg==\" style=\"--smush-placeholder-width: 300px; --smush-placeholder-aspect-ratio: 300\/250;\"><\/figure>\n","protected":false},"excerpt":{"rendered":"<p>Trwaj\u0105 rozgrywki w 1 lidze \u015bl\u0105skiej, w kt\u00f3rej wyst\u0119puj\u0105 dwa cz\u0119stochowskiej zespo\u0142y: Tauron Norwid Cz\u0119stochowa i Eco-Team AZS Stoelzle II Cz\u0119stochowa. W pi\u0105tkowy wiecz\u00f3r<\/p>\n","protected":false},"author":15,"featured_media":118742,"comment_status":"closed","ping_status":"open","sticky":false,"template":"","format":"standard","meta":{"_monsterinsights_skip_tracking":false,"_monsterinsights_sitenote_active":false,"_monsterinsights_sitenote_note":"","_monsterinsights_sitenote_category":0,"_uf_show_specific_survey":0,"_uf_disable_surveys":false,"footnotes":""},"categories":[5,8],"tags":[],"class_list":["post-118741","post","type-post","status-publish","format-standard","has-post-thumbnail","hentry","category-sport","category-siatkowka"],"_links":{"self":[{"href":"https:\/\/gazetaregionalna.com\/index.php?rest_route=\/wp\/v2\/posts\/118741","targetHints":{"allow":["GET"]}}],"collection":[{"href":"https:\/\/gazetaregionalna.com\/index.php?rest_route=\/wp\/v2\/posts"}],"about":[{"href":"https:\/\/gazetaregionalna.com\/index.php?rest_route=\/wp\/v2\/types\/post"}],"author":[{"embeddable":true,"href":"https:\/\/gazetaregionalna.com\/index.php?rest_route=\/wp\/v2\/users\/15"}],"replies":[{"embeddable":true,"href":"https:\/\/gazetaregionalna.com\/index.php?rest_route=%2Fwp%2Fv2%2Fcomments&post=118741"}],"version-history":[{"count":1,"href":"https:\/\/gazetaregionalna.com\/index.php?rest_route=\/wp\/v2\/posts\/118741\/revisions"}],"predecessor-version":[{"id":118743,"href":"https:\/\/gazetaregionalna.com\/index.php?rest_route=\/wp\/v2\/posts\/118741\/revisions\/118743"}],"wp:featuredmedia":[{"embeddable":true,"href":"https:\/\/gazetaregionalna.com\/index.php?rest_route=\/wp\/v2\/media\/118742"}],"wp:attachment":[{"href":"https:\/\/gazetaregionalna.com\/index.php?rest_route=%2Fwp%2Fv2%2Fmedia&parent=118741"}],"wp:term":[{"taxonomy":"category","embeddable":true,"href":"https:\/\/gazetaregionalna.com\/index.php?rest_route=%2Fwp%2Fv2%2Fcategories&post=118741"},{"taxonomy":"post_tag","embeddable":true,"href":"https:\/\/gazetaregionalna.com\/index.php?rest_route=%2Fwp%2Fv2%2Ftags&post=118741"}],"curies":[{"name":"wp","href":"https:\/\/api.w.org\/{rel}","templated":true}]}}