{"id":118734,"date":"2023-12-16T10:19:15","date_gmt":"2023-12-16T10:19:15","guid":{"rendered":"https:\/\/gazetaregionalna.com\/?p=118734"},"modified":"2023-12-16T10:19:17","modified_gmt":"2023-12-16T10:19:17","slug":"bialo-zielona-rodzina-z-wlokniarza-czestochowa-pomogla-schronisku-dla-bezdomnych-zwierzat-byla-tez-akcja-wieczny-rakow-dla-zwierzakow","status":"publish","type":"post","link":"https:\/\/gazetaregionalna.com\/?p=118734","title":{"rendered":"Bia\u0142o-Zielona Rodzina z W\u0142\u00f3kniarza Cz\u0119stochowa pomog\u0142a schronisku dla bezdomnych zwierz\u0105t. By\u0142a te\u017c akcja &#8222;Wieczny Rak\u00f3w dla zwierzak\u00f3w&#8230;&#8221;"},"content":{"rendered":"\n<p>\u017bu\u017clowcy i dzia\u0142acze W\u0142\u00f3kniarz Cz\u0119stochowa najpierw zebrali karm\u0119, a p\u00f3\u017aniej odwiedzili cz\u0119stochowskie schronisko dla bezdomnych zwierz\u0105t i obdarowali zwierz\u0119ta \u015bwi\u0105tecznymi prezentami.<\/p>\n\n\n\n<p>Akcja #Bia\u0142oZielonaRodzina pomaga, zako\u0144czy\u0142a si\u0119 wielkim powodzeniem! W miniony pi\u0105tek (15 grudnia) zawodnicy W\u0142\u00f3kniarza Cz\u0119stochowa: Mikkel Michelsen, Kacper Halkiewicz, Kajetan Kupiec oraz Bartosz \u015amigielski odwiedzili cz\u0119stochowskie schronisko dla bezdomnych zwierz\u0105t w celu obdarowania jego podopiecznych \u015bwi\u0105tecznymi prezentami. W wi\u0119kszo\u015bci by\u0142a to oczywi\u015bcie karma. Organizatorzy za uzbieranie serdecznie dzi\u0119kuj\u0105 wszystkim zaanga\u017cowanym w akcj\u0119 Kibicom W\u0142\u00f3kniarza Cz\u0119stochowa, a tak\u017ce firmie Mocny Nocny oraz Pupil Karma.<\/p>\n\n\n\n<p>Pieskom i kotkom w 2023 roku pomagali te\u017c ostatnio kibice Rakowa ze Stowarzyszenia Wieczny Rak\u00f3w, kt\u00f3rzy zorganizowali akcje \u201eWieczny Rak\u00f3w dla zwierzak\u00f3w\u201d. Kibice Rakowa zebrali prawie ton\u0119 karmy, kt\u00f3ra trafi\u0142a do bezpa\u0144skich zwierz\u0105&#8230;<\/p>\n\n\n\n<p>AK, fot: Grzegorz Misiak (W\u0142\u00f3kniarz Cz\u0119stochowa)<\/p>\n\n\n\n<figure class=\"wp-block-image size-large\"><img decoding=\"async\" width=\"1024\" height=\"683\" data-src=\"https:\/\/gazetaregionalna.com\/wp-content\/uploads\/2023\/12\/foto-grzegorz-misiak-3_1702714903_4903-1024x683.jpeg\" alt=\"\" class=\"wp-image-118735 lazyload\" data-srcset=\"https:\/\/gazetaregionalna.com\/wp-content\/uploads\/2023\/12\/foto-grzegorz-misiak-3_1702714903_4903-1024x683.jpeg 1024w, https:\/\/gazetaregionalna.com\/wp-content\/uploads\/2023\/12\/foto-grzegorz-misiak-3_1702714903_4903-300x200.jpeg 300w, https:\/\/gazetaregionalna.com\/wp-content\/uploads\/2023\/12\/foto-grzegorz-misiak-3_1702714903_4903-768x512.jpeg 768w, https:\/\/gazetaregionalna.com\/wp-content\/uploads\/2023\/12\/foto-grzegorz-misiak-3_1702714903_4903-1536x1024.jpeg 1536w, https:\/\/gazetaregionalna.com\/wp-content\/uploads\/2023\/12\/foto-grzegorz-misiak-3_1702714903_4903-2048x1365.jpeg 2048w, https:\/\/gazetaregionalna.com\/wp-content\/uploads\/2023\/12\/foto-grzegorz-misiak-3_1702714903_4903-696x464.jpeg 696w, https:\/\/gazetaregionalna.com\/wp-content\/uploads\/2023\/12\/foto-grzegorz-misiak-3_1702714903_4903-1068x712.jpeg 1068w, https:\/\/gazetaregionalna.com\/wp-content\/uploads\/2023\/12\/foto-grzegorz-misiak-3_1702714903_4903-1920x1280.jpeg 1920w, https:\/\/gazetaregionalna.com\/wp-content\/uploads\/2023\/12\/foto-grzegorz-misiak-3_1702714903_4903-630x420.jpeg 630w, https:\/\/gazetaregionalna.com\/wp-content\/uploads\/2023\/12\/foto-grzegorz-misiak-3_1702714903_4903-scaled.jpeg 1600w\" data-sizes=\"(max-width: 1024px) 100vw, 1024px\" src=\"data:image\/svg+xml;base64,PHN2ZyB3aWR0aD0iMSIgaGVpZ2h0PSIxIiB4bWxucz0iaHR0cDovL3d3dy53My5vcmcvMjAwMC9zdmciPjwvc3ZnPg==\" style=\"--smush-placeholder-width: 1024px; --smush-placeholder-aspect-ratio: 1024\/683;\" \/><\/figure>\n\n\n\n<figure class=\"wp-block-image size-large\"><img decoding=\"async\" width=\"1024\" height=\"1024\" data-src=\"https:\/\/gazetaregionalna.com\/wp-content\/uploads\/2023\/11\/NowaDeweloper-Rakow-1024x1024.jpg\" alt=\"\" class=\"wp-image-117809 lazyload\" data-srcset=\"https:\/\/gazetaregionalna.com\/wp-content\/uploads\/2023\/11\/NowaDeweloper-Rakow-1024x1024.jpg 1024w, https:\/\/gazetaregionalna.com\/wp-content\/uploads\/2023\/11\/NowaDeweloper-Rakow-300x300.jpg 300w, https:\/\/gazetaregionalna.com\/wp-content\/uploads\/2023\/11\/NowaDeweloper-Rakow-150x150.jpg 150w, https:\/\/gazetaregionalna.com\/wp-content\/uploads\/2023\/11\/NowaDeweloper-Rakow-768x768.jpg 768w, https:\/\/gazetaregionalna.com\/wp-content\/uploads\/2023\/11\/NowaDeweloper-Rakow-696x696.jpg 696w, https:\/\/gazetaregionalna.com\/wp-content\/uploads\/2023\/11\/NowaDeweloper-Rakow-1068x1068.jpg 1068w, https:\/\/gazetaregionalna.com\/wp-content\/uploads\/2023\/11\/NowaDeweloper-Rakow-420x420.jpg 420w, https:\/\/gazetaregionalna.com\/wp-content\/uploads\/2023\/11\/NowaDeweloper-Rakow.jpg 1080w\" data-sizes=\"(max-width: 1024px) 100vw, 1024px\" src=\"data:image\/svg+xml;base64,PHN2ZyB3aWR0aD0iMSIgaGVpZ2h0PSIxIiB4bWxucz0iaHR0cDovL3d3dy53My5vcmcvMjAwMC9zdmciPjwvc3ZnPg==\" style=\"--smush-placeholder-width: 1024px; --smush-placeholder-aspect-ratio: 1024\/1024;\" \/><\/figure>\n\n\n\n<figure class=\"wp-block-image size-large\"><img decoding=\"async\" width=\"1024\" height=\"683\" data-src=\"https:\/\/gazetaregionalna.com\/wp-content\/uploads\/2023\/12\/foto-grzegorz-misiak-5_1702714871_4871-1024x683.jpeg\" alt=\"\" class=\"wp-image-118736 lazyload\" data-srcset=\"https:\/\/gazetaregionalna.com\/wp-content\/uploads\/2023\/12\/foto-grzegorz-misiak-5_1702714871_4871-1024x683.jpeg 1024w, https:\/\/gazetaregionalna.com\/wp-content\/uploads\/2023\/12\/foto-grzegorz-misiak-5_1702714871_4871-300x200.jpeg 300w, https:\/\/gazetaregionalna.com\/wp-content\/uploads\/2023\/12\/foto-grzegorz-misiak-5_1702714871_4871-768x512.jpeg 768w, https:\/\/gazetaregionalna.com\/wp-content\/uploads\/2023\/12\/foto-grzegorz-misiak-5_1702714871_4871-1536x1024.jpeg 1536w, https:\/\/gazetaregionalna.com\/wp-content\/uploads\/2023\/12\/foto-grzegorz-misiak-5_1702714871_4871-2048x1365.jpeg 2048w, https:\/\/gazetaregionalna.com\/wp-content\/uploads\/2023\/12\/foto-grzegorz-misiak-5_1702714871_4871-696x464.jpeg 696w, https:\/\/gazetaregionalna.com\/wp-content\/uploads\/2023\/12\/foto-grzegorz-misiak-5_1702714871_4871-1068x712.jpeg 1068w, https:\/\/gazetaregionalna.com\/wp-content\/uploads\/2023\/12\/foto-grzegorz-misiak-5_1702714871_4871-1920x1280.jpeg 1920w, https:\/\/gazetaregionalna.com\/wp-content\/uploads\/2023\/12\/foto-grzegorz-misiak-5_1702714871_4871-630x420.jpeg 630w, https:\/\/gazetaregionalna.com\/wp-content\/uploads\/2023\/12\/foto-grzegorz-misiak-5_1702714871_4871-scaled.jpeg 1600w\" data-sizes=\"(max-width: 1024px) 100vw, 1024px\" src=\"data:image\/svg+xml;base64,PHN2ZyB3aWR0aD0iMSIgaGVpZ2h0PSIxIiB4bWxucz0iaHR0cDovL3d3dy53My5vcmcvMjAwMC9zdmciPjwvc3ZnPg==\" style=\"--smush-placeholder-width: 1024px; --smush-placeholder-aspect-ratio: 1024\/683;\" \/><\/figure>\n\n\n\n<figure class=\"wp-block-image size-large\"><img decoding=\"async\" width=\"300\" height=\"250\" data-src=\"https:\/\/gazetaregionalna.com\/wp-content\/uploads\/2022\/10\/DMK11.jpg\" alt=\"\" class=\"wp-image-95727 lazyload\" src=\"data:image\/svg+xml;base64,PHN2ZyB3aWR0aD0iMSIgaGVpZ2h0PSIxIiB4bWxucz0iaHR0cDovL3d3dy53My5vcmcvMjAwMC9zdmciPjwvc3ZnPg==\" style=\"--smush-placeholder-width: 300px; --smush-placeholder-aspect-ratio: 300\/250;\"><\/figure>\n\n\n\n<figure class=\"wp-block-image size-large\"><img decoding=\"async\" width=\"1024\" height=\"745\" data-src=\"https:\/\/gazetaregionalna.com\/wp-content\/uploads\/2023\/12\/foto-grzegorz-misiak-7_1702714879_4879-1024x745.jpeg\" alt=\"\" class=\"wp-image-118737 lazyload\" data-srcset=\"https:\/\/gazetaregionalna.com\/wp-content\/uploads\/2023\/12\/foto-grzegorz-misiak-7_1702714879_4879-1024x745.jpeg 1024w, https:\/\/gazetaregionalna.com\/wp-content\/uploads\/2023\/12\/foto-grzegorz-misiak-7_1702714879_4879-300x218.jpeg 300w, https:\/\/gazetaregionalna.com\/wp-content\/uploads\/2023\/12\/foto-grzegorz-misiak-7_1702714879_4879-768x559.jpeg 768w, https:\/\/gazetaregionalna.com\/wp-content\/uploads\/2023\/12\/foto-grzegorz-misiak-7_1702714879_4879-1536x1117.jpeg 1536w, https:\/\/gazetaregionalna.com\/wp-content\/uploads\/2023\/12\/foto-grzegorz-misiak-7_1702714879_4879-2048x1489.jpeg 2048w, https:\/\/gazetaregionalna.com\/wp-content\/uploads\/2023\/12\/foto-grzegorz-misiak-7_1702714879_4879-696x506.jpeg 696w, https:\/\/gazetaregionalna.com\/wp-content\/uploads\/2023\/12\/foto-grzegorz-misiak-7_1702714879_4879-1068x777.jpeg 1068w, https:\/\/gazetaregionalna.com\/wp-content\/uploads\/2023\/12\/foto-grzegorz-misiak-7_1702714879_4879-1920x1396.jpeg 1920w, https:\/\/gazetaregionalna.com\/wp-content\/uploads\/2023\/12\/foto-grzegorz-misiak-7_1702714879_4879-578x420.jpeg 578w, https:\/\/gazetaregionalna.com\/wp-content\/uploads\/2023\/12\/foto-grzegorz-misiak-7_1702714879_4879-324x235.jpeg 324w, https:\/\/gazetaregionalna.com\/wp-content\/uploads\/2023\/12\/foto-grzegorz-misiak-7_1702714879_4879-scaled.jpeg 1600w\" data-sizes=\"(max-width: 1024px) 100vw, 1024px\" src=\"data:image\/svg+xml;base64,PHN2ZyB3aWR0aD0iMSIgaGVpZ2h0PSIxIiB4bWxucz0iaHR0cDovL3d3dy53My5vcmcvMjAwMC9zdmciPjwvc3ZnPg==\" style=\"--smush-placeholder-width: 1024px; --smush-placeholder-aspect-ratio: 1024\/745;\" \/><\/figure>\n\n\n\n<figure class=\"wp-block-image size-large\"><img decoding=\"async\" width=\"1024\" height=\"683\" data-src=\"https:\/\/gazetaregionalna.com\/wp-content\/uploads\/2023\/12\/foto-grzegorz-misiak-4_1702714907_4907-1024x683.jpeg\" alt=\"\" class=\"wp-image-118738 lazyload\" data-srcset=\"https:\/\/gazetaregionalna.com\/wp-content\/uploads\/2023\/12\/foto-grzegorz-misiak-4_1702714907_4907-1024x683.jpeg 1024w, https:\/\/gazetaregionalna.com\/wp-content\/uploads\/2023\/12\/foto-grzegorz-misiak-4_1702714907_4907-300x200.jpeg 300w, https:\/\/gazetaregionalna.com\/wp-content\/uploads\/2023\/12\/foto-grzegorz-misiak-4_1702714907_4907-768x512.jpeg 768w, https:\/\/gazetaregionalna.com\/wp-content\/uploads\/2023\/12\/foto-grzegorz-misiak-4_1702714907_4907-1536x1024.jpeg 1536w, https:\/\/gazetaregionalna.com\/wp-content\/uploads\/2023\/12\/foto-grzegorz-misiak-4_1702714907_4907-2048x1365.jpeg 2048w, https:\/\/gazetaregionalna.com\/wp-content\/uploads\/2023\/12\/foto-grzegorz-misiak-4_1702714907_4907-696x464.jpeg 696w, https:\/\/gazetaregionalna.com\/wp-content\/uploads\/2023\/12\/foto-grzegorz-misiak-4_1702714907_4907-1068x712.jpeg 1068w, https:\/\/gazetaregionalna.com\/wp-content\/uploads\/2023\/12\/foto-grzegorz-misiak-4_1702714907_4907-1920x1280.jpeg 1920w, https:\/\/gazetaregionalna.com\/wp-content\/uploads\/2023\/12\/foto-grzegorz-misiak-4_1702714907_4907-630x420.jpeg 630w, https:\/\/gazetaregionalna.com\/wp-content\/uploads\/2023\/12\/foto-grzegorz-misiak-4_1702714907_4907-scaled.jpeg 1600w\" data-sizes=\"(max-width: 1024px) 100vw, 1024px\" src=\"data:image\/svg+xml;base64,PHN2ZyB3aWR0aD0iMSIgaGVpZ2h0PSIxIiB4bWxucz0iaHR0cDovL3d3dy53My5vcmcvMjAwMC9zdmciPjwvc3ZnPg==\" style=\"--smush-placeholder-width: 1024px; --smush-placeholder-aspect-ratio: 1024\/683;\" \/><\/figure>\n","protected":false},"excerpt":{"rendered":"<p>\u017bu\u017clowcy i dzia\u0142acze W\u0142\u00f3kniarz Cz\u0119stochowa najpierw zebrali karm\u0119, a p\u00f3\u017aniej odwiedzili cz\u0119stochowskie schronisko dla bezdomnych zwierz\u0105t i obdarowali zwierz\u0119ta \u015bwi\u0105tecznymi prezentami. Akcja #Bia\u0142oZielonaRodzina pomaga,<\/p>\n","protected":false},"author":15,"featured_media":118735,"comment_status":"closed","ping_status":"open","sticky":false,"template":"","format":"standard","meta":{"_monsterinsights_skip_tracking":false,"_monsterinsights_sitenote_active":false,"_monsterinsights_sitenote_note":"","_monsterinsights_sitenote_category":0,"_uf_show_specific_survey":0,"_uf_disable_surveys":false,"footnotes":""},"categories":[5,6,7],"tags":[],"class_list":["post-118734","post","type-post","status-publish","format-standard","has-post-thumbnail","hentry","category-sport","category-pilka-nozna","category-zuzel"],"_links":{"self":[{"href":"https:\/\/gazetaregionalna.com\/index.php?rest_route=\/wp\/v2\/posts\/118734","targetHints":{"allow":["GET"]}}],"collection":[{"href":"https:\/\/gazetaregionalna.com\/index.php?rest_route=\/wp\/v2\/posts"}],"about":[{"href":"https:\/\/gazetaregionalna.com\/index.php?rest_route=\/wp\/v2\/types\/post"}],"author":[{"embeddable":true,"href":"https:\/\/gazetaregionalna.com\/index.php?rest_route=\/wp\/v2\/users\/15"}],"replies":[{"embeddable":true,"href":"https:\/\/gazetaregionalna.com\/index.php?rest_route=%2Fwp%2Fv2%2Fcomments&post=118734"}],"version-history":[{"count":1,"href":"https:\/\/gazetaregionalna.com\/index.php?rest_route=\/wp\/v2\/posts\/118734\/revisions"}],"predecessor-version":[{"id":118739,"href":"https:\/\/gazetaregionalna.com\/index.php?rest_route=\/wp\/v2\/posts\/118734\/revisions\/118739"}],"wp:featuredmedia":[{"embeddable":true,"href":"https:\/\/gazetaregionalna.com\/index.php?rest_route=\/wp\/v2\/media\/118735"}],"wp:attachment":[{"href":"https:\/\/gazetaregionalna.com\/index.php?rest_route=%2Fwp%2Fv2%2Fmedia&parent=118734"}],"wp:term":[{"taxonomy":"category","embeddable":true,"href":"https:\/\/gazetaregionalna.com\/index.php?rest_route=%2Fwp%2Fv2%2Fcategories&post=118734"},{"taxonomy":"post_tag","embeddable":true,"href":"https:\/\/gazetaregionalna.com\/index.php?rest_route=%2Fwp%2Fv2%2Ftags&post=118734"}],"curies":[{"name":"wp","href":"https:\/\/api.w.org\/{rel}","templated":true}]}}