{"id":11865,"date":"2020-04-24T11:34:59","date_gmt":"2020-04-24T11:34:59","guid":{"rendered":"https:\/\/gazetaregionalna.com\/?p=11865"},"modified":"2020-04-24T11:35:02","modified_gmt":"2020-04-24T11:35:02","slug":"strazacy-dziekuja-uczelni-za-pomoc","status":"publish","type":"post","link":"https:\/\/gazetaregionalna.com\/?p=11865","title":{"rendered":"Stra\u017cacy dzi\u0119kuj\u0105 uczelni za pomoc"},"content":{"rendered":"\n<p>Politechnika Cz\u0119stochowska, jak wiele o\u015brodk\u00f3w naukowych w kraju, przy\u0142\u0105czy\u0142a si\u0119 do walki z koronawirusem. Na uczelni na drukarkach 3D powstaj\u0105 przy\u0142bice ochronne zapobiegaj\u0105ce zaka\u017ceniu COVID-19.<\/p>\n\n\n\n<figure class=\"wp-block-image size-large\"><img decoding=\"async\" width=\"559\" height=\"745\" data-src=\"https:\/\/gazetaregionalna.com\/wp-content\/uploads\/2020\/04\/p1-2.jpg\" alt=\"\" class=\"wp-image-11867 lazyload\" data-srcset=\"https:\/\/gazetaregionalna.com\/wp-content\/uploads\/2020\/04\/p1-2.jpg 559w, https:\/\/gazetaregionalna.com\/wp-content\/uploads\/2020\/04\/p1-2-225x300.jpg 225w, https:\/\/gazetaregionalna.com\/wp-content\/uploads\/2020\/04\/p1-2-315x420.jpg 315w\" data-sizes=\"(max-width: 559px) 100vw, 559px\" src=\"data:image\/svg+xml;base64,PHN2ZyB3aWR0aD0iMSIgaGVpZ2h0PSIxIiB4bWxucz0iaHR0cDovL3d3dy53My5vcmcvMjAwMC9zdmciPjwvc3ZnPg==\" style=\"--smush-placeholder-width: 559px; --smush-placeholder-aspect-ratio: 559\/745;\" \/><\/figure>\n\n\n\n<p><br> Cz\u0119stochowska uczelnia przygotowa\u0142a wcze\u015bniej takie \u015brodki ochrony osobistej dla s\u0142u\u017cby zdrowia, teraz postanowi\u0142a pom\u00f3c Centralnej Szkole Pa\u0144stwowej Stra\u017cy Po\u017carnej w Cz\u0119stochowie.<br> Dziekan Wydzia\u0142u Zarz\u0105dzania prof. dr hab. Dorota Jelonek w imieniu Politechniki Cz\u0119stochowskiej przekaza\u0142a wydrukowane na uczelnianych drukarkach 3D przy\u0142bice pracownikom Centralnej Szkole Pa\u0144stwowej Stra\u017cy Po\u017carnej w Cz\u0119stochowie.<\/p>\n\n\n\n<p> Prezent od Politechniki Cz\u0119stochowskiej odebra\u0142 m\u0142. bryg. mgr Damian Hajdas &#8211; Zast\u0119pca Komendanta Centralnej Szko\u0142y PSP.<br> W dow\u00f3d wdzi\u0119czno\u015bci, szko\u0142a po\u017carnicza opublikowa\u0142a na swojej stronie internetowej specjalne podzi\u0119kowania dla uczelni.<\/p>\n\n\n\n<p><br> <em>&#8222;Politechnika Cz\u0119stochowska wysz\u0142a z inicjatyw\u0105 pomocy m.in. dla naszej jednostki i zaprojektowa\u0142a przy\u0142bice ochronne<\/em> \u2014 czytamy w podzi\u0119kowaniu. &#8211; <em>To os\u0142aniaj\u0105ce twarz szyby z tworzywa sztucznego, kt\u00f3re b\u0119dzie mo\u017cna stosowa\u0107 jako dodatkow\u0105 ochron\u0119 przed zaka\u017ceniem wirusem SARS-CoV-2 . Pracownicy Politechniki Cz\u0119stochowskiej wraz ze studentami uruchamiaj\u0105c posiadane drukarki 3D, stworzyli przy\u0142bice ochronne, kt\u00f3re stanowi\u0107 b\u0119d\u0105 nieocenion\u0105 pomoc, zwi\u0119kszaj\u0105c\u0105 bezpiecze\u0144stwo pracy i s\u0142u\u017cby w trudnym czasie epidemii koronawirusa&#8221;.<\/em><\/p>\n\n\n\n<p>(Fot. PCz)<\/p>\n","protected":false},"excerpt":{"rendered":"<p>Politechnika Cz\u0119stochowska, jak wiele o\u015brodk\u00f3w naukowych w kraju, przy\u0142\u0105czy\u0142a si\u0119 do walki z koronawirusem. Na uczelni na drukarkach 3D powstaj\u0105 przy\u0142bice ochronne zapobiegaj\u0105ce zaka\u017ceniu<\/p>\n","protected":false},"author":7,"featured_media":11868,"comment_status":"open","ping_status":"open","sticky":false,"template":"","format":"standard","meta":{"_monsterinsights_skip_tracking":false,"_monsterinsights_sitenote_active":false,"_monsterinsights_sitenote_note":"","_monsterinsights_sitenote_category":0,"_uf_show_specific_survey":0,"_uf_disable_surveys":false,"footnotes":""},"categories":[41,3,94,2],"tags":[],"class_list":["post-11865","post","type-post","status-publish","format-standard","has-post-thumbnail","hentry","category-edukacja","category-czestochowa-informacje","category-polecane","category-wiadomosci"],"_links":{"self":[{"href":"https:\/\/gazetaregionalna.com\/index.php?rest_route=\/wp\/v2\/posts\/11865","targetHints":{"allow":["GET"]}}],"collection":[{"href":"https:\/\/gazetaregionalna.com\/index.php?rest_route=\/wp\/v2\/posts"}],"about":[{"href":"https:\/\/gazetaregionalna.com\/index.php?rest_route=\/wp\/v2\/types\/post"}],"author":[{"embeddable":true,"href":"https:\/\/gazetaregionalna.com\/index.php?rest_route=\/wp\/v2\/users\/7"}],"replies":[{"embeddable":true,"href":"https:\/\/gazetaregionalna.com\/index.php?rest_route=%2Fwp%2Fv2%2Fcomments&post=11865"}],"version-history":[{"count":2,"href":"https:\/\/gazetaregionalna.com\/index.php?rest_route=\/wp\/v2\/posts\/11865\/revisions"}],"predecessor-version":[{"id":11869,"href":"https:\/\/gazetaregionalna.com\/index.php?rest_route=\/wp\/v2\/posts\/11865\/revisions\/11869"}],"wp:featuredmedia":[{"embeddable":true,"href":"https:\/\/gazetaregionalna.com\/index.php?rest_route=\/wp\/v2\/media\/11868"}],"wp:attachment":[{"href":"https:\/\/gazetaregionalna.com\/index.php?rest_route=%2Fwp%2Fv2%2Fmedia&parent=11865"}],"wp:term":[{"taxonomy":"category","embeddable":true,"href":"https:\/\/gazetaregionalna.com\/index.php?rest_route=%2Fwp%2Fv2%2Fcategories&post=11865"},{"taxonomy":"post_tag","embeddable":true,"href":"https:\/\/gazetaregionalna.com\/index.php?rest_route=%2Fwp%2Fv2%2Ftags&post=11865"}],"curies":[{"name":"wp","href":"https:\/\/api.w.org\/{rel}","templated":true}]}}