{"id":118407,"date":"2023-12-05T17:01:23","date_gmt":"2023-12-05T17:01:23","guid":{"rendered":"https:\/\/gazetaregionalna.com\/?p=118407"},"modified":"2023-12-05T17:02:51","modified_gmt":"2023-12-05T17:02:51","slug":"rakow-wyjedzie-na-oboz-przygotowawczy-do-turcji-zagra-sparingi-m-in-z-zespolami-z-bulgarii-i-ukrainy","status":"publish","type":"post","link":"https:\/\/gazetaregionalna.com\/?p=118407","title":{"rendered":"Rak\u00f3w wyjedzie na ob\u00f3z przygotowawczy do Turcji. Zagra sparingi m.in. z zespo\u0142ami z Bu\u0142garii i Ukrainy"},"content":{"rendered":"\n<p>Kibice poznali plan przygotowa\u0144 Rakowa Cz\u0119stochowa do rundy wiosennej. Cz\u0119stochowianie pojad\u0105 ponownie do tureckiego Belek, gdzie rozegraj\u0105 3 mecze kontrolne&#8230;<\/p>\n\n\n\n<p>Ostatni mecz w 2023 roku Rak\u00f3w Cz\u0119stochowa rozegra 17 grudnia, gdzie na stadionie przy ul. Limanowskiego podejmowa\u0107 b\u0119dzie Koron\u0119 Kielce. Przed \u015bwi\u0119tami Bo\u017cego Narodzenia pi\u0142karze udadz\u0105 si\u0119 na urlopy. Na pierwszym treningu zjawi\u0105 si\u0119 12 stycznia 2024 roku. Pierwszy tydzie\u0144 b\u0119d\u0105 trenowa\u0107 i przechodzi\u0107 badania w Cz\u0119stochowie. 20 stycznia Rak\u00f3w rozpocznie zgrupowanie w tureckim Belek, kt\u00f3re potrwa do 3 lutego.<\/p>\n\n\n\n<p>Czerwono-niebiescy rozegraj\u0105 w Belek 3 mecze sparingowe. Po tygodniu trening\u00f3w 27 stycznia Rak\u00f3w zmierzy si\u0119 z mistrzem Bu\u0142garii \u0141udogorec Razgrad. 2 lutego Rak\u00f3w zmierzy si\u0119 z ukrai\u0144ski SK Dnipro-1. Obecnie sztab szkoleniowy Rakowa ustala rywala, z kt\u00f3rym mistrzowie Polski zagraj\u0105 1 lutego.<\/p>\n\n\n\n<p>Pocz\u0105tek rundy wiosennej planowany jest na 10 lutego.<\/p>\n\n\n\n<p>MR-K, fot: AK<\/p>\n\n\n\n<p>Partnerami relacji s\u0105:<\/p>\n\n\n\n<figure class=\"wp-block-image size-large\"><img decoding=\"async\" width=\"1024\" height=\"683\" data-src=\"https:\/\/gazetaregionalna.com\/wp-content\/uploads\/2023\/12\/Graz-Rakow-35-1024x683.jpg\" alt=\"\" class=\"wp-image-118180 lazyload\" data-srcset=\"https:\/\/gazetaregionalna.com\/wp-content\/uploads\/2023\/12\/Graz-Rakow-35-1024x683.jpg 1024w, https:\/\/gazetaregionalna.com\/wp-content\/uploads\/2023\/12\/Graz-Rakow-35-300x200.jpg 300w, https:\/\/gazetaregionalna.com\/wp-content\/uploads\/2023\/12\/Graz-Rakow-35-768x512.jpg 768w, https:\/\/gazetaregionalna.com\/wp-content\/uploads\/2023\/12\/Graz-Rakow-35-1536x1024.jpg 1536w, https:\/\/gazetaregionalna.com\/wp-content\/uploads\/2023\/12\/Graz-Rakow-35-2048x1365.jpg 2048w, https:\/\/gazetaregionalna.com\/wp-content\/uploads\/2023\/12\/Graz-Rakow-35-696x464.jpg 696w, https:\/\/gazetaregionalna.com\/wp-content\/uploads\/2023\/12\/Graz-Rakow-35-1068x712.jpg 1068w, https:\/\/gazetaregionalna.com\/wp-content\/uploads\/2023\/12\/Graz-Rakow-35-1920x1280.jpg 1920w, https:\/\/gazetaregionalna.com\/wp-content\/uploads\/2023\/12\/Graz-Rakow-35-630x420.jpg 630w, https:\/\/gazetaregionalna.com\/wp-content\/uploads\/2023\/12\/Graz-Rakow-35-scaled.jpg 1600w\" data-sizes=\"(max-width: 1024px) 100vw, 1024px\" src=\"data:image\/svg+xml;base64,PHN2ZyB3aWR0aD0iMSIgaGVpZ2h0PSIxIiB4bWxucz0iaHR0cDovL3d3dy53My5vcmcvMjAwMC9zdmciPjwvc3ZnPg==\" style=\"--smush-placeholder-width: 1024px; --smush-placeholder-aspect-ratio: 1024\/683;\" \/><\/figure>\n\n\n\n<figure class=\"wp-block-image size-large\"><img decoding=\"async\" width=\"1024\" height=\"1024\" data-src=\"https:\/\/gazetaregionalna.com\/wp-content\/uploads\/2023\/11\/NowaDeweloper-Rakow-1024x1024.jpg\" alt=\"\" class=\"wp-image-117809 lazyload\" data-srcset=\"https:\/\/gazetaregionalna.com\/wp-content\/uploads\/2023\/11\/NowaDeweloper-Rakow-1024x1024.jpg 1024w, https:\/\/gazetaregionalna.com\/wp-content\/uploads\/2023\/11\/NowaDeweloper-Rakow-300x300.jpg 300w, https:\/\/gazetaregionalna.com\/wp-content\/uploads\/2023\/11\/NowaDeweloper-Rakow-150x150.jpg 150w, https:\/\/gazetaregionalna.com\/wp-content\/uploads\/2023\/11\/NowaDeweloper-Rakow-768x768.jpg 768w, https:\/\/gazetaregionalna.com\/wp-content\/uploads\/2023\/11\/NowaDeweloper-Rakow-696x696.jpg 696w, https:\/\/gazetaregionalna.com\/wp-content\/uploads\/2023\/11\/NowaDeweloper-Rakow-1068x1068.jpg 1068w, https:\/\/gazetaregionalna.com\/wp-content\/uploads\/2023\/11\/NowaDeweloper-Rakow-420x420.jpg 420w, https:\/\/gazetaregionalna.com\/wp-content\/uploads\/2023\/11\/NowaDeweloper-Rakow.jpg 1080w\" data-sizes=\"(max-width: 1024px) 100vw, 1024px\" src=\"data:image\/svg+xml;base64,PHN2ZyB3aWR0aD0iMSIgaGVpZ2h0PSIxIiB4bWxucz0iaHR0cDovL3d3dy53My5vcmcvMjAwMC9zdmciPjwvc3ZnPg==\" style=\"--smush-placeholder-width: 1024px; --smush-placeholder-aspect-ratio: 1024\/1024;\" \/><\/figure>\n\n\n\n<figure class=\"wp-block-image size-large\"><img decoding=\"async\" width=\"1024\" height=\"629\" data-src=\"https:\/\/gazetaregionalna.com\/wp-content\/uploads\/2023\/12\/Slask-Rakow-1-1024x629.jpg\" alt=\"\" class=\"wp-image-118204 lazyload\" data-srcset=\"https:\/\/gazetaregionalna.com\/wp-content\/uploads\/2023\/12\/Slask-Rakow-1-1024x629.jpg 1024w, https:\/\/gazetaregionalna.com\/wp-content\/uploads\/2023\/12\/Slask-Rakow-1-300x184.jpg 300w, https:\/\/gazetaregionalna.com\/wp-content\/uploads\/2023\/12\/Slask-Rakow-1-768x472.jpg 768w, https:\/\/gazetaregionalna.com\/wp-content\/uploads\/2023\/12\/Slask-Rakow-1-1536x944.jpg 1536w, https:\/\/gazetaregionalna.com\/wp-content\/uploads\/2023\/12\/Slask-Rakow-1-2048x1258.jpg 2048w, https:\/\/gazetaregionalna.com\/wp-content\/uploads\/2023\/12\/Slask-Rakow-1-696x428.jpg 696w, https:\/\/gazetaregionalna.com\/wp-content\/uploads\/2023\/12\/Slask-Rakow-1-1068x656.jpg 1068w, https:\/\/gazetaregionalna.com\/wp-content\/uploads\/2023\/12\/Slask-Rakow-1-1920x1180.jpg 1920w, https:\/\/gazetaregionalna.com\/wp-content\/uploads\/2023\/12\/Slask-Rakow-1-684x420.jpg 684w, https:\/\/gazetaregionalna.com\/wp-content\/uploads\/2023\/12\/Slask-Rakow-1-356x220.jpg 356w, https:\/\/gazetaregionalna.com\/wp-content\/uploads\/2023\/12\/Slask-Rakow-1-scaled.jpg 1600w\" data-sizes=\"(max-width: 1024px) 100vw, 1024px\" src=\"data:image\/svg+xml;base64,PHN2ZyB3aWR0aD0iMSIgaGVpZ2h0PSIxIiB4bWxucz0iaHR0cDovL3d3dy53My5vcmcvMjAwMC9zdmciPjwvc3ZnPg==\" style=\"--smush-placeholder-width: 1024px; --smush-placeholder-aspect-ratio: 1024\/629;\" \/><\/figure>\n\n\n\n<figure class=\"wp-block-image size-large\"><img decoding=\"async\" width=\"300\" height=\"250\" data-src=\"https:\/\/gazetaregionalna.com\/wp-content\/uploads\/2022\/04\/DMK-7.jpg\" alt=\"\" class=\"wp-image-77214 lazyload\" src=\"data:image\/svg+xml;base64,PHN2ZyB3aWR0aD0iMSIgaGVpZ2h0PSIxIiB4bWxucz0iaHR0cDovL3d3dy53My5vcmcvMjAwMC9zdmciPjwvc3ZnPg==\" style=\"--smush-placeholder-width: 300px; --smush-placeholder-aspect-ratio: 300\/250;\"><\/figure>\n","protected":false},"excerpt":{"rendered":"<p>Kibice poznali plan przygotowa\u0144 Rakowa Cz\u0119stochowa do rundy wiosennej. Cz\u0119stochowianie pojad\u0105 ponownie do tureckiego Belek, gdzie rozegraj\u0105 3 mecze kontrolne&#8230; Ostatni mecz w 2023<\/p>\n","protected":false},"author":15,"featured_media":118180,"comment_status":"closed","ping_status":"open","sticky":false,"template":"","format":"standard","meta":{"_monsterinsights_skip_tracking":false,"_monsterinsights_sitenote_active":false,"_monsterinsights_sitenote_note":"","_monsterinsights_sitenote_category":0,"_uf_show_specific_survey":0,"_uf_disable_surveys":false,"footnotes":""},"categories":[5,6],"tags":[],"class_list":["post-118407","post","type-post","status-publish","format-standard","has-post-thumbnail","hentry","category-sport","category-pilka-nozna"],"_links":{"self":[{"href":"https:\/\/gazetaregionalna.com\/index.php?rest_route=\/wp\/v2\/posts\/118407","targetHints":{"allow":["GET"]}}],"collection":[{"href":"https:\/\/gazetaregionalna.com\/index.php?rest_route=\/wp\/v2\/posts"}],"about":[{"href":"https:\/\/gazetaregionalna.com\/index.php?rest_route=\/wp\/v2\/types\/post"}],"author":[{"embeddable":true,"href":"https:\/\/gazetaregionalna.com\/index.php?rest_route=\/wp\/v2\/users\/15"}],"replies":[{"embeddable":true,"href":"https:\/\/gazetaregionalna.com\/index.php?rest_route=%2Fwp%2Fv2%2Fcomments&post=118407"}],"version-history":[{"count":2,"href":"https:\/\/gazetaregionalna.com\/index.php?rest_route=\/wp\/v2\/posts\/118407\/revisions"}],"predecessor-version":[{"id":118410,"href":"https:\/\/gazetaregionalna.com\/index.php?rest_route=\/wp\/v2\/posts\/118407\/revisions\/118410"}],"wp:featuredmedia":[{"embeddable":true,"href":"https:\/\/gazetaregionalna.com\/index.php?rest_route=\/wp\/v2\/media\/118180"}],"wp:attachment":[{"href":"https:\/\/gazetaregionalna.com\/index.php?rest_route=%2Fwp%2Fv2%2Fmedia&parent=118407"}],"wp:term":[{"taxonomy":"category","embeddable":true,"href":"https:\/\/gazetaregionalna.com\/index.php?rest_route=%2Fwp%2Fv2%2Fcategories&post=118407"},{"taxonomy":"post_tag","embeddable":true,"href":"https:\/\/gazetaregionalna.com\/index.php?rest_route=%2Fwp%2Fv2%2Ftags&post=118407"}],"curies":[{"name":"wp","href":"https:\/\/api.w.org\/{rel}","templated":true}]}}