{"id":118400,"date":"2023-12-05T16:02:26","date_gmt":"2023-12-05T16:02:26","guid":{"rendered":"https:\/\/gazetaregionalna.com\/?p=118400"},"modified":"2023-12-05T16:03:10","modified_gmt":"2023-12-05T16:03:10","slug":"nowym-dyrektorem-sportowym-w-rakowie-czestochowa-zostal-28-latek-z-podwojnym-obywatelstwem","status":"publish","type":"post","link":"https:\/\/gazetaregionalna.com\/?p=118400","title":{"rendered":"Nowym dyrektorem sportowym w Rakowie Cz\u0119stochowa zosta\u0142 28-latek z podw\u00f3jnym obywatelstwem"},"content":{"rendered":"\n<p>28-letni Samuel Cardenas, kt\u00f3ry ma podw\u00f3jne obywatelstwo meksyka\u0144sko-niemieckie obj\u0105\u0142 stanowisko dyrektora sportowego mistrz\u00f3w Polski.<\/p>\n\n\n\n<p>Nowy dyrektor sportowy Rakowa przez ostatnie trzy lata pracowa\u0142 w belgijskim KAA Gent, najpierw jako skaut, a nast\u0119pnie jako szef dzia\u0142u skautingu, odpowiadaj\u0105c za strategi\u0119 transferow\u0105 i negocjacje kontraktowe belgijskiego klubu. Wcze\u015bniej pracowa\u0142 jako skaut w Southampton FC, Schalke 04 i Honved FC. By\u0142 tak\u017ce trenerem akademii i dyrektorem skautingu w Stuttgarter Kickers. Samuel C\u00e1rdenas ma podw\u00f3jne niemiecko-meksyka\u0144skie obywatelstwo, biegle w\u0142ada czterema j\u0119zykami, a jako 28-latek b\u0119dzie najm\u0142odszym dyrektorem sportowym w ESA.<\/p>\n\n\n\n<p>&#8211; Przede wszystkim chcia\u0142bym podzi\u0119kowa\u0107 w\u0142a\u015bcicielowi, prezesowi i w\u0142adzom klubu za zaufanie, jakim mnie obdarzyli. Odbyli\u015bmy kilka wspania\u0142ych rozm\u00f3w, podczas kt\u00f3rych sta\u0142o si\u0119 dla mnie jasne, \u017ce zar\u00f3wno klub, jak i ja mamy wsp\u00f3ln\u0105 wizj\u0119 przysz\u0142o\u015bci klubu \u2013 m\u00f3wi C\u00e1rdenas.<\/p>\n\n\n\n<p>&#8211; S\u0142ysza\u0142em ju\u017c wiele dobrego o klubie od Kamila Pi\u0105tkowskiego (kt\u00f3ry w zesz\u0142ym sezonie by\u0142 wypo\u017cyczony do KAA Gent) i jestem podekscytowany rozpocz\u0119ciem pracy. Rak\u00f3w osi\u0105gn\u0105\u0142 wielki sukces w ci\u0105gu ostatnich kilku lat i teraz nadszed\u0142 czas, aby trwale zakotwiczy\u0107 klub na europejskim poziomie. Musimy by\u0107 konkurencyjni zar\u00f3wno w Polsce, jak i w Europie a nasz plan jest na to przygotowany. My\u015bl\u0119, \u017ce zatrudnienie mnie, ale tak\u017ce trenera Szwargi, pokazuje, \u017ce klub naprawd\u0119 realizuje g\u0142o\u015bno komunikowan\u0105 odwa\u017cn\u0105 strategi\u0119 &#8211; to b\u0119dzie konieczne w kolejnych oknach transferowych, poniewa\u017c musimy znale\u017a\u0107 kreatywne sposoby, aby wyr\u00f3\u017cni\u0107 si\u0119 przy naszych ograniczonych \u015brodkach na rynku transferowym &#8211; dodaje nasz nowy dyrektor sportowy.<\/p>\n\n\n\n<p>&#8211; Zdecydowali\u015bmy si\u0119 na dyrektora z mi\u0119dzynarodowym do\u015bwiadczeniem. Po szczeg\u00f3\u0142owej analizie rynku, wielu rozmowach i konsultacjach uznali\u015bmy, \u017ce warto postawi\u0107 na Samuela, kt\u00f3rego postrzegamy jako utalentowan\u0105 osob\u0119 posiadaj\u0105c\u0105 wymagane przez klub kompetencje &#8211; m\u00f3wi Piotr Obidzi\u0144ski, prezes Rakowa. &#8211; Ponadto plan na rozw\u00f3j kariery Samuela jest sp\u00f3jny z planem na rozw\u00f3j klubu a przyk\u0142ady udanego wypo\u017cyczenia Kamila Pi\u0105tkowskiego, transfer\u00f3w Gifta Orbana i Hyun-Seok Honga do Gentu pokazuj\u0105, \u017ce dzi\u0119ki dobremu skautingowi i skutecznym negocjacjom mo\u017cna za stosunkowo niewielkie pieni\u0105dze sprowadzi\u0107 zawodnik\u00f3w, kt\u00f3rych warto\u015b\u0107 rynkowa szybko prze\u0142o\u017cy si\u0119 na korzy\u015bci na boisku, ale te\u017c zyski dla klubu. Samuel ostatnie mecze Rakowa ogl\u0105da\u0142 z trybun, a w poniedzia\u0142ek rozpocz\u0105\u0142 prac\u0119 w klubie &#8211; oznajmi\u0142 prezes klubu.<\/p>\n\n\n\n<p>MR-K, materia\u0142y prasowe Rakowa Cz\u0119stochowa, fot: Adam Kostyra<\/p>\n\n\n\n<p>Partnerami relacji s\u0105:<\/p>\n\n\n\n<p>Nowa Deweloper (www.nowadeweloper.pl) <a href=\"https:\/\/nowadeweloper.pl\/inwestycje\/czestochowa\/?utm_source=gazeta_regionalna&amp;utm_medium=baner&amp;utm_campaign=listopad_grudzien2023\" data-type=\"URL\" data-id=\"https:\/\/nowadeweloper.pl\/inwestycje\/czestochowa\/?utm_source=gazeta_regionalna&amp;utm_medium=baner&amp;utm_campaign=listopad_grudzien2023\" target=\"_blank\" rel=\"noopener\">Nowa Deweloper<\/a><\/p>\n\n\n\n<p>DMK Invest materia\u0142y budowlane (www.dmkinvest.pl)<\/p>\n\n\n\n<figure class=\"wp-block-image size-large\"><img decoding=\"async\" width=\"748\" height=\"1024\" data-src=\"https:\/\/gazetaregionalna.com\/wp-content\/uploads\/2023\/12\/DSC00468-748x1024.jpg\" alt=\"\" class=\"wp-image-118402 lazyload\" data-srcset=\"https:\/\/gazetaregionalna.com\/wp-content\/uploads\/2023\/12\/DSC00468-748x1024.jpg 748w, https:\/\/gazetaregionalna.com\/wp-content\/uploads\/2023\/12\/DSC00468-219x300.jpg 219w, https:\/\/gazetaregionalna.com\/wp-content\/uploads\/2023\/12\/DSC00468-768x1051.jpg 768w, https:\/\/gazetaregionalna.com\/wp-content\/uploads\/2023\/12\/DSC00468-1122x1536.jpg 1122w, https:\/\/gazetaregionalna.com\/wp-content\/uploads\/2023\/12\/DSC00468-1496x2048.jpg 1496w, https:\/\/gazetaregionalna.com\/wp-content\/uploads\/2023\/12\/DSC00468-696x953.jpg 696w, https:\/\/gazetaregionalna.com\/wp-content\/uploads\/2023\/12\/DSC00468-1068x1462.jpg 1068w, https:\/\/gazetaregionalna.com\/wp-content\/uploads\/2023\/12\/DSC00468-1920x2629.jpg 1920w, https:\/\/gazetaregionalna.com\/wp-content\/uploads\/2023\/12\/DSC00468-307x420.jpg 307w, https:\/\/gazetaregionalna.com\/wp-content\/uploads\/2023\/12\/DSC00468-scaled.jpg 1169w\" data-sizes=\"(max-width: 748px) 100vw, 748px\" src=\"data:image\/svg+xml;base64,PHN2ZyB3aWR0aD0iMSIgaGVpZ2h0PSIxIiB4bWxucz0iaHR0cDovL3d3dy53My5vcmcvMjAwMC9zdmciPjwvc3ZnPg==\" style=\"--smush-placeholder-width: 748px; --smush-placeholder-aspect-ratio: 748\/1024;\" \/><\/figure>\n\n\n\n<figure class=\"wp-block-image size-large\"><img decoding=\"async\" width=\"1024\" height=\"1024\" data-src=\"https:\/\/gazetaregionalna.com\/wp-content\/uploads\/2023\/11\/NowaDeweloper-Rakow-1024x1024.jpg\" alt=\"\" class=\"wp-image-117809 lazyload\" data-srcset=\"https:\/\/gazetaregionalna.com\/wp-content\/uploads\/2023\/11\/NowaDeweloper-Rakow-1024x1024.jpg 1024w, https:\/\/gazetaregionalna.com\/wp-content\/uploads\/2023\/11\/NowaDeweloper-Rakow-300x300.jpg 300w, https:\/\/gazetaregionalna.com\/wp-content\/uploads\/2023\/11\/NowaDeweloper-Rakow-150x150.jpg 150w, https:\/\/gazetaregionalna.com\/wp-content\/uploads\/2023\/11\/NowaDeweloper-Rakow-768x768.jpg 768w, https:\/\/gazetaregionalna.com\/wp-content\/uploads\/2023\/11\/NowaDeweloper-Rakow-696x696.jpg 696w, https:\/\/gazetaregionalna.com\/wp-content\/uploads\/2023\/11\/NowaDeweloper-Rakow-1068x1068.jpg 1068w, https:\/\/gazetaregionalna.com\/wp-content\/uploads\/2023\/11\/NowaDeweloper-Rakow-420x420.jpg 420w, https:\/\/gazetaregionalna.com\/wp-content\/uploads\/2023\/11\/NowaDeweloper-Rakow.jpg 1080w\" data-sizes=\"(max-width: 1024px) 100vw, 1024px\" src=\"data:image\/svg+xml;base64,PHN2ZyB3aWR0aD0iMSIgaGVpZ2h0PSIxIiB4bWxucz0iaHR0cDovL3d3dy53My5vcmcvMjAwMC9zdmciPjwvc3ZnPg==\" style=\"--smush-placeholder-width: 1024px; --smush-placeholder-aspect-ratio: 1024\/1024;\" \/><\/figure>\n\n\n\n<figure class=\"wp-block-image size-large\"><img decoding=\"async\" width=\"1024\" height=\"643\" data-src=\"https:\/\/gazetaregionalna.com\/wp-content\/uploads\/2023\/12\/DSC00461-1024x643.jpg\" alt=\"\" class=\"wp-image-118401 lazyload\" data-srcset=\"https:\/\/gazetaregionalna.com\/wp-content\/uploads\/2023\/12\/DSC00461-1024x643.jpg 1024w, https:\/\/gazetaregionalna.com\/wp-content\/uploads\/2023\/12\/DSC00461-300x188.jpg 300w, https:\/\/gazetaregionalna.com\/wp-content\/uploads\/2023\/12\/DSC00461-768x482.jpg 768w, https:\/\/gazetaregionalna.com\/wp-content\/uploads\/2023\/12\/DSC00461-1536x965.jpg 1536w, https:\/\/gazetaregionalna.com\/wp-content\/uploads\/2023\/12\/DSC00461-2048x1287.jpg 2048w, https:\/\/gazetaregionalna.com\/wp-content\/uploads\/2023\/12\/DSC00461-696x437.jpg 696w, https:\/\/gazetaregionalna.com\/wp-content\/uploads\/2023\/12\/DSC00461-1068x671.jpg 1068w, https:\/\/gazetaregionalna.com\/wp-content\/uploads\/2023\/12\/DSC00461-1920x1206.jpg 1920w, https:\/\/gazetaregionalna.com\/wp-content\/uploads\/2023\/12\/DSC00461-669x420.jpg 669w, https:\/\/gazetaregionalna.com\/wp-content\/uploads\/2023\/12\/DSC00461-scaled.jpg 1600w\" data-sizes=\"(max-width: 1024px) 100vw, 1024px\" src=\"data:image\/svg+xml;base64,PHN2ZyB3aWR0aD0iMSIgaGVpZ2h0PSIxIiB4bWxucz0iaHR0cDovL3d3dy53My5vcmcvMjAwMC9zdmciPjwvc3ZnPg==\" style=\"--smush-placeholder-width: 1024px; --smush-placeholder-aspect-ratio: 1024\/643;\" \/><\/figure>\n\n\n\n<figure class=\"wp-block-image size-large\"><img decoding=\"async\" width=\"300\" height=\"250\" data-src=\"https:\/\/gazetaregionalna.com\/wp-content\/uploads\/2022\/04\/DMK-5.jpg\" alt=\"\" class=\"wp-image-77213 lazyload\" src=\"data:image\/svg+xml;base64,PHN2ZyB3aWR0aD0iMSIgaGVpZ2h0PSIxIiB4bWxucz0iaHR0cDovL3d3dy53My5vcmcvMjAwMC9zdmciPjwvc3ZnPg==\" style=\"--smush-placeholder-width: 300px; --smush-placeholder-aspect-ratio: 300\/250;\"><\/figure>\n\n\n\n<p><\/p>\n","protected":false},"excerpt":{"rendered":"<p>28-letni Samuel Cardenas, kt\u00f3ry ma podw\u00f3jne obywatelstwo meksyka\u0144sko-niemieckie obj\u0105\u0142 stanowisko dyrektora sportowego mistrz\u00f3w Polski. Nowy dyrektor sportowy Rakowa przez ostatnie trzy lata pracowa\u0142 w<\/p>\n","protected":false},"author":15,"featured_media":118402,"comment_status":"closed","ping_status":"open","sticky":false,"template":"","format":"standard","meta":{"_monsterinsights_skip_tracking":false,"_monsterinsights_sitenote_active":false,"_monsterinsights_sitenote_note":"","_monsterinsights_sitenote_category":0,"_uf_show_specific_survey":0,"_uf_disable_surveys":false,"footnotes":""},"categories":[94,6,5],"tags":[],"class_list":["post-118400","post","type-post","status-publish","format-standard","has-post-thumbnail","hentry","category-polecane","category-pilka-nozna","category-sport"],"_links":{"self":[{"href":"https:\/\/gazetaregionalna.com\/index.php?rest_route=\/wp\/v2\/posts\/118400","targetHints":{"allow":["GET"]}}],"collection":[{"href":"https:\/\/gazetaregionalna.com\/index.php?rest_route=\/wp\/v2\/posts"}],"about":[{"href":"https:\/\/gazetaregionalna.com\/index.php?rest_route=\/wp\/v2\/types\/post"}],"author":[{"embeddable":true,"href":"https:\/\/gazetaregionalna.com\/index.php?rest_route=\/wp\/v2\/users\/15"}],"replies":[{"embeddable":true,"href":"https:\/\/gazetaregionalna.com\/index.php?rest_route=%2Fwp%2Fv2%2Fcomments&post=118400"}],"version-history":[{"count":1,"href":"https:\/\/gazetaregionalna.com\/index.php?rest_route=\/wp\/v2\/posts\/118400\/revisions"}],"predecessor-version":[{"id":118403,"href":"https:\/\/gazetaregionalna.com\/index.php?rest_route=\/wp\/v2\/posts\/118400\/revisions\/118403"}],"wp:featuredmedia":[{"embeddable":true,"href":"https:\/\/gazetaregionalna.com\/index.php?rest_route=\/wp\/v2\/media\/118402"}],"wp:attachment":[{"href":"https:\/\/gazetaregionalna.com\/index.php?rest_route=%2Fwp%2Fv2%2Fmedia&parent=118400"}],"wp:term":[{"taxonomy":"category","embeddable":true,"href":"https:\/\/gazetaregionalna.com\/index.php?rest_route=%2Fwp%2Fv2%2Fcategories&post=118400"},{"taxonomy":"post_tag","embeddable":true,"href":"https:\/\/gazetaregionalna.com\/index.php?rest_route=%2Fwp%2Fv2%2Ftags&post=118400"}],"curies":[{"name":"wp","href":"https:\/\/api.w.org\/{rel}","templated":true}]}}