{"id":118262,"date":"2023-12-04T12:10:10","date_gmt":"2023-12-04T12:10:10","guid":{"rendered":"https:\/\/gazetaregionalna.com\/?p=118262"},"modified":"2023-12-04T12:10:12","modified_gmt":"2023-12-04T12:10:12","slug":"muzeum-monet","status":"publish","type":"post","link":"https:\/\/gazetaregionalna.com\/?p=118262","title":{"rendered":"Wystawa. Lwy i tygrysy w  Muzeum Monet i Medali"},"content":{"rendered":"\n<h3 class=\"wp-block-heading\"><strong>W\u0142a\u015bciciel Muzeum Monet i Medali im. Jana Paw\u0142a II, Krzysztof Witkowski usun\u0105\u0142 z ekspozycji 600 medali i przeni\u00f3s\u0142 je do magazynu. Wszystko po to, \u017ceby od 6 grudnia, od godz. 17 pokaza\u0107 w odzyskanych tym sposobem gablotach now\u0105 wystaw\u0119 z\u0142o\u017con\u0105 z oko\u0142o 900 eksponat\u00f3w. Byli\u015bmy przy aran\u017cacji tej prezentacji.<\/strong><\/h3>\n\n\n\n<p>Krzysztof Witkowski zapewnia, \u017ce takiej wystawy jeszcze w Cz\u0119stochowie nie by\u0142o. W uroczysto\u015bci otwarcia zapowiedzia\u0142 sw\u00f3j udzia\u0142 Prezydent Cz\u0119stochowy, Krzysztof Matyjaszczyk, ksi\u0119dza Arcybiskupa reprezentowa\u0107 ma biskup Antoni D\u0142ugosz. Dla autorki wystawy na dzie\u0144 otwarcia Polski Zwi\u0105zek Filatelistyczny przygotowa\u0142 zestaw znaczk\u00f3w ze zwierz\u0119tami, a cz\u0119stochowscy numizmatycy zbi\u00f3r monet z tym motywem. Siostry zakonne piek\u0105 ciasteczka \u2013 zwierz\u0105tka dla go\u015bci otwarcia, a zagra dla nich Orkiestra D\u0119ta OSP D\u017ab\u00f3w (m. in. specjaln\u0105 aran\u017cacj\u0119 muzyki z filmu \u201eKr\u00f3l Lew\u201d).<\/p>\n\n\n\n<figure class=\"wp-block-image size-large is-resized\"><img decoding=\"async\" data-src=\"https:\/\/gazetaregionalna.com\/wp-content\/uploads\/2023\/12\/DSC_1350-1-1024x713.jpg\" alt=\"\" class=\"wp-image-118268 lazyload\" width=\"524\" height=\"360\" data-srcset=\"https:\/\/gazetaregionalna.com\/wp-content\/uploads\/2023\/12\/DSC_1350-1-218x150.jpg 218w, https:\/\/gazetaregionalna.com\/wp-content\/uploads\/2023\/12\/DSC_1350-1-100x70.jpg 100w\" data-sizes=\"(max-width: 524px) 100vw, 524px\" src=\"data:image\/svg+xml;base64,PHN2ZyB3aWR0aD0iMSIgaGVpZ2h0PSIxIiB4bWxucz0iaHR0cDovL3d3dy53My5vcmcvMjAwMC9zdmciPjwvc3ZnPg==\" style=\"--smush-placeholder-width: 524px; --smush-placeholder-aspect-ratio: 524\/360;\" \/><figcaption>Wystawa figurek zwierz\u0105t w Muzeum Monet i Medali<\/figcaption><\/figure>\n\n\n\n<p>W uwolnionych od medali ze zbioru Muzeum gablotach zago\u015bci w \u201eMiko\u0142ajki\u201d oko\u0142o 900 figurek zwierz\u0105t. Pochodz\u0105 one z kolekcji, kt\u00f3r\u0105 opiekuje si\u0119 obecnie siedmioletnia cz\u0119stochowianka Weronika Kulawiak. Zastali\u015bmy j\u0105 nad walizk\u0105 (czyste retro \u2013 z tektury), z kt\u00f3rej wyjmowa\u0142a kolejne eksponaty. Pytana o ulubiony pokaza\u0142a konika w bia\u0142o-czarne \u0142aty. Pochodzi z serii wypuszczonej przez niemieckiego producenta, gdzie sztuka kosztuje nawet 400 z\u0142. Dla ma\u0142ej kolekcjonerki nie warto\u015b\u0107 wyra\u017cona w pieni\u0105dzach ma znaczenie, dziewczynka je\u017adzi konno i konie s\u0105 w tej chwili najwa\u017cniejsze w jej zbiorze. Cho\u0107 najwi\u0119cej jest ps\u00f3w \u2013 120!<\/p>\n\n\n\n<p>&#8211; Po prostu jest to ulubiony zwierzak producent\u00f3w &#8211; t\u0142umaczy Wojciech Kulawiak, ojciec Weroniki &#8211; wi\u0119c ps\u00f3w jest najwi\u0119cej na rynku. Mamy figurki wykonywane z my\u015bl\u0105 o kolekcjonerach, ale i zupe\u0142ne drobiazgi o minimalnej warto\u015bci zakupu. Najmniejszy nasz zwierzak ma dwa centymetry.<\/p>\n\n\n\n<p>Okazuje si\u0119, \u017ce zbi\u00f3r, pokazywany od 6 grudnia w MMiM mia\u0142 sw\u00f3j zal\u0105\u017cek w latach 70. minionego wieku, kiedy doros\u0142y dzi\u015b Wojciech by\u0142 ma\u0142ym ch\u0142opcem. Pierwsze figurki dostawa\u0142 od krewnych i znajomych, p\u00f3\u017aniej te\u017c kupowa\u0142 je \u2013 jak m\u00f3wi, najcz\u0119\u015bciej w kioskach RUCHU. Poszerza\u0142 kolekcj\u0119 mniej wi\u0119cej do ko\u0144ca szko\u0142y podstawowej, potem wyl\u0105dowa\u0142a na strychu. Liczy\u0142a do 150 figurek. Wr\u00f3ci\u0142a ze strychu, kiedy na \u015bwiat przysz\u0142a Weronisia. Od tego czasu stale jest wzbogacana. To zn\u00f3w podarunki od bliskich i przyjaci\u00f3\u0142 domu, tak\u017ce zakupy \u2013 jak cho\u0107by te z profesjonalnej kolekcjonerskiej serii. Te drogie \u2013 niemieckie zwierz\u0105tka stanowi\u0105 jednak margines kolekcji. Ostatnio do\u0142\u0105czy\u0142 do zbioru naprawd\u0119 sporych rozmiar\u00f3w lew kupiony na pchlim targu. Podobno import z Afryki, jest na figurze nawet \u015blad po jakiej\u015b tabliczce.<\/p>\n\n\n\n<figure class=\"wp-block-image size-large is-resized\"><img decoding=\"async\" data-src=\"https:\/\/gazetaregionalna.com\/wp-content\/uploads\/2023\/12\/DSC_1361-1024x683.jpg\" alt=\"\" class=\"wp-image-118269 lazyload\" width=\"519\" height=\"342\" src=\"data:image\/svg+xml;base64,PHN2ZyB3aWR0aD0iMSIgaGVpZ2h0PSIxIiB4bWxucz0iaHR0cDovL3d3dy53My5vcmcvMjAwMC9zdmciPjwvc3ZnPg==\" style=\"--smush-placeholder-width: 519px; --smush-placeholder-aspect-ratio: 519\/342;\"><figcaption>Wystawa figurek zwierz\u0105t w Muzeum Monet i Medali<\/figcaption><\/figure>\n\n\n\n<p>&#8211; Na takie zbiory by\u0142 w moich czasach i jest dzi\u015b jaki\u015b minimalny rynek kolekcjonerski \u2013 dodaje pan Wojtek \u2013 Ja wymienia\u0142em si\u0119 z kolegami i Weronisia ma nieliczne jeszcze kole\u017canki zbieraj\u0105ce figurki zwierz\u0105t. Jak ka\u017cde hobby i to ma wymiar edukacyjny. C\u00f3rka poznaje \u015bwiat zwierz\u0105t, jego systematyk\u0119, zakres geograficzny wyst\u0119powania gatunk\u00f3w. Nawet egzotyczne zwierz\u0119ta poznaje i potrafi nazwa\u0107. Figurki s\u0142u\u017c\u0105 nam jednak tak\u017ce do zabawy, na przyk\u0142ad w chowanego. C\u00f3rka chowa w zakamarkach domu tygrysy, a ja na nie poluj\u0119, czyli chodz\u0119 i pr\u00f3buj\u0119 je odnale\u017a\u0107.<\/p>\n\n\n\n<p>Przy okazji rozm\u00f3w tworzy si\u0119 wystawa \u2013 figurki trafiaj\u0105 na swoje miejsca w rega\u0142ach ekspozycyjnych, Witkowski montuje te\u017c wyj\u0119te ze swojej kolekcji filatelistyczne szopki, wydane w pami\u0119tnym roku 1978 \u2013 roku wyboru Papie\u017ca Polaka.<\/p>\n\n\n\n<p>&#8211; Na otwarcie przyjd\u0105 dzieci z cz\u0119stochowskich przedszkoli \u2013 dodaje w\u0142a\u015bciciel muzeum. &#8211; Chc\u0119 pokaza\u0107 ju\u017c najm\u0142odszym cz\u0119stochowianom warto\u015b\u0107 zami\u0142owania kolekcjonerskiego. Tegoroczna wystawa miko\u0142ajkowa b\u0119dzie bowiem otwiera\u0142a cykl podobnych. Ju\u017c mam pomys\u0142 na przysz\u0142oroczn\u0105 prezentacj\u0119 \u2013 kolekcji \u017co\u0142nierzyk\u00f3w.<\/p>\n\n\n\n<figure class=\"wp-block-gallery columns-3 is-cropped wp-block-gallery-1 is-layout-flex wp-block-gallery-is-layout-flex\"><ul class=\"blocks-gallery-grid\"><li class=\"blocks-gallery-item\"><figure><a href=\"https:\/\/gazetaregionalna.com\/wp-content\/uploads\/2023\/12\/DSC_1379-scaled.jpg\"><img decoding=\"async\" width=\"1024\" height=\"683\" data-src=\"https:\/\/gazetaregionalna.com\/wp-content\/uploads\/2023\/12\/DSC_1379-1024x683.jpg\" alt=\"\" data-id=\"118275\" data-full-url=\"https:\/\/gazetaregionalna.com\/wp-content\/uploads\/2023\/12\/DSC_1379-scaled.jpg\" data-link=\"https:\/\/gazetaregionalna.com\/?attachment_id=118275\" class=\"wp-image-118275 lazyload\" data-srcset=\"https:\/\/gazetaregionalna.com\/wp-content\/uploads\/2023\/12\/DSC_1379-1024x683.jpg 1024w, https:\/\/gazetaregionalna.com\/wp-content\/uploads\/2023\/12\/DSC_1379-300x200.jpg 300w, https:\/\/gazetaregionalna.com\/wp-content\/uploads\/2023\/12\/DSC_1379-768x512.jpg 768w, https:\/\/gazetaregionalna.com\/wp-content\/uploads\/2023\/12\/DSC_1379-1536x1024.jpg 1536w, https:\/\/gazetaregionalna.com\/wp-content\/uploads\/2023\/12\/DSC_1379-2048x1365.jpg 2048w, https:\/\/gazetaregionalna.com\/wp-content\/uploads\/2023\/12\/DSC_1379-696x464.jpg 696w, https:\/\/gazetaregionalna.com\/wp-content\/uploads\/2023\/12\/DSC_1379-1068x712.jpg 1068w, https:\/\/gazetaregionalna.com\/wp-content\/uploads\/2023\/12\/DSC_1379-1920x1280.jpg 1920w, https:\/\/gazetaregionalna.com\/wp-content\/uploads\/2023\/12\/DSC_1379-630x420.jpg 630w, https:\/\/gazetaregionalna.com\/wp-content\/uploads\/2023\/12\/DSC_1379-scaled.jpg 1600w\" data-sizes=\"(max-width: 1024px) 100vw, 1024px\" src=\"data:image\/svg+xml;base64,PHN2ZyB3aWR0aD0iMSIgaGVpZ2h0PSIxIiB4bWxucz0iaHR0cDovL3d3dy53My5vcmcvMjAwMC9zdmciPjwvc3ZnPg==\" style=\"--smush-placeholder-width: 1024px; --smush-placeholder-aspect-ratio: 1024\/683;\" \/><\/a><\/figure><\/li><li class=\"blocks-gallery-item\"><figure><a href=\"https:\/\/gazetaregionalna.com\/wp-content\/uploads\/2023\/12\/DSC_1360-scaled.jpg\"><img decoding=\"async\" width=\"1024\" height=\"683\" data-src=\"https:\/\/gazetaregionalna.com\/wp-content\/uploads\/2023\/12\/DSC_1360-1024x683.jpg\" alt=\"\" data-id=\"118272\" data-full-url=\"https:\/\/gazetaregionalna.com\/wp-content\/uploads\/2023\/12\/DSC_1360-scaled.jpg\" data-link=\"https:\/\/gazetaregionalna.com\/?attachment_id=118272\" class=\"wp-image-118272 lazyload\" data-srcset=\"https:\/\/gazetaregionalna.com\/wp-content\/uploads\/2023\/12\/DSC_1360-1024x683.jpg 1024w, https:\/\/gazetaregionalna.com\/wp-content\/uploads\/2023\/12\/DSC_1360-300x200.jpg 300w, https:\/\/gazetaregionalna.com\/wp-content\/uploads\/2023\/12\/DSC_1360-768x512.jpg 768w, https:\/\/gazetaregionalna.com\/wp-content\/uploads\/2023\/12\/DSC_1360-1536x1024.jpg 1536w, https:\/\/gazetaregionalna.com\/wp-content\/uploads\/2023\/12\/DSC_1360-2048x1365.jpg 2048w, https:\/\/gazetaregionalna.com\/wp-content\/uploads\/2023\/12\/DSC_1360-696x464.jpg 696w, https:\/\/gazetaregionalna.com\/wp-content\/uploads\/2023\/12\/DSC_1360-1068x712.jpg 1068w, https:\/\/gazetaregionalna.com\/wp-content\/uploads\/2023\/12\/DSC_1360-1920x1280.jpg 1920w, https:\/\/gazetaregionalna.com\/wp-content\/uploads\/2023\/12\/DSC_1360-630x420.jpg 630w, https:\/\/gazetaregionalna.com\/wp-content\/uploads\/2023\/12\/DSC_1360-scaled.jpg 1600w\" data-sizes=\"(max-width: 1024px) 100vw, 1024px\" src=\"data:image\/svg+xml;base64,PHN2ZyB3aWR0aD0iMSIgaGVpZ2h0PSIxIiB4bWxucz0iaHR0cDovL3d3dy53My5vcmcvMjAwMC9zdmciPjwvc3ZnPg==\" style=\"--smush-placeholder-width: 1024px; --smush-placeholder-aspect-ratio: 1024\/683;\" \/><\/a><\/figure><\/li><li class=\"blocks-gallery-item\"><figure><a href=\"https:\/\/gazetaregionalna.com\/wp-content\/uploads\/2023\/12\/DSC_1361-1-scaled.jpg\"><img decoding=\"async\" width=\"1024\" height=\"683\" data-src=\"https:\/\/gazetaregionalna.com\/wp-content\/uploads\/2023\/12\/DSC_1361-1-1024x683.jpg\" alt=\"\" data-id=\"118273\" data-full-url=\"https:\/\/gazetaregionalna.com\/wp-content\/uploads\/2023\/12\/DSC_1361-1-scaled.jpg\" data-link=\"https:\/\/gazetaregionalna.com\/?attachment_id=118273\" class=\"wp-image-118273 lazyload\" data-srcset=\"https:\/\/gazetaregionalna.com\/wp-content\/uploads\/2023\/12\/DSC_1361-1-1024x683.jpg 1024w, https:\/\/gazetaregionalna.com\/wp-content\/uploads\/2023\/12\/DSC_1361-1-300x200.jpg 300w, https:\/\/gazetaregionalna.com\/wp-content\/uploads\/2023\/12\/DSC_1361-1-768x512.jpg 768w, https:\/\/gazetaregionalna.com\/wp-content\/uploads\/2023\/12\/DSC_1361-1-1536x1024.jpg 1536w, https:\/\/gazetaregionalna.com\/wp-content\/uploads\/2023\/12\/DSC_1361-1-2048x1365.jpg 2048w, https:\/\/gazetaregionalna.com\/wp-content\/uploads\/2023\/12\/DSC_1361-1-696x464.jpg 696w, https:\/\/gazetaregionalna.com\/wp-content\/uploads\/2023\/12\/DSC_1361-1-1068x712.jpg 1068w, https:\/\/gazetaregionalna.com\/wp-content\/uploads\/2023\/12\/DSC_1361-1-1920x1280.jpg 1920w, https:\/\/gazetaregionalna.com\/wp-content\/uploads\/2023\/12\/DSC_1361-1-630x420.jpg 630w, https:\/\/gazetaregionalna.com\/wp-content\/uploads\/2023\/12\/DSC_1361-1-scaled.jpg 1600w\" data-sizes=\"(max-width: 1024px) 100vw, 1024px\" src=\"data:image\/svg+xml;base64,PHN2ZyB3aWR0aD0iMSIgaGVpZ2h0PSIxIiB4bWxucz0iaHR0cDovL3d3dy53My5vcmcvMjAwMC9zdmciPjwvc3ZnPg==\" style=\"--smush-placeholder-width: 1024px; --smush-placeholder-aspect-ratio: 1024\/683;\" \/><\/a><\/figure><\/li><li class=\"blocks-gallery-item\"><figure><a href=\"https:\/\/gazetaregionalna.com\/wp-content\/uploads\/2023\/12\/DSC_1369-scaled.jpg\"><img decoding=\"async\" width=\"1024\" height=\"683\" data-src=\"https:\/\/gazetaregionalna.com\/wp-content\/uploads\/2023\/12\/DSC_1369-1024x683.jpg\" alt=\"\" data-id=\"118274\" data-full-url=\"https:\/\/gazetaregionalna.com\/wp-content\/uploads\/2023\/12\/DSC_1369-scaled.jpg\" data-link=\"https:\/\/gazetaregionalna.com\/?attachment_id=118274\" class=\"wp-image-118274 lazyload\" data-srcset=\"https:\/\/gazetaregionalna.com\/wp-content\/uploads\/2023\/12\/DSC_1369-1024x683.jpg 1024w, https:\/\/gazetaregionalna.com\/wp-content\/uploads\/2023\/12\/DSC_1369-300x200.jpg 300w, https:\/\/gazetaregionalna.com\/wp-content\/uploads\/2023\/12\/DSC_1369-768x512.jpg 768w, https:\/\/gazetaregionalna.com\/wp-content\/uploads\/2023\/12\/DSC_1369-1536x1024.jpg 1536w, https:\/\/gazetaregionalna.com\/wp-content\/uploads\/2023\/12\/DSC_1369-2048x1365.jpg 2048w, https:\/\/gazetaregionalna.com\/wp-content\/uploads\/2023\/12\/DSC_1369-696x464.jpg 696w, https:\/\/gazetaregionalna.com\/wp-content\/uploads\/2023\/12\/DSC_1369-1068x712.jpg 1068w, https:\/\/gazetaregionalna.com\/wp-content\/uploads\/2023\/12\/DSC_1369-1920x1280.jpg 1920w, https:\/\/gazetaregionalna.com\/wp-content\/uploads\/2023\/12\/DSC_1369-630x420.jpg 630w, https:\/\/gazetaregionalna.com\/wp-content\/uploads\/2023\/12\/DSC_1369-scaled.jpg 1600w\" data-sizes=\"(max-width: 1024px) 100vw, 1024px\" src=\"data:image\/svg+xml;base64,PHN2ZyB3aWR0aD0iMSIgaGVpZ2h0PSIxIiB4bWxucz0iaHR0cDovL3d3dy53My5vcmcvMjAwMC9zdmciPjwvc3ZnPg==\" style=\"--smush-placeholder-width: 1024px; --smush-placeholder-aspect-ratio: 1024\/683;\" \/><\/a><\/figure><\/li><li class=\"blocks-gallery-item\"><figure><a href=\"https:\/\/gazetaregionalna.com\/wp-content\/uploads\/2023\/12\/DSC_1347-scaled.jpg\"><img decoding=\"async\" width=\"1024\" height=\"683\" data-src=\"https:\/\/gazetaregionalna.com\/wp-content\/uploads\/2023\/12\/DSC_1347-1024x683.jpg\" alt=\"\" data-id=\"118270\" data-full-url=\"https:\/\/gazetaregionalna.com\/wp-content\/uploads\/2023\/12\/DSC_1347-scaled.jpg\" data-link=\"https:\/\/gazetaregionalna.com\/?attachment_id=118270\" class=\"wp-image-118270 lazyload\" data-srcset=\"https:\/\/gazetaregionalna.com\/wp-content\/uploads\/2023\/12\/DSC_1347-1024x683.jpg 1024w, https:\/\/gazetaregionalna.com\/wp-content\/uploads\/2023\/12\/DSC_1347-300x200.jpg 300w, https:\/\/gazetaregionalna.com\/wp-content\/uploads\/2023\/12\/DSC_1347-768x512.jpg 768w, https:\/\/gazetaregionalna.com\/wp-content\/uploads\/2023\/12\/DSC_1347-1536x1024.jpg 1536w, https:\/\/gazetaregionalna.com\/wp-content\/uploads\/2023\/12\/DSC_1347-2048x1365.jpg 2048w, https:\/\/gazetaregionalna.com\/wp-content\/uploads\/2023\/12\/DSC_1347-696x464.jpg 696w, https:\/\/gazetaregionalna.com\/wp-content\/uploads\/2023\/12\/DSC_1347-1068x712.jpg 1068w, https:\/\/gazetaregionalna.com\/wp-content\/uploads\/2023\/12\/DSC_1347-1920x1280.jpg 1920w, https:\/\/gazetaregionalna.com\/wp-content\/uploads\/2023\/12\/DSC_1347-630x420.jpg 630w, https:\/\/gazetaregionalna.com\/wp-content\/uploads\/2023\/12\/DSC_1347-scaled.jpg 1600w\" data-sizes=\"(max-width: 1024px) 100vw, 1024px\" src=\"data:image\/svg+xml;base64,PHN2ZyB3aWR0aD0iMSIgaGVpZ2h0PSIxIiB4bWxucz0iaHR0cDovL3d3dy53My5vcmcvMjAwMC9zdmciPjwvc3ZnPg==\" style=\"--smush-placeholder-width: 1024px; --smush-placeholder-aspect-ratio: 1024\/683;\" \/><\/a><\/figure><\/li><li class=\"blocks-gallery-item\"><figure><a href=\"https:\/\/gazetaregionalna.com\/wp-content\/uploads\/2023\/12\/DSC_1359-scaled.jpg\"><img decoding=\"async\" width=\"1024\" height=\"683\" data-src=\"https:\/\/gazetaregionalna.com\/wp-content\/uploads\/2023\/12\/DSC_1359-1024x683.jpg\" alt=\"\" data-id=\"118271\" data-full-url=\"https:\/\/gazetaregionalna.com\/wp-content\/uploads\/2023\/12\/DSC_1359-scaled.jpg\" data-link=\"https:\/\/gazetaregionalna.com\/?attachment_id=118271\" class=\"wp-image-118271 lazyload\" data-srcset=\"https:\/\/gazetaregionalna.com\/wp-content\/uploads\/2023\/12\/DSC_1359-1024x683.jpg 1024w, https:\/\/gazetaregionalna.com\/wp-content\/uploads\/2023\/12\/DSC_1359-300x200.jpg 300w, https:\/\/gazetaregionalna.com\/wp-content\/uploads\/2023\/12\/DSC_1359-768x512.jpg 768w, https:\/\/gazetaregionalna.com\/wp-content\/uploads\/2023\/12\/DSC_1359-1536x1024.jpg 1536w, https:\/\/gazetaregionalna.com\/wp-content\/uploads\/2023\/12\/DSC_1359-2048x1365.jpg 2048w, https:\/\/gazetaregionalna.com\/wp-content\/uploads\/2023\/12\/DSC_1359-696x464.jpg 696w, https:\/\/gazetaregionalna.com\/wp-content\/uploads\/2023\/12\/DSC_1359-1068x712.jpg 1068w, https:\/\/gazetaregionalna.com\/wp-content\/uploads\/2023\/12\/DSC_1359-1920x1280.jpg 1920w, https:\/\/gazetaregionalna.com\/wp-content\/uploads\/2023\/12\/DSC_1359-630x420.jpg 630w, https:\/\/gazetaregionalna.com\/wp-content\/uploads\/2023\/12\/DSC_1359-scaled.jpg 1600w\" data-sizes=\"(max-width: 1024px) 100vw, 1024px\" src=\"data:image\/svg+xml;base64,PHN2ZyB3aWR0aD0iMSIgaGVpZ2h0PSIxIiB4bWxucz0iaHR0cDovL3d3dy53My5vcmcvMjAwMC9zdmciPjwvc3ZnPg==\" style=\"--smush-placeholder-width: 1024px; --smush-placeholder-aspect-ratio: 1024\/683;\" \/><\/a><\/figure><\/li><\/ul><figcaption class=\"blocks-gallery-caption\">Wystawa figurek zwierz\u0105t w Muzeum Monet i Medali<\/figcaption><\/figure>\n\n\n\n<p>Tadeusz Piersiak<\/p>\n\n\n\n<p>Czytaj tak\u017ce: <a href=\"https:\/\/gazetaregionalna.com\/3-festiwal-poezja-jest-najwazniejsza-zdjecia\/\">3. Festiwal Poezja Jest Najwa\u017cniejsza za nami<\/a><\/p>\n\n\n\n<figure class=\"wp-block-image size-large is-resized\"><img decoding=\"async\" data-src=\"https:\/\/gazetaregionalna.com\/wp-content\/uploads\/2023\/08\/patrzyk1-5.jpg\" alt=\"\" class=\"wp-image-111669 lazyload\" width=\"320\" height=\"257\" src=\"data:image\/svg+xml;base64,PHN2ZyB3aWR0aD0iMSIgaGVpZ2h0PSIxIiB4bWxucz0iaHR0cDovL3d3dy53My5vcmcvMjAwMC9zdmciPjwvc3ZnPg==\" style=\"--smush-placeholder-width: 320px; --smush-placeholder-aspect-ratio: 320\/257;\"><figcaption><a href=\"https:\/\/www.kotly-patrzyk.pl\/\" target=\"_blank\" rel=\"noreferrer noopener\">https:\/\/www.kotly-patrzyk.pl\/<\/a><br><a href=\"https:\/\/www.kotly-patrzyk.pl\/oferta\/pompy-ciepla\/\" target=\"_blank\" rel=\"noreferrer noopener\">https:\/\/www.kotly-patrzyk.pl\/oferta\/pompy-ciepla\/<\/a><\/figcaption><\/figure>\n","protected":false},"excerpt":{"rendered":"<p>W\u0142a\u015bciciel Muzeum Monet i Medali im. Jana Paw\u0142a II, Krzysztof Witkowski usun\u0105\u0142 z ekspozycji 600 medali i przeni\u00f3s\u0142 je do magazynu. Wszystko po to,<\/p>\n","protected":false},"author":5,"featured_media":118277,"comment_status":"closed","ping_status":"open","sticky":false,"template":"","format":"standard","meta":{"_monsterinsights_skip_tracking":false,"_monsterinsights_sitenote_active":false,"_monsterinsights_sitenote_note":"","_monsterinsights_sitenote_category":0,"_uf_show_specific_survey":0,"_uf_disable_surveys":false,"footnotes":""},"categories":[12,1829,94,1401],"tags":[3828,8659,8660],"class_list":["post-118262","post","type-post","status-publish","format-standard","has-post-thumbnail","hentry","category-kultura-i-rozrywka","category-muzeum","category-polecane","category-wystawy-kultura-i-rozrywka","tag-krzysztof-witkowski","tag-muzeum-monet-i-medali-im-jana-pawla-ii","tag-wystawa-figurek-zwierzat"],"_links":{"self":[{"href":"https:\/\/gazetaregionalna.com\/index.php?rest_route=\/wp\/v2\/posts\/118262","targetHints":{"allow":["GET"]}}],"collection":[{"href":"https:\/\/gazetaregionalna.com\/index.php?rest_route=\/wp\/v2\/posts"}],"about":[{"href":"https:\/\/gazetaregionalna.com\/index.php?rest_route=\/wp\/v2\/types\/post"}],"author":[{"embeddable":true,"href":"https:\/\/gazetaregionalna.com\/index.php?rest_route=\/wp\/v2\/users\/5"}],"replies":[{"embeddable":true,"href":"https:\/\/gazetaregionalna.com\/index.php?rest_route=%2Fwp%2Fv2%2Fcomments&post=118262"}],"version-history":[{"count":6,"href":"https:\/\/gazetaregionalna.com\/index.php?rest_route=\/wp\/v2\/posts\/118262\/revisions"}],"predecessor-version":[{"id":118279,"href":"https:\/\/gazetaregionalna.com\/index.php?rest_route=\/wp\/v2\/posts\/118262\/revisions\/118279"}],"wp:featuredmedia":[{"embeddable":true,"href":"https:\/\/gazetaregionalna.com\/index.php?rest_route=\/wp\/v2\/media\/118277"}],"wp:attachment":[{"href":"https:\/\/gazetaregionalna.com\/index.php?rest_route=%2Fwp%2Fv2%2Fmedia&parent=118262"}],"wp:term":[{"taxonomy":"category","embeddable":true,"href":"https:\/\/gazetaregionalna.com\/index.php?rest_route=%2Fwp%2Fv2%2Fcategories&post=118262"},{"taxonomy":"post_tag","embeddable":true,"href":"https:\/\/gazetaregionalna.com\/index.php?rest_route=%2Fwp%2Fv2%2Ftags&post=118262"}],"curies":[{"name":"wp","href":"https:\/\/api.w.org\/{rel}","templated":true}]}}