{"id":11810,"date":"2020-04-22T11:13:10","date_gmt":"2020-04-22T11:13:10","guid":{"rendered":"https:\/\/gazetaregionalna.com\/?p=11810"},"modified":"2020-04-22T11:13:13","modified_gmt":"2020-04-22T11:13:13","slug":"dobre-wiadomosci-z-centralnej-szkoly-psp-w-czestochowie","status":"publish","type":"post","link":"https:\/\/gazetaregionalna.com\/?p=11810","title":{"rendered":"Dobre wiadomo\u015bci z Centralnej Szko\u0142y PSP w Cz\u0119stochowie"},"content":{"rendered":"\n<p> Ujemne okaza\u0142y si\u0119 wyniki bada\u0144 pr\u00f3bek pobranych od przebywaj\u0105cych w Centralnej Szkole Pa\u0144stwowej Stra\u017cy Po\u017carnej w Cz\u0119stochowie podchor\u0105\u017cych z Warszawy.<\/p>\n\n\n\n<p><br> Studenci b\u0119d\u0105 przebywa\u0107 w Cz\u0119stochowie na kwarantannie na pewno do przysz\u0142ego tygodnia. O ich dalszych losach zadecyduje w pierwszej kolejno\u015bci lekarz, a potem w\u0142adze uczelni ze stolicy.<\/p>\n\n\n\n<p>Student, u kt\u00f3rego wykryto COVID-19 do Cz\u0119stochowy przyjecha\u0142 z kilkudziesi\u0119cioma innymi studentami warszawskiej szko\u0142y po\u017carniczej w ubieg\u0142y wtorek. <br> M\u0142ody cz\u0142owiek poczu\u0142 si\u0119 \u017ale pod koniec ubieg\u0142ego tygodnia. Gor\u0105czkowa\u0142, wi\u0119c pobrano od niego wymaz do kontroli. Kiedy w niedziel\u0119 wynik badania okaza\u0142 si\u0119 dodatni, ponownie pod k\u0105tem koronawirusa przebadano pozosta\u0142ych 37 jego koleg\u00f3w z kwarantanny.<\/p>\n\n\n\n<ul class=\"wp-block-list\"><li><em>Na szcz\u0119\u015bcie wyniki wszystkich pr\u00f3bek s\u0105 ujemne<\/em> &#8211; powiedzia\u0142 nam rzecznik prasowy szko\u0142y, brygadier Dariusz Andryszkiewicz. &#8211; <em>Studenci nadal przebywaj\u0105 w odosobnieniu, w oddzielnych budynkach, z dala od naszej kadry i student\u00f3w. Stan chorego podchor\u0105\u017cego bardzo si\u0119 poprawi\u0142. Czuje si\u0119 on ju\u017c bardzo dobrze, ale w dalszym ci\u0105gu przebywa w izolatce<\/em> &#8211; doda\u0142 rzecznik.<\/li><li> (Fot. fireon.pl) <\/li><\/ul>\n\n\n\n<p><\/p>\n","protected":false},"excerpt":{"rendered":"<p>Ujemne okaza\u0142y si\u0119 wyniki bada\u0144 pr\u00f3bek pobranych od przebywaj\u0105cych w Centralnej Szkole Pa\u0144stwowej Stra\u017cy Po\u017carnej w Cz\u0119stochowie podchor\u0105\u017cych z Warszawy. Studenci b\u0119d\u0105 przebywa\u0107 w<\/p>\n","protected":false},"author":7,"featured_media":11643,"comment_status":"open","ping_status":"open","sticky":false,"template":"","format":"standard","meta":{"_monsterinsights_skip_tracking":false,"_monsterinsights_sitenote_active":false,"_monsterinsights_sitenote_note":"","_monsterinsights_sitenote_category":0,"_uf_show_specific_survey":0,"_uf_disable_surveys":false,"footnotes":""},"categories":[94,3,2],"tags":[],"class_list":["post-11810","post","type-post","status-publish","format-standard","has-post-thumbnail","hentry","category-polecane","category-czestochowa-informacje","category-wiadomosci"],"_links":{"self":[{"href":"https:\/\/gazetaregionalna.com\/index.php?rest_route=\/wp\/v2\/posts\/11810","targetHints":{"allow":["GET"]}}],"collection":[{"href":"https:\/\/gazetaregionalna.com\/index.php?rest_route=\/wp\/v2\/posts"}],"about":[{"href":"https:\/\/gazetaregionalna.com\/index.php?rest_route=\/wp\/v2\/types\/post"}],"author":[{"embeddable":true,"href":"https:\/\/gazetaregionalna.com\/index.php?rest_route=\/wp\/v2\/users\/7"}],"replies":[{"embeddable":true,"href":"https:\/\/gazetaregionalna.com\/index.php?rest_route=%2Fwp%2Fv2%2Fcomments&post=11810"}],"version-history":[{"count":1,"href":"https:\/\/gazetaregionalna.com\/index.php?rest_route=\/wp\/v2\/posts\/11810\/revisions"}],"predecessor-version":[{"id":11811,"href":"https:\/\/gazetaregionalna.com\/index.php?rest_route=\/wp\/v2\/posts\/11810\/revisions\/11811"}],"wp:featuredmedia":[{"embeddable":true,"href":"https:\/\/gazetaregionalna.com\/index.php?rest_route=\/wp\/v2\/media\/11643"}],"wp:attachment":[{"href":"https:\/\/gazetaregionalna.com\/index.php?rest_route=%2Fwp%2Fv2%2Fmedia&parent=11810"}],"wp:term":[{"taxonomy":"category","embeddable":true,"href":"https:\/\/gazetaregionalna.com\/index.php?rest_route=%2Fwp%2Fv2%2Fcategories&post=11810"},{"taxonomy":"post_tag","embeddable":true,"href":"https:\/\/gazetaregionalna.com\/index.php?rest_route=%2Fwp%2Fv2%2Ftags&post=11810"}],"curies":[{"name":"wp","href":"https:\/\/api.w.org\/{rel}","templated":true}]}}