{"id":11802,"date":"2020-04-22T10:36:40","date_gmt":"2020-04-22T10:36:40","guid":{"rendered":"https:\/\/gazetaregionalna.com\/?p=11802"},"modified":"2020-04-22T10:36:44","modified_gmt":"2020-04-22T10:36:44","slug":"wspolnie-dbajmy-o-srodowisko-wybierzmy-kociol-na-5","status":"publish","type":"post","link":"https:\/\/gazetaregionalna.com\/?p=11802","title":{"rendered":"Wsp\u00f3lnie dbajmy o \u015brodowisko. Wybierzmy kocio\u0142 na \u201e5\u201d"},"content":{"rendered":"\n<p><strong>O tym, \u017ce musimy dba\u0107 o \u015brodowisko naturalne, przekonywa\u0107 chyba ju\u017c nikogo nie trzeba. Czysta woda i czyste powietrze, to prawdziwe skarby, kt\u00f3rych niczym nie mo\u017cna zast\u0105pi\u0107. W ograniczeniu gro\u017anych zanieczyszcze\u0144 powietrza pom\u00f3c nam mog\u0105 coraz nowocze\u015bniejsze technologie i rozwi\u0105zania. W po\u0142\u0105czeniu z wiedz\u0105 specjalist\u00f3w daj\u0105 one naprawd\u0119 pot\u0119\u017cne narz\u0119dzie w walce o zdrow\u0105 przyrod\u0119.<\/strong><\/p>\n\n\n\n<p>Takie\nw\u0142a\u015bnie rozwi\u0105zania, poparte wiedz\u0105 i do\u015bwiadczeniem proponuje firma Komiz\u00ae. To\nproducent kot\u0142\u00f3w sztoker\u00ae. Jak informuje firma, &#8222;s\u0105 one przeznaczone do\nprzygotowania ciep\u0142ej wody w uk\u0142adach centralnego ogrzewania do temperatury na\nwyj\u015bciu z kot\u0142a nie przekraczaj\u0105cej 85\u00b0 Celsjusza\u201d.<\/p>\n\n\n\n<figure class=\"wp-block-gallery columns-1 is-cropped wp-block-gallery-1 is-layout-flex wp-block-gallery-is-layout-flex\"><ul class=\"blocks-gallery-grid\"><li class=\"blocks-gallery-item\"><figure><img decoding=\"async\" width=\"1000\" height=\"1002\" data-src=\"https:\/\/gazetaregionalna.com\/wp-content\/uploads\/2020\/04\/Sztoker_2.jpg\" alt=\"\" data-id=\"11803\" data-full-url=\"https:\/\/gazetaregionalna.com\/wp-content\/uploads\/2020\/04\/Sztoker_2.jpg\" data-link=\"https:\/\/gazetaregionalna.com\/?attachment_id=11803\" class=\"wp-image-11803 lazyload\" data-srcset=\"https:\/\/gazetaregionalna.com\/wp-content\/uploads\/2020\/04\/Sztoker_2.jpg 1000w, https:\/\/gazetaregionalna.com\/wp-content\/uploads\/2020\/04\/Sztoker_2-300x300.jpg 300w, https:\/\/gazetaregionalna.com\/wp-content\/uploads\/2020\/04\/Sztoker_2-150x150.jpg 150w, https:\/\/gazetaregionalna.com\/wp-content\/uploads\/2020\/04\/Sztoker_2-768x770.jpg 768w, https:\/\/gazetaregionalna.com\/wp-content\/uploads\/2020\/04\/Sztoker_2-696x697.jpg 696w, https:\/\/gazetaregionalna.com\/wp-content\/uploads\/2020\/04\/Sztoker_2-419x420.jpg 419w\" data-sizes=\"(max-width: 1000px) 100vw, 1000px\" src=\"data:image\/svg+xml;base64,PHN2ZyB3aWR0aD0iMSIgaGVpZ2h0PSIxIiB4bWxucz0iaHR0cDovL3d3dy53My5vcmcvMjAwMC9zdmciPjwvc3ZnPg==\" style=\"--smush-placeholder-width: 1000px; --smush-placeholder-aspect-ratio: 1000\/1002;\" \/><\/figure><\/li><\/ul><\/figure>\n\n\n\n<p>To idealne\nrozwi\u0105zanie, gdy\u017c kot\u0142y te mo\u017cna z powodzeniem wykorzystywa\u0107 w instalacjach\ncentralnego ogrzewania i ciep\u0142ej wody u\u017cytkowej zar\u00f3wno w uk\u0142adach grawitacyjnych\njak i w obiegach wymuszonych tzw. pompowych. Jak zapewnia producent tych\nurz\u0105dze\u0144, kot\u0142y doskonale sprawdz\u0105 si\u0119 do ogrzewania zar\u00f3wno budynk\u00f3w jedno-\noraz wielorodzinnych. Z&nbsp; rozwi\u0105za\u0144 firmy\nkorzysta\u0107 mog\u0105 tak\u017ce budynki u\u017cyteczno\u015bci publicznej, sklepy oraz obiekty\nprodukcyjne. Wszystko dzi\u0119ki wysokiej wydajno\u015bci urz\u0105dze\u0144.<\/p>\n\n\n\n<figure class=\"wp-block-gallery columns-1 is-cropped wp-block-gallery-2 is-layout-flex wp-block-gallery-is-layout-flex\"><ul class=\"blocks-gallery-grid\"><li class=\"blocks-gallery-item\"><figure><img decoding=\"async\" width=\"769\" height=\"1024\" data-src=\"https:\/\/gazetaregionalna.com\/wp-content\/uploads\/2020\/04\/sztokerplus-769x1024.jpg\" alt=\"\" data-id=\"11804\" data-full-url=\"https:\/\/gazetaregionalna.com\/wp-content\/uploads\/2020\/04\/sztokerplus.jpg\" data-link=\"https:\/\/gazetaregionalna.com\/?attachment_id=11804\" class=\"wp-image-11804 lazyload\" data-srcset=\"https:\/\/gazetaregionalna.com\/wp-content\/uploads\/2020\/04\/sztokerplus-769x1024.jpg 769w, https:\/\/gazetaregionalna.com\/wp-content\/uploads\/2020\/04\/sztokerplus-225x300.jpg 225w, https:\/\/gazetaregionalna.com\/wp-content\/uploads\/2020\/04\/sztokerplus-768x1023.jpg 768w, https:\/\/gazetaregionalna.com\/wp-content\/uploads\/2020\/04\/sztokerplus-696x927.jpg 696w, https:\/\/gazetaregionalna.com\/wp-content\/uploads\/2020\/04\/sztokerplus-315x420.jpg 315w, https:\/\/gazetaregionalna.com\/wp-content\/uploads\/2020\/04\/sztokerplus.jpg 1000w\" data-sizes=\"(max-width: 769px) 100vw, 769px\" src=\"data:image\/svg+xml;base64,PHN2ZyB3aWR0aD0iMSIgaGVpZ2h0PSIxIiB4bWxucz0iaHR0cDovL3d3dy53My5vcmcvMjAwMC9zdmciPjwvc3ZnPg==\" style=\"--smush-placeholder-width: 769px; --smush-placeholder-aspect-ratio: 769\/1024;\" \/><\/figure><\/li><\/ul><\/figure>\n\n\n\n<p>Urz\u0105dzenia\nfirmy Komiz\u00ae s\u0105 nie tylko nowoczesne, wydajne, ale tak\u017ce wytrzyma\u0142e.<\/p>\n\n\n\n<p>Kot\u0142y te\nposiadaj\u0105 atesty najwy\u017cszej, pi\u0105tej klasy wg normy PN EN 303-5:2012. Zosta\u0142y\nwysoko ocenione nie tylko w zakresie cieplno-emisyjnym, ale tak\u017ce pod wzgl\u0119dem\nbezpiecze\u0144stwa u\u017cytkowania. Produkty firmy spe\u0142niaj\u0105 ponadto wymogi dotycz\u0105ce\nekoprojektu (tzw.ecodesignu) UE 1189\/2015.<\/p>\n\n\n\n<p>Istotn\u0105\nzalet\u0105 kot\u0142\u00f3w firmy Komiz\u00ae s\u0105 bardzo ma\u0142e wymiary oraz du\u017ca wygoda ich\nu\u017cytkowania. Jak zapewnia producent, nie trzeba wcale wielkiego wysi\u0142ku, aby w\ndomu czy biurze mie\u0107 ciep\u0142o. Obs\u0142uga kot\u0142a jest bardzo \u0142atwa. Zautomatyzowane\nurz\u0105dzenia nie wymagaj\u0105 \u017cadnych specjalnych umiej\u0119tno\u015bci. Wystarczy tylko\nopanowanie zamontowanego w kotle panelu sterowania. Uzupe\u0142nianie zasobnika\npaliwa w kot\u0142ach sztoker\u00ae i usuwanie popio\u0142u r\u00f3wnie\u017c nie sprawia wi\u0119kszego\nproblemu. Odbywa si\u0119 co kilka dni, co jest zalet\u0105 dla os\u00f3b, kt\u00f3re ceni\u0105 sobie\nczas.<\/p>\n\n\n\n<figure class=\"wp-block-gallery columns-1 is-cropped wp-block-gallery-3 is-layout-flex wp-block-gallery-is-layout-flex\"><ul class=\"blocks-gallery-grid\"><li class=\"blocks-gallery-item\"><figure><img decoding=\"async\" width=\"896\" height=\"1024\" data-src=\"https:\/\/gazetaregionalna.com\/wp-content\/uploads\/2020\/04\/bio-12_1m-896x1024.jpg\" alt=\"\" data-id=\"11805\" data-full-url=\"https:\/\/gazetaregionalna.com\/wp-content\/uploads\/2020\/04\/bio-12_1m.jpg\" data-link=\"https:\/\/gazetaregionalna.com\/?attachment_id=11805\" class=\"wp-image-11805 lazyload\" data-srcset=\"https:\/\/gazetaregionalna.com\/wp-content\/uploads\/2020\/04\/bio-12_1m-896x1024.jpg 896w, https:\/\/gazetaregionalna.com\/wp-content\/uploads\/2020\/04\/bio-12_1m-262x300.jpg 262w, https:\/\/gazetaregionalna.com\/wp-content\/uploads\/2020\/04\/bio-12_1m-768x878.jpg 768w, https:\/\/gazetaregionalna.com\/wp-content\/uploads\/2020\/04\/bio-12_1m-696x796.jpg 696w, https:\/\/gazetaregionalna.com\/wp-content\/uploads\/2020\/04\/bio-12_1m-1068x1221.jpg 1068w, https:\/\/gazetaregionalna.com\/wp-content\/uploads\/2020\/04\/bio-12_1m-367x420.jpg 367w, https:\/\/gazetaregionalna.com\/wp-content\/uploads\/2020\/04\/bio-12_1m.jpg 1088w\" data-sizes=\"(max-width: 896px) 100vw, 896px\" src=\"data:image\/svg+xml;base64,PHN2ZyB3aWR0aD0iMSIgaGVpZ2h0PSIxIiB4bWxucz0iaHR0cDovL3d3dy53My5vcmcvMjAwMC9zdmciPjwvc3ZnPg==\" style=\"--smush-placeholder-width: 896px; --smush-placeholder-aspect-ratio: 896\/1024;\" \/><figcaption class=\"blocks-gallery-item__caption\">www.fotopleszew.com.pl<\/figcaption><\/figure><\/li><\/ul><\/figure>\n\n\n\n<p>Zakup\nkot\u0142\u00f3w pi\u0105tej klasy odbywa si\u0119 z r\u00f3\u017cnego rodzaju dofinansowanie. Jednym z\nobecnie dost\u0119pnych dofinansowa\u0144 jest program \u201eCzyste powietrze\u201d. To ciekawe i\npomocne rozwi\u0105zanie, kt\u00f3re przyczyni si\u0119 do ochrony \u015brodowiska naturalnego.<\/p>\n\n\n\n<p>Jako\u015b\u0107,\ninnowacyjno\u015b\u0107, a tak\u017ce efektywno\u015b\u0107 urz\u0105dze\u0144 produkowanych przez Komiz\u00ae zosta\u0142y\ndocenione przez specjalist\u00f3w. Firma mo\u017ce si\u0119 pochwali\u0107 licznymi nagrodami i\nmedalami, otrzyma\u0142a np. &#8222;Nagrod\u0119 Konsumenta 2019&#8221;, kt\u00f3ra przyznawana\njest za wysok\u0105 jako\u015b\u0107 produkt\u00f3w, kt\u00f3remu towarzyszy wysokie zadowolenie\nkonsument\u00f3w.<\/p>\n\n\n\n<p>Komiz jest\nr\u00f3wnie\u017c posiadaczem presti\u017cowego certyfikatu &#8222;Bardzo Dobra Marka&#8221;. <\/p>\n\n\n\n<figure class=\"wp-block-gallery columns-1 is-cropped wp-block-gallery-4 is-layout-flex wp-block-gallery-is-layout-flex\"><ul class=\"blocks-gallery-grid\"><li class=\"blocks-gallery-item\"><figure><img decoding=\"async\" width=\"834\" height=\"1024\" data-src=\"https:\/\/gazetaregionalna.com\/wp-content\/uploads\/2020\/04\/bio-24_2m-834x1024.jpg\" alt=\"\" data-id=\"11806\" data-full-url=\"https:\/\/gazetaregionalna.com\/wp-content\/uploads\/2020\/04\/bio-24_2m.jpg\" data-link=\"https:\/\/gazetaregionalna.com\/?attachment_id=11806\" class=\"wp-image-11806 lazyload\" data-srcset=\"https:\/\/gazetaregionalna.com\/wp-content\/uploads\/2020\/04\/bio-24_2m-834x1024.jpg 834w, https:\/\/gazetaregionalna.com\/wp-content\/uploads\/2020\/04\/bio-24_2m-244x300.jpg 244w, https:\/\/gazetaregionalna.com\/wp-content\/uploads\/2020\/04\/bio-24_2m-768x943.jpg 768w, https:\/\/gazetaregionalna.com\/wp-content\/uploads\/2020\/04\/bio-24_2m-696x854.jpg 696w, https:\/\/gazetaregionalna.com\/wp-content\/uploads\/2020\/04\/bio-24_2m-342x420.jpg 342w, https:\/\/gazetaregionalna.com\/wp-content\/uploads\/2020\/04\/bio-24_2m.jpg 896w\" data-sizes=\"(max-width: 834px) 100vw, 834px\" src=\"data:image\/svg+xml;base64,PHN2ZyB3aWR0aD0iMSIgaGVpZ2h0PSIxIiB4bWxucz0iaHR0cDovL3d3dy53My5vcmcvMjAwMC9zdmciPjwvc3ZnPg==\" style=\"--smush-placeholder-width: 834px; --smush-placeholder-aspect-ratio: 834\/1024;\" \/><figcaption class=\"blocks-gallery-item__caption\">www.fotopleszew.com.pl<\/figcaption><\/figure><\/li><\/ul><\/figure>\n\n\n\n<p>Szczeg\u00f3\u0142y dotycz\u0105ce oferty znale\u017a\u0107 mo\u017cna na stronie internetowej: <a href=\"..\/AppData\/Local\/Temp\/www.komiz.pl\">www.komiz.pl<\/a><\/p>\n","protected":false},"excerpt":{"rendered":"<p>O tym, \u017ce musimy dba\u0107 o \u015brodowisko naturalne, przekonywa\u0107 chyba ju\u017c nikogo nie trzeba. Czysta woda i czyste powietrze, to prawdziwe skarby, kt\u00f3rych niczym<\/p>\n","protected":false},"author":5,"featured_media":11808,"comment_status":"open","ping_status":"open","sticky":false,"template":"","format":"standard","meta":{"_monsterinsights_skip_tracking":false,"_monsterinsights_sitenote_active":false,"_monsterinsights_sitenote_note":"","_monsterinsights_sitenote_category":0,"_uf_show_specific_survey":0,"_uf_disable_surveys":false,"footnotes":""},"categories":[17,20,29],"tags":[429,109,426,427,428],"class_list":["post-11802","post","type-post","status-publish","format-standard","has-post-thumbnail","hentry","category-dom","category-budownictwo","category-ekologia","tag-dbanie-o-srodowisko","tag-ekologia","tag-kociol","tag-kociol-5-klasy","tag-kociol-ekologiczny"],"_links":{"self":[{"href":"https:\/\/gazetaregionalna.com\/index.php?rest_route=\/wp\/v2\/posts\/11802","targetHints":{"allow":["GET"]}}],"collection":[{"href":"https:\/\/gazetaregionalna.com\/index.php?rest_route=\/wp\/v2\/posts"}],"about":[{"href":"https:\/\/gazetaregionalna.com\/index.php?rest_route=\/wp\/v2\/types\/post"}],"author":[{"embeddable":true,"href":"https:\/\/gazetaregionalna.com\/index.php?rest_route=\/wp\/v2\/users\/5"}],"replies":[{"embeddable":true,"href":"https:\/\/gazetaregionalna.com\/index.php?rest_route=%2Fwp%2Fv2%2Fcomments&post=11802"}],"version-history":[{"count":1,"href":"https:\/\/gazetaregionalna.com\/index.php?rest_route=\/wp\/v2\/posts\/11802\/revisions"}],"predecessor-version":[{"id":11809,"href":"https:\/\/gazetaregionalna.com\/index.php?rest_route=\/wp\/v2\/posts\/11802\/revisions\/11809"}],"wp:featuredmedia":[{"embeddable":true,"href":"https:\/\/gazetaregionalna.com\/index.php?rest_route=\/wp\/v2\/media\/11808"}],"wp:attachment":[{"href":"https:\/\/gazetaregionalna.com\/index.php?rest_route=%2Fwp%2Fv2%2Fmedia&parent=11802"}],"wp:term":[{"taxonomy":"category","embeddable":true,"href":"https:\/\/gazetaregionalna.com\/index.php?rest_route=%2Fwp%2Fv2%2Fcategories&post=11802"},{"taxonomy":"post_tag","embeddable":true,"href":"https:\/\/gazetaregionalna.com\/index.php?rest_route=%2Fwp%2Fv2%2Ftags&post=11802"}],"curies":[{"name":"wp","href":"https:\/\/api.w.org\/{rel}","templated":true}]}}