{"id":117344,"date":"2023-11-16T20:23:17","date_gmt":"2023-11-16T20:23:17","guid":{"rendered":"https:\/\/gazetaregionalna.com\/?p=117344"},"modified":"2023-11-16T20:23:18","modified_gmt":"2023-11-16T20:23:18","slug":"janusz-slaczka-juz-oficjalnie-trenerem-wlokniarza-czestochowa","status":"publish","type":"post","link":"https:\/\/gazetaregionalna.com\/?p=117344","title":{"rendered":"Janusz \u015al\u0105czka ju\u017c oficjalnie trenerem W\u0142\u00f3kniarza Cz\u0119stochowa"},"content":{"rendered":"\n<p>To o czym informowali\u015bmy ju\u017c 2 listopada zosta\u0142o oficjalnie potwierdzone dzisiaj. Janusz \u015al\u0105czka zosta\u0142 przedstawiony jako nowy trener W\u0142\u00f3kniarza Cz\u0119stochowa.<\/p>\n\n\n\n<p>W czwartek rano W\u0142\u00f3kniarz oficjalnie poinformowa\u0142, \u017ce z klubu odchodzi dotychczasowy trener Lech K\u0119dziora. P\u00f3\u017aniej pojawi\u0142a si\u0119 informacja, \u017ce nowym trenerem oficjalnie b\u0119dzie Janusz \u015al\u0105czka.<\/p>\n\n\n\n<p>\u015al\u0105czka przez 3 ostatnie sezony by\u0142 trenerem GKM-u Grudzi\u0105dz. W przesz\u0142o\u015bci prowadzi\u0142 te\u017c Wilki Krosno. \u015al\u0105czka ma 52 lata.<\/p>\n\n\n\n<p>AK, fot: Grzegorz Misiak (W\u0142\u00f3kniarz Cz\u0119stochowa)<\/p>\n\n\n\n<figure class=\"wp-block-image size-large\"><img decoding=\"async\" width=\"708\" height=\"1024\" data-src=\"https:\/\/gazetaregionalna.com\/wp-content\/uploads\/2023\/11\/Janusz-Slaczka-foto-grzegorz-misiak_1700146334_6334-708x1024.jpeg\" alt=\"\" class=\"wp-image-117345 lazyload\" data-srcset=\"https:\/\/gazetaregionalna.com\/wp-content\/uploads\/2023\/11\/Janusz-Slaczka-foto-grzegorz-misiak_1700146334_6334-708x1024.jpeg 708w, https:\/\/gazetaregionalna.com\/wp-content\/uploads\/2023\/11\/Janusz-Slaczka-foto-grzegorz-misiak_1700146334_6334-207x300.jpeg 207w, https:\/\/gazetaregionalna.com\/wp-content\/uploads\/2023\/11\/Janusz-Slaczka-foto-grzegorz-misiak_1700146334_6334-768x1111.jpeg 768w, https:\/\/gazetaregionalna.com\/wp-content\/uploads\/2023\/11\/Janusz-Slaczka-foto-grzegorz-misiak_1700146334_6334-1062x1536.jpeg 1062w, https:\/\/gazetaregionalna.com\/wp-content\/uploads\/2023\/11\/Janusz-Slaczka-foto-grzegorz-misiak_1700146334_6334-1416x2048.jpeg 1416w, https:\/\/gazetaregionalna.com\/wp-content\/uploads\/2023\/11\/Janusz-Slaczka-foto-grzegorz-misiak_1700146334_6334-696x1007.jpeg 696w, https:\/\/gazetaregionalna.com\/wp-content\/uploads\/2023\/11\/Janusz-Slaczka-foto-grzegorz-misiak_1700146334_6334-1068x1545.jpeg 1068w, https:\/\/gazetaregionalna.com\/wp-content\/uploads\/2023\/11\/Janusz-Slaczka-foto-grzegorz-misiak_1700146334_6334-1920x2777.jpeg 1920w, https:\/\/gazetaregionalna.com\/wp-content\/uploads\/2023\/11\/Janusz-Slaczka-foto-grzegorz-misiak_1700146334_6334-290x420.jpeg 290w, https:\/\/gazetaregionalna.com\/wp-content\/uploads\/2023\/11\/Janusz-Slaczka-foto-grzegorz-misiak_1700146334_6334-scaled.jpeg 1106w\" data-sizes=\"(max-width: 708px) 100vw, 708px\" src=\"data:image\/svg+xml;base64,PHN2ZyB3aWR0aD0iMSIgaGVpZ2h0PSIxIiB4bWxucz0iaHR0cDovL3d3dy53My5vcmcvMjAwMC9zdmciPjwvc3ZnPg==\" style=\"--smush-placeholder-width: 708px; --smush-placeholder-aspect-ratio: 708\/1024;\" \/><\/figure>\n\n\n\n<figure class=\"wp-block-image size-large\"><img decoding=\"async\" width=\"300\" height=\"250\" data-src=\"https:\/\/gazetaregionalna.com\/wp-content\/uploads\/2022\/04\/DMK-7.jpg\" alt=\"\" class=\"wp-image-77214 lazyload\" src=\"data:image\/svg+xml;base64,PHN2ZyB3aWR0aD0iMSIgaGVpZ2h0PSIxIiB4bWxucz0iaHR0cDovL3d3dy53My5vcmcvMjAwMC9zdmciPjwvc3ZnPg==\" style=\"--smush-placeholder-width: 300px; --smush-placeholder-aspect-ratio: 300\/250;\"><\/figure>\n","protected":false},"excerpt":{"rendered":"<p>To o czym informowali\u015bmy ju\u017c 2 listopada zosta\u0142o oficjalnie potwierdzone dzisiaj. Janusz \u015al\u0105czka zosta\u0142 przedstawiony jako nowy trener W\u0142\u00f3kniarza Cz\u0119stochowa. W czwartek rano W\u0142\u00f3kniarz<\/p>\n","protected":false},"author":15,"featured_media":117345,"comment_status":"closed","ping_status":"open","sticky":false,"template":"","format":"standard","meta":{"_monsterinsights_skip_tracking":false,"_monsterinsights_sitenote_active":false,"_monsterinsights_sitenote_note":"","_monsterinsights_sitenote_category":0,"_uf_show_specific_survey":0,"_uf_disable_surveys":false,"footnotes":""},"categories":[94,5,7],"tags":[],"class_list":["post-117344","post","type-post","status-publish","format-standard","has-post-thumbnail","hentry","category-polecane","category-sport","category-zuzel"],"_links":{"self":[{"href":"https:\/\/gazetaregionalna.com\/index.php?rest_route=\/wp\/v2\/posts\/117344","targetHints":{"allow":["GET"]}}],"collection":[{"href":"https:\/\/gazetaregionalna.com\/index.php?rest_route=\/wp\/v2\/posts"}],"about":[{"href":"https:\/\/gazetaregionalna.com\/index.php?rest_route=\/wp\/v2\/types\/post"}],"author":[{"embeddable":true,"href":"https:\/\/gazetaregionalna.com\/index.php?rest_route=\/wp\/v2\/users\/15"}],"replies":[{"embeddable":true,"href":"https:\/\/gazetaregionalna.com\/index.php?rest_route=%2Fwp%2Fv2%2Fcomments&post=117344"}],"version-history":[{"count":1,"href":"https:\/\/gazetaregionalna.com\/index.php?rest_route=\/wp\/v2\/posts\/117344\/revisions"}],"predecessor-version":[{"id":117346,"href":"https:\/\/gazetaregionalna.com\/index.php?rest_route=\/wp\/v2\/posts\/117344\/revisions\/117346"}],"wp:featuredmedia":[{"embeddable":true,"href":"https:\/\/gazetaregionalna.com\/index.php?rest_route=\/wp\/v2\/media\/117345"}],"wp:attachment":[{"href":"https:\/\/gazetaregionalna.com\/index.php?rest_route=%2Fwp%2Fv2%2Fmedia&parent=117344"}],"wp:term":[{"taxonomy":"category","embeddable":true,"href":"https:\/\/gazetaregionalna.com\/index.php?rest_route=%2Fwp%2Fv2%2Fcategories&post=117344"},{"taxonomy":"post_tag","embeddable":true,"href":"https:\/\/gazetaregionalna.com\/index.php?rest_route=%2Fwp%2Fv2%2Ftags&post=117344"}],"curies":[{"name":"wp","href":"https:\/\/api.w.org\/{rel}","templated":true}]}}