{"id":117212,"date":"2023-11-14T19:02:39","date_gmt":"2023-11-14T19:02:39","guid":{"rendered":"https:\/\/gazetaregionalna.com\/?p=117212"},"modified":"2023-11-14T19:03:21","modified_gmt":"2023-11-14T19:03:21","slug":"magazyny-energii-i-oze-ankiety","status":"publish","type":"post","link":"https:\/\/gazetaregionalna.com\/?p=117212","title":{"rendered":"Cz\u0119stochowa. Magazyny energii i OZE &#8211; ankiety mo\u017cna sk\u0142ada\u0107 do 24 listopada"},"content":{"rendered":"\n<h2 class=\"wp-block-heading\">Przed\u0142u\u017cono termin sk\u0142adania w Urz\u0119dzie Miasta Cz\u0119stochowy ankiet dla os\u00f3b zainteresowanych dotacjami na tzw. magazyny energii oraz monta\u017c odnawialnych \u017ar\u00f3de\u0142 energii w ramach projekt\u00f3w S\u0142oneczna Gmina II i III.\u00a0Up\u0142ywa on 24 listopada.<\/h2>\n\n\n\n<p>S\u0142oneczna Gmina II dotyczy tzw. magazyn\u00f3w energii. Magazyn taki przechowuje to, co produkuj\u0105 panele fotowoltaiczne \u2013 tak aby z tej energii mo\u017cna by\u0142o skorzysta\u0107 w dowolnej chwili (np. w razie awarii, ale tak\u017ce po zmroku \u2013 gdy panele nie pracuj\u0105). Dzi\u0119ki magazynowi sprz\u0119t elektryczny zasilany jest pr\u0105dem z OZE d\u0142u\u017cej, optymalizuje si\u0119 zatem wska\u017anik zu\u017cycia energii w gospodarstwie domowym. Przek\u0142ada si\u0119 to bezpo\u015brednio na spore oszcz\u0119dno\u015bci, daje wi\u0119ksz\u0105 niezale\u017cno\u015b\u0107 od sieci energetycznej. Latem mo\u017ce w og\u00f3le zapewnia\u0107 du\u017c\u0105 samowystarczalno\u015b\u0107, uwalniaj\u0105c okresowo od konieczno\u015bci zakupu pr\u0105du od dystrybutora.<\/p>\n\n\n\n<p>W ramach S\u0142onecznej Gminy II magazyny energii b\u0119d\u0105 instalowane w budynkach u\u017cyteczno\u015bci publicznej, ale mo\u017cna si\u0119 tak\u017ce ubiega\u0107 si\u0119 o dotacj\u0119 na ich zakup i monta\u017c w prywatnych budynkach mieszkalnych. <\/p>\n\n\n\n<p>Suma \u015brodk\u00f3w zaplanowanych do rozdysponowania na dofinansowanie magazyn\u00f3w energii w Cz\u0119stochowie wynosi 30 mln z\u0142. Ca\u0142a warto\u015b\u0107 projektu si\u0119ga niemal 35,3 mln z\u0142.<\/p>\n\n\n\n<p>Dotacje S\u0142onecznej Gminy III obejm\u0105 natomiast monta\u017c urz\u0105dze\u0144 do produkcji energii ze \u017ar\u00f3de\u0142 odnawialnych (OZE) \u2013\u00a0 instalacji solarnych, fotowoltaicznych oraz pomp ciep\u0142a. B\u0119dzie ponad 17,2 mln z\u0142 do podzia\u0142u w ramach dofinansowania, z kolei warto\u015b\u0107 ca\u0142ego projektu to 30 mln z\u0142. \u00a0<\/p>\n\n\n\n<p>Obie edycje s\u0105 na li\u015bcie projekt\u00f3w towarzysz\u0105cych Strategii Rozwoju Subregionu P\u00f3\u0142nocnego na lata 2021-2027 z perspektyw\u0105 do 2030, wi\u0119c b\u0119d\u0105 finansowane z subregionalnej puli \u015brodk\u00f3w unijnych. Dokument zosta\u0142 przyj\u0119ty na Walnym Zebraniu Cz\u0142onk\u00f3w Zwi\u0105zku Gmin i Powiat\u00f3w Subregionu P\u00f3\u0142nocnego Wojew\u00f3dztwa \u015al\u0105skiego.<\/p>\n\n\n\n<p>Inwestycje, kt\u00f3re uzyskaj\u0105 dofinansowanie, b\u0119d\u0105 realizowane \u2013 wed\u0142ug prognoz\u2013 od 2024 do 2029 r.<\/p>\n\n\n\n<p>Szczeg\u00f3\u0142owe informacje dotycz\u0105ce projekt\u00f3w mo\u017cna uzyska\u0107 w Firmie DOEKO Group Sp. z o.o. pod numerem tel. 12 446 42 97 oraz w Urz\u0119dzie Miasta Cz\u0119stochowy w Wydziale Ochrony \u015arodowiska, Rolnictwa i Le\u015bnictwa pod numerem tel. 34 370 73 56, 34 370 74 16.<\/p>\n\n\n\n<p><strong>Ankiet\u0119 mo\u017cna pobra\u0107 w <a href=\"https:\/\/www.czestochowa.pl\/dotacje-ekologiczne-magazyny-energii\" target=\"_blank\" rel=\"noreferrer noopener\">portalu miejskim<\/a> pod informacj\u0105 dotycz\u0105c\u0105 projektu. Osoby zainteresowane mog\u0105 je sk\u0142ada\u0107 do pi\u0105tku, 24 listopada w Urz\u0119dzie Miasta Cz\u0119stochowy przy ul. \u015al\u0105skiej 3\/5.<\/strong><\/p>\n\n\n\n<p><strong>red., mat. UM Cz\u0119stochowy<\/strong><\/p>\n","protected":false},"excerpt":{"rendered":"<p>Przed\u0142u\u017cono termin sk\u0142adania w Urz\u0119dzie Miasta Cz\u0119stochowy ankiet dla os\u00f3b zainteresowanych dotacjami na tzw. magazyny energii oraz monta\u017c odnawialnych \u017ar\u00f3de\u0142 energii w ramach projekt\u00f3w<\/p>\n","protected":false},"author":11,"featured_media":117215,"comment_status":"closed","ping_status":"open","sticky":false,"template":"","format":"standard","meta":{"_monsterinsights_skip_tracking":false,"_monsterinsights_sitenote_active":false,"_monsterinsights_sitenote_note":"","_monsterinsights_sitenote_category":0,"_uf_show_specific_survey":0,"_uf_disable_surveys":false,"footnotes":""},"categories":[17,3,29,94,2],"tags":[8596,144,8595,5123,8597],"class_list":["post-117212","post","type-post","status-publish","format-standard","has-post-thumbnail","hentry","category-dom","category-czestochowa-informacje","category-ekologia","category-polecane","category-wiadomosci","tag-ankiety","tag-czestochowa","tag-magazyny-energii","tag-oze","tag-slonczna-gmina"],"_links":{"self":[{"href":"https:\/\/gazetaregionalna.com\/index.php?rest_route=\/wp\/v2\/posts\/117212","targetHints":{"allow":["GET"]}}],"collection":[{"href":"https:\/\/gazetaregionalna.com\/index.php?rest_route=\/wp\/v2\/posts"}],"about":[{"href":"https:\/\/gazetaregionalna.com\/index.php?rest_route=\/wp\/v2\/types\/post"}],"author":[{"embeddable":true,"href":"https:\/\/gazetaregionalna.com\/index.php?rest_route=\/wp\/v2\/users\/11"}],"replies":[{"embeddable":true,"href":"https:\/\/gazetaregionalna.com\/index.php?rest_route=%2Fwp%2Fv2%2Fcomments&post=117212"}],"version-history":[{"count":2,"href":"https:\/\/gazetaregionalna.com\/index.php?rest_route=\/wp\/v2\/posts\/117212\/revisions"}],"predecessor-version":[{"id":117216,"href":"https:\/\/gazetaregionalna.com\/index.php?rest_route=\/wp\/v2\/posts\/117212\/revisions\/117216"}],"wp:featuredmedia":[{"embeddable":true,"href":"https:\/\/gazetaregionalna.com\/index.php?rest_route=\/wp\/v2\/media\/117215"}],"wp:attachment":[{"href":"https:\/\/gazetaregionalna.com\/index.php?rest_route=%2Fwp%2Fv2%2Fmedia&parent=117212"}],"wp:term":[{"taxonomy":"category","embeddable":true,"href":"https:\/\/gazetaregionalna.com\/index.php?rest_route=%2Fwp%2Fv2%2Fcategories&post=117212"},{"taxonomy":"post_tag","embeddable":true,"href":"https:\/\/gazetaregionalna.com\/index.php?rest_route=%2Fwp%2Fv2%2Ftags&post=117212"}],"curies":[{"name":"wp","href":"https:\/\/api.w.org\/{rel}","templated":true}]}}