{"id":117031,"date":"2023-11-13T11:22:10","date_gmt":"2023-11-13T11:22:10","guid":{"rendered":"https:\/\/gazetaregionalna.com\/?p=117031"},"modified":"2023-11-13T11:22:12","modified_gmt":"2023-11-13T11:22:12","slug":"sztafet","status":"publish","type":"post","link":"https:\/\/gazetaregionalna.com\/?p=117031","title":{"rendered":"Sztafeta dla Niepodleg\u0142ej na Rakowie"},"content":{"rendered":"\n<h4 class=\"wp-block-heading\"><strong>W sobot\u0119, 11 listopada obchodzili\u015bmy Narodowe \u015awi\u0119to Niepodleg\u0142o\u015bci. M\u0142odzie\u017c z Rakowa na sportowo uczci\u0142a pami\u0119\u0107 tych, kt\u00f3rzy walczyli o nasz\u0105 wolno\u015b\u0107. Uczniowie Szko\u0142y Podstawowej nr 7 zorganizowali bowiem bia\u0142o-czerwon\u0105 sztafet\u0119. &nbsp;&nbsp;<\/strong><\/h4>\n\n\n\n<p>11 listopada to wa\u017cna data dla wszystkich Polak\u00f3w, w tym dniu obchodzimy Narodowe \u015awi\u0119to Niepodleg\u0142o\u015bci. Niecodzienny spos\u00f3b na uczczenie 105. rocznicy odzyskania przez Polsk\u0119 wolno\u015bci znale\u017ali uczniowie Szko\u0142y Podstawowej nr 7 im. K.I. Ga\u0142czy\u0144skiego w Cz\u0119stochowie. Wsparcia tej inicjatywie udzieli\u0142 radny miasta Dariusz Kapinos.<\/p>\n\n\n\n<p>Do udzia\u0142u w sztafecie uczniowie \u201eSi\u00f3demki\u201d zaprosili wszystkie szko\u0142y i przedszkola znajduj\u0105ce si\u0119 w dzielnicy Rak\u00f3w. Uczestnicy, z nieskrywan\u0105 dum\u0105 nie\u015bli bia\u0142o-czerwon\u0105 flag\u0119, okazuj\u0105c tym samym szacunek swojej ma\u0142ej i du\u017cej ojczy\u017anie. Ciesz\u0105c si\u0119 woln\u0105 i niepodleg\u0142\u0105 Polsk\u0105, promowali aktywno\u015b\u0107 fizyczn\u0105 i zdrowy styl \u017cycia.<\/p>\n\n\n\n<figure class=\"wp-block-image size-large\"><img decoding=\"async\" width=\"1024\" height=\"576\" data-src=\"https:\/\/gazetaregionalna.com\/wp-content\/uploads\/2023\/11\/image_123650294-1024x576.jpg\" alt=\"\" class=\"wp-image-117037 lazyload\" data-srcset=\"https:\/\/gazetaregionalna.com\/wp-content\/uploads\/2023\/11\/image_123650294-1024x576.jpg 1024w, https:\/\/gazetaregionalna.com\/wp-content\/uploads\/2023\/11\/image_123650294-300x169.jpg 300w, https:\/\/gazetaregionalna.com\/wp-content\/uploads\/2023\/11\/image_123650294-768x432.jpg 768w, https:\/\/gazetaregionalna.com\/wp-content\/uploads\/2023\/11\/image_123650294-1536x864.jpg 1536w, https:\/\/gazetaregionalna.com\/wp-content\/uploads\/2023\/11\/image_123650294-696x392.jpg 696w, https:\/\/gazetaregionalna.com\/wp-content\/uploads\/2023\/11\/image_123650294-1068x601.jpg 1068w, https:\/\/gazetaregionalna.com\/wp-content\/uploads\/2023\/11\/image_123650294-1920x1080.jpg 1920w, https:\/\/gazetaregionalna.com\/wp-content\/uploads\/2023\/11\/image_123650294-747x420.jpg 747w, https:\/\/gazetaregionalna.com\/wp-content\/uploads\/2023\/11\/image_123650294-scaled.jpg 1600w\" data-sizes=\"(max-width: 1024px) 100vw, 1024px\" src=\"data:image\/svg+xml;base64,PHN2ZyB3aWR0aD0iMSIgaGVpZ2h0PSIxIiB4bWxucz0iaHR0cDovL3d3dy53My5vcmcvMjAwMC9zdmciPjwvc3ZnPg==\" style=\"--smush-placeholder-width: 1024px; --smush-placeholder-aspect-ratio: 1024\/576;\" \/><\/figure>\n\n\n\n<p>Mieszka\u0144cy Rakowa bardzo ciep\u0142o witali i pozdrawiali uczni\u00f3w na trasie sztafety, kt\u00f3ra dzi\u0119ki do\u0142\u0105czaj\u0105cym szko\u0142om i przedszkolom stawa\u0142a si\u0119 coraz liczniejsza. Na mecie biegu \u2013 przy placu Orl\u0105t Lwowskich \u2013 odby\u0142y si\u0119 bardziej oficjalne uroczysto\u015bci. Tam te\u017c kapitanowie sztafety przekazali bia\u0142o-czerwon\u0105 flag\u0119 przedstawicielom w\u0142adz: Wojciechowi Koniecznemu \u2013 senatorowi Rzeczpospolitej Polskiej oraz Ryszardowi Stefaniakowi \u2013 zast\u0119pcy Prezydenta Miasta Cz\u0119stochowy.<\/p>\n\n\n\n<p>Podczas obchod\u00f3w Narodowego \u015awi\u0119ta Niepodleg\u0142o\u015bci nie mog\u0142o zabrakn\u0105\u0107 wsp\u00f3lnego od\u015bpiewania hymnu pa\u0144stwowego oraz cz\u0119\u015bci artystycznej. Uczniowie \u201eSi\u00f3demki\u201d zaprezentowali pie\u015bni legionowe, ta\u0144ce i patriotyczne wiersze, za\u015b pokaz musztry paradnej wykonali uczniowie klasy mundurowej Zespo\u0142u Szk\u00f3\u0142 Technicznych i Og\u00f3lnokszta\u0142c\u0105cych im. S. \u017beromskiego.<\/p>\n\n\n\n<p>Uroczysto\u015bci zako\u0144czy\u0142y si\u0119 z\u0142o\u017ceniem, przez go\u015bci i kapitan\u00f3w sztafety, wi\u0105zanek pod pomnikiem Orl\u0105t Lwowskich oraz wsp\u00f3lnym zdj\u0119ciem uczestnik\u00f3w.<\/p>\n\n\n\n<figure class=\"wp-block-gallery columns-3 is-cropped wp-block-gallery-1 is-layout-flex wp-block-gallery-is-layout-flex\"><ul class=\"blocks-gallery-grid\"><li class=\"blocks-gallery-item\"><figure><a href=\"https:\/\/gazetaregionalna.com\/wp-content\/uploads\/2023\/11\/image_123650292-scaled.jpg\"><img decoding=\"async\" width=\"768\" height=\"1024\" data-src=\"https:\/\/gazetaregionalna.com\/wp-content\/uploads\/2023\/11\/image_123650292-768x1024.jpg\" alt=\"\" data-id=\"117038\" data-full-url=\"https:\/\/gazetaregionalna.com\/wp-content\/uploads\/2023\/11\/image_123650292-scaled.jpg\" data-link=\"https:\/\/gazetaregionalna.com\/?attachment_id=117038\" class=\"wp-image-117038 lazyload\" data-srcset=\"https:\/\/gazetaregionalna.com\/wp-content\/uploads\/2023\/11\/image_123650292-768x1024.jpg 768w, https:\/\/gazetaregionalna.com\/wp-content\/uploads\/2023\/11\/image_123650292-225x300.jpg 225w, https:\/\/gazetaregionalna.com\/wp-content\/uploads\/2023\/11\/image_123650292-1152x1536.jpg 1152w, https:\/\/gazetaregionalna.com\/wp-content\/uploads\/2023\/11\/image_123650292-696x928.jpg 696w, https:\/\/gazetaregionalna.com\/wp-content\/uploads\/2023\/11\/image_123650292-1068x1424.jpg 1068w, https:\/\/gazetaregionalna.com\/wp-content\/uploads\/2023\/11\/image_123650292-315x420.jpg 315w, https:\/\/gazetaregionalna.com\/wp-content\/uploads\/2023\/11\/image_123650292-scaled.jpg 1200w\" data-sizes=\"(max-width: 768px) 100vw, 768px\" src=\"data:image\/svg+xml;base64,PHN2ZyB3aWR0aD0iMSIgaGVpZ2h0PSIxIiB4bWxucz0iaHR0cDovL3d3dy53My5vcmcvMjAwMC9zdmciPjwvc3ZnPg==\" style=\"--smush-placeholder-width: 768px; --smush-placeholder-aspect-ratio: 768\/1024;\" \/><\/a><\/figure><\/li><li class=\"blocks-gallery-item\"><figure><a href=\"https:\/\/gazetaregionalna.com\/wp-content\/uploads\/2023\/11\/image001-scaled.jpg\"><img decoding=\"async\" width=\"768\" height=\"1024\" data-src=\"https:\/\/gazetaregionalna.com\/wp-content\/uploads\/2023\/11\/image001-768x1024.jpg\" alt=\"\" data-id=\"117042\" data-full-url=\"https:\/\/gazetaregionalna.com\/wp-content\/uploads\/2023\/11\/image001-scaled.jpg\" data-link=\"https:\/\/gazetaregionalna.com\/?attachment_id=117042\" class=\"wp-image-117042 lazyload\" data-srcset=\"https:\/\/gazetaregionalna.com\/wp-content\/uploads\/2023\/11\/image001-768x1024.jpg 768w, https:\/\/gazetaregionalna.com\/wp-content\/uploads\/2023\/11\/image001-225x300.jpg 225w, https:\/\/gazetaregionalna.com\/wp-content\/uploads\/2023\/11\/image001-1152x1536.jpg 1152w, https:\/\/gazetaregionalna.com\/wp-content\/uploads\/2023\/11\/image001-1536x2048.jpg 1536w, https:\/\/gazetaregionalna.com\/wp-content\/uploads\/2023\/11\/image001-696x928.jpg 696w, https:\/\/gazetaregionalna.com\/wp-content\/uploads\/2023\/11\/image001-1068x1424.jpg 1068w, https:\/\/gazetaregionalna.com\/wp-content\/uploads\/2023\/11\/image001-1920x2560.jpg 1920w, https:\/\/gazetaregionalna.com\/wp-content\/uploads\/2023\/11\/image001-315x420.jpg 315w, https:\/\/gazetaregionalna.com\/wp-content\/uploads\/2023\/11\/image001-scaled.jpg 1200w\" data-sizes=\"(max-width: 768px) 100vw, 768px\" src=\"data:image\/svg+xml;base64,PHN2ZyB3aWR0aD0iMSIgaGVpZ2h0PSIxIiB4bWxucz0iaHR0cDovL3d3dy53My5vcmcvMjAwMC9zdmciPjwvc3ZnPg==\" style=\"--smush-placeholder-width: 768px; --smush-placeholder-aspect-ratio: 768\/1024;\" \/><\/a><\/figure><\/li><li class=\"blocks-gallery-item\"><figure><a href=\"https:\/\/gazetaregionalna.com\/wp-content\/uploads\/2023\/11\/image_123650293-scaled.jpg\"><img decoding=\"async\" width=\"768\" height=\"1024\" data-src=\"https:\/\/gazetaregionalna.com\/wp-content\/uploads\/2023\/11\/image_123650293-768x1024.jpg\" alt=\"\" data-id=\"117039\" data-full-url=\"https:\/\/gazetaregionalna.com\/wp-content\/uploads\/2023\/11\/image_123650293-scaled.jpg\" data-link=\"https:\/\/gazetaregionalna.com\/?attachment_id=117039\" class=\"wp-image-117039 lazyload\" data-srcset=\"https:\/\/gazetaregionalna.com\/wp-content\/uploads\/2023\/11\/image_123650293-768x1024.jpg 768w, https:\/\/gazetaregionalna.com\/wp-content\/uploads\/2023\/11\/image_123650293-225x300.jpg 225w, https:\/\/gazetaregionalna.com\/wp-content\/uploads\/2023\/11\/image_123650293-1152x1536.jpg 1152w, https:\/\/gazetaregionalna.com\/wp-content\/uploads\/2023\/11\/image_123650293-696x928.jpg 696w, https:\/\/gazetaregionalna.com\/wp-content\/uploads\/2023\/11\/image_123650293-1068x1424.jpg 1068w, https:\/\/gazetaregionalna.com\/wp-content\/uploads\/2023\/11\/image_123650293-315x420.jpg 315w, https:\/\/gazetaregionalna.com\/wp-content\/uploads\/2023\/11\/image_123650293-scaled.jpg 1200w\" data-sizes=\"(max-width: 768px) 100vw, 768px\" src=\"data:image\/svg+xml;base64,PHN2ZyB3aWR0aD0iMSIgaGVpZ2h0PSIxIiB4bWxucz0iaHR0cDovL3d3dy53My5vcmcvMjAwMC9zdmciPjwvc3ZnPg==\" style=\"--smush-placeholder-width: 768px; --smush-placeholder-aspect-ratio: 768\/1024;\" \/><\/a><\/figure><\/li><li class=\"blocks-gallery-item\"><figure><a href=\"https:\/\/gazetaregionalna.com\/wp-content\/uploads\/2023\/11\/image_123650296-scaled.jpg\"><img decoding=\"async\" width=\"768\" height=\"1024\" data-src=\"https:\/\/gazetaregionalna.com\/wp-content\/uploads\/2023\/11\/image_123650296-768x1024.jpg\" alt=\"\" data-id=\"117041\" data-full-url=\"https:\/\/gazetaregionalna.com\/wp-content\/uploads\/2023\/11\/image_123650296-scaled.jpg\" data-link=\"https:\/\/gazetaregionalna.com\/?attachment_id=117041\" class=\"wp-image-117041 lazyload\" data-srcset=\"https:\/\/gazetaregionalna.com\/wp-content\/uploads\/2023\/11\/image_123650296-768x1024.jpg 768w, https:\/\/gazetaregionalna.com\/wp-content\/uploads\/2023\/11\/image_123650296-225x300.jpg 225w, https:\/\/gazetaregionalna.com\/wp-content\/uploads\/2023\/11\/image_123650296-1152x1536.jpg 1152w, https:\/\/gazetaregionalna.com\/wp-content\/uploads\/2023\/11\/image_123650296-696x928.jpg 696w, https:\/\/gazetaregionalna.com\/wp-content\/uploads\/2023\/11\/image_123650296-1068x1424.jpg 1068w, https:\/\/gazetaregionalna.com\/wp-content\/uploads\/2023\/11\/image_123650296-315x420.jpg 315w, https:\/\/gazetaregionalna.com\/wp-content\/uploads\/2023\/11\/image_123650296-scaled.jpg 1200w\" data-sizes=\"(max-width: 768px) 100vw, 768px\" src=\"data:image\/svg+xml;base64,PHN2ZyB3aWR0aD0iMSIgaGVpZ2h0PSIxIiB4bWxucz0iaHR0cDovL3d3dy53My5vcmcvMjAwMC9zdmciPjwvc3ZnPg==\" style=\"--smush-placeholder-width: 768px; --smush-placeholder-aspect-ratio: 768\/1024;\" \/><\/a><\/figure><\/li><li class=\"blocks-gallery-item\"><figure><a href=\"https:\/\/gazetaregionalna.com\/wp-content\/uploads\/2023\/11\/image_123650295-scaled.jpg\"><img decoding=\"async\" width=\"898\" height=\"1024\" data-src=\"https:\/\/gazetaregionalna.com\/wp-content\/uploads\/2023\/11\/image_123650295-898x1024.jpg\" alt=\"\" data-id=\"117040\" data-full-url=\"https:\/\/gazetaregionalna.com\/wp-content\/uploads\/2023\/11\/image_123650295-scaled.jpg\" data-link=\"https:\/\/gazetaregionalna.com\/?attachment_id=117040\" class=\"wp-image-117040 lazyload\" data-srcset=\"https:\/\/gazetaregionalna.com\/wp-content\/uploads\/2023\/11\/image_123650295-898x1024.jpg 898w, https:\/\/gazetaregionalna.com\/wp-content\/uploads\/2023\/11\/image_123650295-263x300.jpg 263w, https:\/\/gazetaregionalna.com\/wp-content\/uploads\/2023\/11\/image_123650295-768x875.jpg 768w, https:\/\/gazetaregionalna.com\/wp-content\/uploads\/2023\/11\/image_123650295-1348x1536.jpg 1348w, https:\/\/gazetaregionalna.com\/wp-content\/uploads\/2023\/11\/image_123650295-1797x2048.jpg 1797w, https:\/\/gazetaregionalna.com\/wp-content\/uploads\/2023\/11\/image_123650295-696x793.jpg 696w, https:\/\/gazetaregionalna.com\/wp-content\/uploads\/2023\/11\/image_123650295-1068x1217.jpg 1068w, https:\/\/gazetaregionalna.com\/wp-content\/uploads\/2023\/11\/image_123650295-1920x2188.jpg 1920w, https:\/\/gazetaregionalna.com\/wp-content\/uploads\/2023\/11\/image_123650295-369x420.jpg 369w, https:\/\/gazetaregionalna.com\/wp-content\/uploads\/2023\/11\/image_123650295-scaled.jpg 1404w\" data-sizes=\"(max-width: 898px) 100vw, 898px\" src=\"data:image\/svg+xml;base64,PHN2ZyB3aWR0aD0iMSIgaGVpZ2h0PSIxIiB4bWxucz0iaHR0cDovL3d3dy53My5vcmcvMjAwMC9zdmciPjwvc3ZnPg==\" style=\"--smush-placeholder-width: 898px; --smush-placeholder-aspect-ratio: 898\/1024;\" \/><\/a><\/figure><\/li><li class=\"blocks-gallery-item\"><figure><a href=\"https:\/\/gazetaregionalna.com\/wp-content\/uploads\/2023\/11\/image002-scaled.jpg\"><img decoding=\"async\" width=\"576\" height=\"1024\" data-src=\"https:\/\/gazetaregionalna.com\/wp-content\/uploads\/2023\/11\/image002-576x1024.jpg\" alt=\"\" data-id=\"117043\" data-full-url=\"https:\/\/gazetaregionalna.com\/wp-content\/uploads\/2023\/11\/image002-scaled.jpg\" data-link=\"https:\/\/gazetaregionalna.com\/?attachment_id=117043\" class=\"wp-image-117043 lazyload\" data-srcset=\"https:\/\/gazetaregionalna.com\/wp-content\/uploads\/2023\/11\/image002-576x1024.jpg 576w, https:\/\/gazetaregionalna.com\/wp-content\/uploads\/2023\/11\/image002-169x300.jpg 169w, https:\/\/gazetaregionalna.com\/wp-content\/uploads\/2023\/11\/image002-768x1365.jpg 768w, https:\/\/gazetaregionalna.com\/wp-content\/uploads\/2023\/11\/image002-864x1536.jpg 864w, https:\/\/gazetaregionalna.com\/wp-content\/uploads\/2023\/11\/image002-1152x2048.jpg 1152w, https:\/\/gazetaregionalna.com\/wp-content\/uploads\/2023\/11\/image002-696x1237.jpg 696w, https:\/\/gazetaregionalna.com\/wp-content\/uploads\/2023\/11\/image002-1068x1899.jpg 1068w, https:\/\/gazetaregionalna.com\/wp-content\/uploads\/2023\/11\/image002-1920x3413.jpg 1920w, https:\/\/gazetaregionalna.com\/wp-content\/uploads\/2023\/11\/image002-236x420.jpg 236w, https:\/\/gazetaregionalna.com\/wp-content\/uploads\/2023\/11\/image002-scaled.jpg 900w\" data-sizes=\"(max-width: 576px) 100vw, 576px\" src=\"data:image\/svg+xml;base64,PHN2ZyB3aWR0aD0iMSIgaGVpZ2h0PSIxIiB4bWxucz0iaHR0cDovL3d3dy53My5vcmcvMjAwMC9zdmciPjwvc3ZnPg==\" style=\"--smush-placeholder-width: 576px; --smush-placeholder-aspect-ratio: 576\/1024;\" \/><\/a><\/figure><\/li><\/ul><\/figure>\n\n\n\n<p>red., mat. SP 7<\/p>\n\n\n\n<p>Czytaj tak\u017ce: <a href=\"https:\/\/gazetaregionalna.com\/pilkarze-skry-czestochowa-swoj-mecz-w-2-lidze-rozegraja-dopiero-w-poniedzialek\/\">Pi\u0142karze Skry Cz\u0119stochowa sw\u00f3j mecz w 2 lidze rozegraj\u0105 dopiero w poniedzia\u0142ek<\/a><\/p>\n\n\n\n<figure class=\"wp-block-image size-large is-resized\"><img decoding=\"async\" data-src=\"https:\/\/gazetaregionalna.com\/wp-content\/uploads\/2023\/08\/patrzyk1-5.jpg\" alt=\"\" class=\"wp-image-111669 lazyload\" width=\"417\" height=\"341\" src=\"data:image\/svg+xml;base64,PHN2ZyB3aWR0aD0iMSIgaGVpZ2h0PSIxIiB4bWxucz0iaHR0cDovL3d3dy53My5vcmcvMjAwMC9zdmciPjwvc3ZnPg==\" style=\"--smush-placeholder-width: 417px; --smush-placeholder-aspect-ratio: 417\/341;\"><figcaption><a href=\"https:\/\/www.kotly-patrzyk.pl\/\" target=\"_blank\" rel=\"noreferrer noopener\">https:\/\/www.kotly-patrzyk.pl\/<\/a><br><a href=\"https:\/\/www.kotly-patrzyk.pl\/oferta\/pompy-ciepla\/\" target=\"_blank\" rel=\"noreferrer noopener\">https:\/\/www.kotly-patrzyk.pl\/oferta\/pompy-ciepla\/<\/a><\/figcaption><\/figure>\n","protected":false},"excerpt":{"rendered":"<p>W sobot\u0119, 11 listopada obchodzili\u015bmy Narodowe \u015awi\u0119to Niepodleg\u0142o\u015bci. M\u0142odzie\u017c z Rakowa na sportowo uczci\u0142a pami\u0119\u0107 tych, kt\u00f3rzy walczyli o nasz\u0105 wolno\u015b\u0107. Uczniowie Szko\u0142y Podstawowej<\/p>\n","protected":false},"author":5,"featured_media":117035,"comment_status":"closed","ping_status":"open","sticky":false,"template":"","format":"standard","meta":{"_monsterinsights_skip_tracking":false,"_monsterinsights_sitenote_active":false,"_monsterinsights_sitenote_note":"","_monsterinsights_sitenote_category":0,"_uf_show_specific_survey":0,"_uf_disable_surveys":false,"footnotes":""},"categories":[5,11],"tags":[2372,8563,8586],"class_list":["post-117031","post","type-post","status-publish","format-standard","has-post-thumbnail","hentry","category-sport","category-pozostale","tag-rakow","tag-szkola-podstawowa-nr-7","tag-zespol-szkol-technicznych-i-ogolnoksztalcacych-im-s-zeromskiego"],"_links":{"self":[{"href":"https:\/\/gazetaregionalna.com\/index.php?rest_route=\/wp\/v2\/posts\/117031","targetHints":{"allow":["GET"]}}],"collection":[{"href":"https:\/\/gazetaregionalna.com\/index.php?rest_route=\/wp\/v2\/posts"}],"about":[{"href":"https:\/\/gazetaregionalna.com\/index.php?rest_route=\/wp\/v2\/types\/post"}],"author":[{"embeddable":true,"href":"https:\/\/gazetaregionalna.com\/index.php?rest_route=\/wp\/v2\/users\/5"}],"replies":[{"embeddable":true,"href":"https:\/\/gazetaregionalna.com\/index.php?rest_route=%2Fwp%2Fv2%2Fcomments&post=117031"}],"version-history":[{"count":3,"href":"https:\/\/gazetaregionalna.com\/index.php?rest_route=\/wp\/v2\/posts\/117031\/revisions"}],"predecessor-version":[{"id":117044,"href":"https:\/\/gazetaregionalna.com\/index.php?rest_route=\/wp\/v2\/posts\/117031\/revisions\/117044"}],"wp:featuredmedia":[{"embeddable":true,"href":"https:\/\/gazetaregionalna.com\/index.php?rest_route=\/wp\/v2\/media\/117035"}],"wp:attachment":[{"href":"https:\/\/gazetaregionalna.com\/index.php?rest_route=%2Fwp%2Fv2%2Fmedia&parent=117031"}],"wp:term":[{"taxonomy":"category","embeddable":true,"href":"https:\/\/gazetaregionalna.com\/index.php?rest_route=%2Fwp%2Fv2%2Fcategories&post=117031"},{"taxonomy":"post_tag","embeddable":true,"href":"https:\/\/gazetaregionalna.com\/index.php?rest_route=%2Fwp%2Fv2%2Ftags&post=117031"}],"curies":[{"name":"wp","href":"https:\/\/api.w.org\/{rel}","templated":true}]}}