{"id":116602,"date":"2023-11-03T12:20:59","date_gmt":"2023-11-03T12:20:59","guid":{"rendered":"https:\/\/gazetaregionalna.com\/?p=116602"},"modified":"2023-11-03T12:28:46","modified_gmt":"2023-11-03T12:28:46","slug":"pegaz","status":"publish","type":"post","link":"https:\/\/gazetaregionalna.com\/?p=116602","title":{"rendered":"TKKF \u201ePegaz&#8221;. Historia z t\u0119tentem"},"content":{"rendered":"\n<h4 class=\"wp-block-heading\"><strong>Tegoroczne Hubertusy w o\u015brodkach je\u017adzieckich w okolicach Cz\u0119stochowy powinny by\u0107 opatrzone cyfr\u0105 \u201e55&#8243;. Tyle bowiem lat liczy sobie nasza powojenna historia je\u017adziectwa. Za\u015b najbardziej znany o\u015brodek &#8211; Ognisko TKKF \u201ePegaz&#8221; \u015bwi\u0119towa\u0107 mo\u017ce 40, a nawet 45 lat aktywno\u015bci.<\/strong><\/h4>\n\n\n\n<p>Natrafili\u015bmy na karty kroniki spisywanej pi\u0119knym charakterem pisma przez Juliana Wlaz\u0142owskiego. Pieczo\u0142owito\u015b\u0107 skryby przejawia\u0142a si\u0119 nie tylko w kaligrafii; ka\u017cda stronica opatrzona jest cyfr\u0105 wkomponowan\u0105 w sylwetk\u0119 je\u017ad\u017aca skacz\u0105cego przez przeszkod\u0119. Bo te\u017c jest&nbsp;to ko\u0144ska kronika, z kt\u00f3rej dowiadujemy si\u0119, \u017ce zorganizowane je\u017adziectwo w naszym regionie liczy sobie 55 lat.<\/p>\n\n\n\n<p>\u201eW\u015br\u00f3d student\u00f3w Cz\u0119stochowy je\u017adziectwo rozpocz\u0119\u0142o si\u0119 w 1968 roku wraz z powo\u0142aniem przy AKT Sekcji Je\u017adzieckiej. Studenci nale\u017c\u0105cy do sekcji uczyli si\u0119 konnej jazdy w stadninie koni w Widzowie. Organizatorem sekcji by\u0142 Julian Wlaz\u0142owski.\u201d &#8211; taki tekst zapisany zosta\u0142 na pierwszej karcie kroniki. Zaczyna go ozdobny inicja\u0142, a opasany zosta\u0142 ramk\u0105 w postaci prawdziwej barwnej iluminacji. C\u00f3\u017c \u2013 tak zaczyna si\u0119 tylko bardzo pi\u0119kne opowie\u015bci.<\/p>\n\n\n\n<figure class=\"wp-block-image size-large is-resized\"><img decoding=\"async\" data-src=\"https:\/\/gazetaregionalna.com\/wp-content\/uploads\/2023\/11\/07b1a8ed-ec98-43ac-907a-38a6c7fe8625-1024x762.jpg\" alt=\"\" class=\"wp-image-116606 lazyload\" width=\"419\" height=\"296\" src=\"data:image\/svg+xml;base64,PHN2ZyB3aWR0aD0iMSIgaGVpZ2h0PSIxIiB4bWxucz0iaHR0cDovL3d3dy53My5vcmcvMjAwMC9zdmciPjwvc3ZnPg==\" style=\"--smush-placeholder-width: 419px; --smush-placeholder-aspect-ratio: 419\/296;\"><figcaption>TKKF \u201ePegaz&#8221;<\/figcaption><\/figure>\n\n\n\n<p>Pierwszy zarz\u0105d klubu utworzyli: Gra\u017cyna Skuba\u0142a, Andrzej Czajkowski, Micha\u0142 Halkiewicz, Jerzy J\u0119drzejkiewicz oraz Jerzy Lewicki, kt\u00f3ry przyj\u0105\u0142 funkcj\u0119 prezesa rodz\u0105cej si\u0119 sekcji. Trzy lata p\u00f3\u017aniej na fotelu prezesa zasiad\u0142 Szymon \u015aciegienny, kt\u00f3ry po up\u0142ywie p\u00f3\u0142 wieku nadal jest prezesem, tyle \u017ce we wspomnianym \u201ePegazie&#8221;. Rzec&nbsp;by mo\u017cna, \u017ce by\u0142 piastunem cz\u0119stochowskiego je\u017adziectwa.<\/p>\n\n\n\n<p>W maju tego\u017c 1971 roku odby\u0142y si\u0119 pierwsze Mi\u0119dzyokr\u0119gowe Zawody Konne. W nast\u0119pnym roku \u2013 kolejne. Ro\u015bnie ilo\u015b\u0107 cz\u0142onk\u00f3w AKJ. W kronice za\u015b czytamy, \u017ce Szymon \u015aciegienny wykaza\u0142 si\u0119 wielk\u0105 aktywno\u015bci\u0105. Dzi\u0119ki jego staraniom dyrekcja Stacji Inseminacji Zwierz\u0105t oddaje na stajnie klubowe budynek na Grab\u00f3wce. Bratni klub z Gliwic przekazuje cz\u0119stochowianom dwa konie a PGR \u201eZag\u00f3rze\u201d wydzier\u017cawia kolejne dwa. Pewnie dzi\u015b te imiona: Argo, Grosetta, Kobra i Alba wywo\u0142uj\u0105 dr\u017cenie niejednego serca. <\/p>\n\n\n\n<p>Na tych rumakach uczyli si\u0119 anglezowa\u0107 dzisiejsi wyjadacze i w\u0142a\u015bciciele prywatnych stadnin czy tylko wierzchowc\u00f3w. Kolejne Mi\u0119dzyokr\u0119gowe Zawody Konne maj\u0105 ju\u017c towarzysz\u0105c\u0105 im grafik\u0119. Plakaty, zaproszenia, programy wykonywa\u0142 jako linoryty i odbija\u0142 z u\u017cyciem wy\u017cymaczki (taki archaiczny przyrz\u0105d do wy\u017cymania upranych tkanin) znany p\u00f3\u017aniej plastyk, Tadeusz Kapa\u0142ka. Do\u0142\u0105czy\u0142 on do zarz\u0105du AKJ w\u00a01971 roku i wraz z \u017con\u0105 Teres\u0105 by\u0142 wierny je\u017adziectwu d\u0142ugie dziesi\u0119ciolecia.<\/p>\n\n\n\n<p>Za pieni\u0105dze zarobione na organizacji zawod\u00f3w klub zakupi\u0142 w 1973 roku ze stadniny w Widzowie pierwszego konia sportowego imieniem Spryt. Dysponuj\u0105c ju\u017c pe\u0142n\u0105 stajni\u0105, studenci zorganizowali pierwsz\u0105 szk\u00f3\u0142k\u0119 je\u017adzieck\u0105. By\u0142y te\u017c cztery dwudniowe wycieczki konne do&nbsp; Olsztyna, Korwinowa, Nowej Wsi oraz Zawad. W lipcu za\u015b studenci szlifowali form\u0119 i wypoczywali na pierwszym ranczo. Trwa\u0142o dwa tygodnie we wsi Jamno ko\u0142o Broniszewa. Stajnia zbudowana by\u0142a z dr\u0105g\u00f3w, na kt\u00f3rych rozpi\u0119to plandeki. Sta\u0142o w niej sze\u015b\u0107 koni, a je\u017ad\u017ac\u00f3w by\u0142o dziesi\u0119cioro. We wrze\u015bniu AKJ w\u0142\u0105czy\u0142 si\u0119 konno do Rajdu Szlakami Wrze\u015bnia odbywanego w Mokrej III. Listopad to z kolei pierwszy w historii AKJ \u201eHubertus&#8221;.<\/p>\n\n\n\n<figure class=\"wp-block-image size-large is-resized\"><img decoding=\"async\" data-src=\"https:\/\/gazetaregionalna.com\/wp-content\/uploads\/2023\/11\/c4eb860d-66d0-4f77-af6a-b113553c17d6-879x1024.jpg\" alt=\"\" class=\"wp-image-116607 lazyload\" width=\"320\" height=\"373\" data-srcset=\"https:\/\/gazetaregionalna.com\/wp-content\/uploads\/2023\/11\/c4eb860d-66d0-4f77-af6a-b113553c17d6-879x1024.jpg 879w, https:\/\/gazetaregionalna.com\/wp-content\/uploads\/2023\/11\/c4eb860d-66d0-4f77-af6a-b113553c17d6-257x300.jpg 257w, https:\/\/gazetaregionalna.com\/wp-content\/uploads\/2023\/11\/c4eb860d-66d0-4f77-af6a-b113553c17d6-768x895.jpg 768w, https:\/\/gazetaregionalna.com\/wp-content\/uploads\/2023\/11\/c4eb860d-66d0-4f77-af6a-b113553c17d6-696x811.jpg 696w, https:\/\/gazetaregionalna.com\/wp-content\/uploads\/2023\/11\/c4eb860d-66d0-4f77-af6a-b113553c17d6-1068x1244.jpg 1068w, https:\/\/gazetaregionalna.com\/wp-content\/uploads\/2023\/11\/c4eb860d-66d0-4f77-af6a-b113553c17d6-360x420.jpg 360w, https:\/\/gazetaregionalna.com\/wp-content\/uploads\/2023\/11\/c4eb860d-66d0-4f77-af6a-b113553c17d6.jpg 1126w\" data-sizes=\"(max-width: 320px) 100vw, 320px\" src=\"data:image\/svg+xml;base64,PHN2ZyB3aWR0aD0iMSIgaGVpZ2h0PSIxIiB4bWxucz0iaHR0cDovL3d3dy53My5vcmcvMjAwMC9zdmciPjwvc3ZnPg==\" style=\"--smush-placeholder-width: 320px; --smush-placeholder-aspect-ratio: 320\/373;\" \/><figcaption>TKKF \u201ePegaz&#8221;<\/figcaption><\/figure>\n\n\n\n<p>W 1973 roku klub wzbogaci\u0142 si\u0119 te\u017c o pow\u00f3z wyremontowany przez Kapa\u0142k\u0119 i Witolda Kubata (nowego prezesa). Na stanie by\u0142o te\u017c kilka siode\u0142. W tym czasie szkoli\u0142o si\u0119 ju\u017c oko\u0142o 50. adept\u00f3w \u2013 student\u00f3w naszych uczelni oraz uczni\u00f3w szk\u00f3\u0142 \u015brednich. Tak du\u017ca grupa bierze te\u017c udzia\u0142 w 1974 roku w ranczu we wsi Zwierzyniec III ko\u0142o Panek. Ogromnej pomocy udzieli\u0142o organizatorom Nadle\u015bnictwo K\u0142obuck. Jesieni\u0105 bilans cz\u0142onk\u00f3w wykazuje, \u017ce r\u00f3wnorz\u0119dny udzia\u0142 maj\u0105&nbsp;studenci Politechniki i utworzonej w\u0142a\u015bnie Wy\u017cszej Szko\u0142y Pedagogicznej. W zwi\u0105zku z tym Klub staje si\u0119 Mi\u0119dzyuczelnianym, co zapisuje w statucie. W&nbsp;wianie do tego zwi\u0105zku Rektor WSP oddaje zakupionego w Skrzydlowie konia p\u00f3\u0142krwi angloarabskiej. Oczywi\u015bcie Rektor Politechniki Cz\u0119stochowskiej nie pozostaje w tyle i te\u017c kupuje studentom trzyletniego angloaraba.&nbsp;<\/p>\n\n\n\n<p>W 1975 roku je\u017ad\u017acy zmuszeni byli opu\u015bci\u0107 Grab\u00f3wk\u0119. Po d\u0142ugotrwa\u0142ych poszukiwaniach otrzymali budynek na G\u00f3rze Ossona u\u017cytkowany wcze\u015bniej przez Aeroklub. Z\u0142y stan techniczny nowej siedziby (w&nbsp;kszta\u0142cie dworku szlacheckiego) \u0142agodzi\u0142a przepi\u0119kna lokalizacja. Tam po kilku latach w stajniach sta\u0142o ju\u017c 10 wierzchowc\u00f3w. MKJ organizuje jazdy rekreacyjne dla student\u00f3w oraz mieszka\u0144c\u00f3w Cz\u0119stochowy, w-f dla student\u00f3w obydwu uczelni oraz Patrole Konne Stra\u017cy Ochrony Przyrody.<\/p>\n\n\n\n<p>Po zawieszeniu stanu wojennego okaza\u0142o si\u0119, \u017ce stajnie na G\u00f3rze Ossona s\u0105 w tak z\u0142ym stanie technicznym, \u017ce zagra\u017caj\u0105 bezpiecze\u0144stwu koni. Jesieni\u0105 1982 roku nazwiska weteran\u00f3w je\u017adziectwa: Szymona \u015aciegiennego, Tadeusza Kapa\u0142ki, Marka Orlika oraz naszego zacnego kronikarza znajdujemy na li\u015bcie zarz\u0105du TKKF \u201ePegaz&#8221;. Ognisko je\u017adzieckie zarejestrowano w 1978 roku &#8211; 45 lat temu. Pe\u0142n\u0105 aktywno\u015b\u0107 z&nbsp;nowymi kadrami osi\u0105gn\u0119\u0142o w roku 1983 \u2013 przed 40 laty.<\/p>\n\n\n\n<figure class=\"wp-block-image size-large is-resized\"><img decoding=\"async\" data-src=\"https:\/\/gazetaregionalna.com\/wp-content\/uploads\/2023\/11\/712bb3f2-df46-443e-b5bd-e093d78ef364-1024x691.jpg\" alt=\"\" class=\"wp-image-116608 lazyload\" width=\"317\" height=\"214\" data-srcset=\"https:\/\/gazetaregionalna.com\/wp-content\/uploads\/2023\/11\/712bb3f2-df46-443e-b5bd-e093d78ef364-1024x691.jpg 1024w, https:\/\/gazetaregionalna.com\/wp-content\/uploads\/2023\/11\/712bb3f2-df46-443e-b5bd-e093d78ef364-300x202.jpg 300w, https:\/\/gazetaregionalna.com\/wp-content\/uploads\/2023\/11\/712bb3f2-df46-443e-b5bd-e093d78ef364-768x518.jpg 768w, https:\/\/gazetaregionalna.com\/wp-content\/uploads\/2023\/11\/712bb3f2-df46-443e-b5bd-e093d78ef364-1536x1036.jpg 1536w, https:\/\/gazetaregionalna.com\/wp-content\/uploads\/2023\/11\/712bb3f2-df46-443e-b5bd-e093d78ef364-2048x1382.jpg 2048w, https:\/\/gazetaregionalna.com\/wp-content\/uploads\/2023\/11\/712bb3f2-df46-443e-b5bd-e093d78ef364-696x470.jpg 696w, https:\/\/gazetaregionalna.com\/wp-content\/uploads\/2023\/11\/712bb3f2-df46-443e-b5bd-e093d78ef364-1068x721.jpg 1068w, https:\/\/gazetaregionalna.com\/wp-content\/uploads\/2023\/11\/712bb3f2-df46-443e-b5bd-e093d78ef364-1920x1295.jpg 1920w, https:\/\/gazetaregionalna.com\/wp-content\/uploads\/2023\/11\/712bb3f2-df46-443e-b5bd-e093d78ef364-623x420.jpg 623w, https:\/\/gazetaregionalna.com\/wp-content\/uploads\/2023\/11\/712bb3f2-df46-443e-b5bd-e093d78ef364-scaled.jpg 1600w\" data-sizes=\"(max-width: 317px) 100vw, 317px\" src=\"data:image\/svg+xml;base64,PHN2ZyB3aWR0aD0iMSIgaGVpZ2h0PSIxIiB4bWxucz0iaHR0cDovL3d3dy53My5vcmcvMjAwMC9zdmciPjwvc3ZnPg==\" style=\"--smush-placeholder-width: 317px; --smush-placeholder-aspect-ratio: 317\/214;\" \/><figcaption>TKKF \u201ePegaz&#8221;<\/figcaption><\/figure>\n\n\n\n<p>&#8211; Byli\u015bmy emocjonalnie zwi\u0105zani z AKJ, kt\u00f3ry ja przecie\u017c tworzy\u0142em od podstaw, a w latach 80. obserwowa\u0142em pi\u0119trz\u0105ce si\u0119 przed nim trudno\u015bci \u2013 t\u0142umaczy \u015aciegienny. &#8211; Dawni za\u0142o\u017cyciele i dzia\u0142acze byli ju\u017c absolwentami, wi\u0119c nasze przeniesienie si\u0119 do \u201ePegaza\u201d by\u0142o czym\u015b naturalnym.<\/p>\n\n\n\n<p>W 1982 roku maj\u0105tek \u201ePegaza\u201d stanowi\u0142o 14 koni, budynek administracyjno-gospodarczy, dwa samochody, parkur, dwa padoki. W nast\u0119pnym roku dosz\u0142a nowoczesna stajnia, do kt\u00f3rej projektowania \u015aciegienny nam\u00f3wi\u0142 swojego ojca w ramach dzia\u0142alno\u015bci Miastoprojektu.<\/p>\n\n\n\n<p>&#8211; Ta stajnia, cho\u0107 ju\u017c daleka od nowo\u015bci, jest wci\u0105\u017c nasz\u0105 dum\u0105 \u2013 m\u00f3wi \u015aciegienny. &#8211; AKJ i \u201ePegaz\u201d wychowa\u0142y dziesi\u0105tki je\u017ad\u017ac\u00f3w. Dzi\u015b wychowankowie prowadz\u0105 w\u0142asne o\u015brodki je\u017adzieckie, kt\u00f3re \u2013 nie ukrywam \u2013 konkuruj\u0105 z naszym Ogniskiem. Z ca\u0142\u0105 jednak odpowiedzialno\u015bci\u0105 mog\u0119 powiedzie\u0107, \u017ce to my mamy najlepsze warunki do utrzymania i hodowli koni. Przy tak doskona\u0142ej kubaturze stajni wierzchowce maj\u0105 u nas czym oddycha\u0107, nie doskwieraj\u0105 im te\u017c ani upa\u0142y, ani mrozy. Wielokrotnie potwierdza\u0142y to r\u00f3\u017cne inspekcje.<\/p>\n\n\n\n<p>Kronika potwierdza, \u017ce to \u201ePegaz\u201d od lat 80. sta\u0142 si\u0119 wiod\u0105cym o\u015brodkiem asport\u00f3w konnych i rekreacji w&nbsp;Cz\u0119stochowie i regionie. To on inicjuje i organizuje wydarzenia je\u017adzieckie. Cho\u0107by Hubertusy, czasem z&nbsp;przygodami. Pod dat\u0105 1983 czytamy na przyk\u0142ad o biegu z 21 listopada:<\/p>\n\n\n\n<p>\u201eNa gonitw\u0119 przyby\u0142a w sze\u015b\u0107 koni ekipa ze Stadniny Koni w Skrzydlowie oraz zesp\u00f3\u0142 AKJ Cz\u0119stochowa w&nbsp;pi\u0119\u0107 koni. Ognisko wystawi\u0142o stawk\u0119 jedenastu koni. Jako master polowanie prowadzi\u0107 mia\u0142 kol. Jacek (nazwisko zamazujemy). Kit\u0119 lisi\u0105 w tej gonitwie przypi\u0105\u0142 kol. Jan (podobnie). Bieg rozpocz\u0105\u0142 upadek mastra w czasie rozpr\u0119\u017cania koni. Jaki pocz\u0105tek, taki koniec. W czasie gonitwy lis rozsta\u0142 si\u0119 niespodzianie z koniem. Na fina\u0142 odmeldowali si\u0119 wszyscy opr\u00f3cz lisa. Koniec polowania by\u0142 wi\u0119c bardzo dziwny i niespodziewany. Dopiero dwukrotne (konne i piesze) przeszukanie terenu gonitwy da\u0142o rezultat \u2013 lisa odnaleziono. Je\u017adziec nie odni\u00f3s\u0142 \u017cadnych obra\u017ce\u0144 zewn\u0119trznych. Jego ko\u0144 zosta\u0142 przyprowadzony przez gospodarza z okolic Jaskrowa.\u201d<\/p>\n\n\n\n<figure class=\"wp-block-image size-large is-resized\"><img decoding=\"async\" data-src=\"https:\/\/gazetaregionalna.com\/wp-content\/uploads\/2023\/11\/e58604b0-b826-4db1-a02e-0b833b7533c0-1024x655.jpg\" alt=\"\" class=\"wp-image-116609 lazyload\" width=\"418\" height=\"259\" src=\"data:image\/svg+xml;base64,PHN2ZyB3aWR0aD0iMSIgaGVpZ2h0PSIxIiB4bWxucz0iaHR0cDovL3d3dy53My5vcmcvMjAwMC9zdmciPjwvc3ZnPg==\" style=\"--smush-placeholder-width: 418px; --smush-placeholder-aspect-ratio: 418\/259;\"><figcaption>TKKF \u201ePegaz&#8221;<\/figcaption><\/figure>\n\n\n\n<p>Kocz podr\u00f3\u017cny, Kareta miejska (XIX w.), pow\u00f3z milord (pocz. XX w.), kareta miejska (XIX w. &#8211; prywatna), powozik jednokonny, lando czteroosobowe cugowe (XIX w.), sanie polskie, jednokonna bryczka \u2013 pol\u00f3wka oraz bryczka pol\u00f3wka na ko\u0142ach gumowych pompowanych \u2013 te pojazdy by\u0142y wykorzystywane w dzia\u0142alno\u015bci \u201ePegaza\u201d. Zarobkowej, bo klub pozbawiony by\u0142 w biednych latach 80. jakichkolwiek dotacji. Organizowano wi\u0119c wyjazdy konne i powozami na Promenad\u0119, kuligi. Do domkni\u0119cia bud\u017cetu Ogniska przyczynia\u0142y si\u0119 op\u0142aty za jazdy, szk\u00f3\u0142ki je\u017adzieckie, oprawy \u015blubne, imprezy rekreacyjne dla szk\u00f3\u0142 i zak\u0142ad\u00f3w pracy, sprzeda\u017c obornika i us\u0142ugi transportowe samochodami \u201ePegaza&#8221;.<\/p>\n\n\n\n<p>&#8211; W nowym ustroju konieczno\u015b\u0107 samofinansowania naszej dzia\u0142alno\u015bci sta\u0142a si\u0119 norm\u0105 \u2013 komentuje prezes \u015aciegienny. &#8211; O dotacje do dzia\u0142alno\u015bci podstawowej jest bardzo trudno. Wszyscy tutaj: i zarz\u0105d, i&nbsp;instruktorzy, pracuj\u0105 spo\u0142ecznie. Op\u0142acamy jedynie stajennego. Ostatnie pa\u0144stwowe dofinansowanie do bazy dostali\u015bmy na czas \u015awiatowych Dni M\u0142odzie\u017c, kiedy na naszym terenie funkcjonowa\u0142o pole namiotowe. Tak naprawd\u0119 jedynym organem wspieraj\u0105cym jest dla nas Urz\u0105d Miasta. Cieszymy si\u0119 \u017cyczliwo\u015bci\u0105 Prezydenta Miasta, kt\u00f3ry cz\u0119sto przyjmuje patronat honorowy nad imprezami robionymi w naszym Ognisku.<\/p>\n\n\n\n<p>&#8211; Urz\u0105d Miasta wspiera nas na r\u00f3\u017cne sposoby \u2013 dodaje Andrzej Gajda (w \u201ePegazie\u201d od 1982 r.). &#8211; G\u0142\u00f3wnie poprzez wspieranie dotacjami koszt\u00f3w organizacji imprez \u2013 adresowanych szczeg\u00f3lnie do dzieci. Cz\u0119sto te\u017c dostajemy z Wydzia\u0142u Sportu np. nagrody rzeczowe. Dostawali\u015bmy pieni\u0105dze w ramach program\u00f3w przeciwdzia\u0142ania alkoholizmowi, go\u015bcili\u015bmy dzieci z rodzin dotkni\u0119tych t\u0105 chorob\u0105, pozostaj\u0105ce pod opiek\u0105 \u015bwietlic \u015brodowiskowych. Go\u015bcili\u015bmy m\u0142odzie\u017c z zak\u0142ad\u00f3w opieku\u0144czo-wychowawczych. Mieli\u015bmy dotacje na p\u00f3\u0142kolonie, akurat w tym roku nie, ale to nasze niedopatrzenie. <\/p>\n\n\n\n<p>Jak w najlepszych latach \u201ePegaza\u201d prowadzimy szk\u00f3\u0142ki je\u017adzieckie, jazdy rekreacyjne, zaj\u0119cia dla dzieci autystycznych. Zapraszamy szko\u0142y i\u00a0przedszkola, a cz\u0119sto te\u017c senior\u00f3w \u2013 tak\u017ce we wsp\u00f3\u0142pracy z TKKF. Wsp\u00f3\u0142pracujemy z firmami i przedsi\u0119biorstwami, oferuj\u0105c rekreacje pracownik\u00f3w. Oczywi\u015bcie organizujemy r\u00f3\u017cne formy rywalizacji je\u017adzieckiej \u2013 zawody i Hubertusy. Ju\u017c za miesi\u0105c robimy Hubertusa dla doros\u0142ych, a p\u00f3\u017aniej dla dzieci, ten po\u0142\u0105czony z miniturniejem skok\u00f3w (przez niskie przeszkody).<\/p>\n\n\n\n<p>TKKF \u201ePegaz&#8221; zajmuje teren w Mirowie b\u0119d\u0105cy rubie\u017c\u0105 Cz\u0119stochowy. Wykorzystuje teren zalewowy dochodz\u0105cy do Warty w jej \u2013 jednym z najpi\u0119kniejszych \u2013 odcinku mi\u0119dzy ska\u0142kami, lasami i wzg\u00f3rzami. Z&nbsp;pewno\u015bci\u0105 warto tam zajrze\u0107 w wolny od pracy dzie\u0144. Nawet ze zwyk\u0142ej ciekawo\u015bci. Oczywi\u015bcie z&nbsp;ryzykiem zara\u017cenia si\u0119 mi\u0142o\u015bci\u0105 do koni i wypoczynku z natur\u0105 w tle.<\/p>\n\n\n\n<figure class=\"wp-block-gallery columns-3 is-cropped wp-block-gallery-1 is-layout-flex wp-block-gallery-is-layout-flex\"><ul class=\"blocks-gallery-grid\"><li class=\"blocks-gallery-item\"><figure><a href=\"https:\/\/gazetaregionalna.com\/wp-content\/uploads\/2023\/11\/2.jpg\"><img decoding=\"async\" width=\"1210\" height=\"558\" data-src=\"https:\/\/gazetaregionalna.com\/wp-content\/uploads\/2023\/11\/2-1024x472.jpg\" alt=\"\" data-id=\"116611\" data-full-url=\"https:\/\/gazetaregionalna.com\/wp-content\/uploads\/2023\/11\/2.jpg\" data-link=\"https:\/\/gazetaregionalna.com\/?attachment_id=116611\" class=\"wp-image-116611 lazyload\" data-srcset=\"https:\/\/gazetaregionalna.com\/wp-content\/uploads\/2023\/11\/2-1024x472.jpg 1024w, https:\/\/gazetaregionalna.com\/wp-content\/uploads\/2023\/11\/2-300x138.jpg 300w, https:\/\/gazetaregionalna.com\/wp-content\/uploads\/2023\/11\/2-768x354.jpg 768w, https:\/\/gazetaregionalna.com\/wp-content\/uploads\/2023\/11\/2-696x321.jpg 696w, https:\/\/gazetaregionalna.com\/wp-content\/uploads\/2023\/11\/2-1068x493.jpg 1068w, https:\/\/gazetaregionalna.com\/wp-content\/uploads\/2023\/11\/2-911x420.jpg 911w, https:\/\/gazetaregionalna.com\/wp-content\/uploads\/2023\/11\/2.jpg 1210w\" data-sizes=\"(max-width: 1210px) 100vw, 1210px\" src=\"data:image\/svg+xml;base64,PHN2ZyB3aWR0aD0iMSIgaGVpZ2h0PSIxIiB4bWxucz0iaHR0cDovL3d3dy53My5vcmcvMjAwMC9zdmciPjwvc3ZnPg==\" style=\"--smush-placeholder-width: 1210px; --smush-placeholder-aspect-ratio: 1210\/558;\" \/><\/a><\/figure><\/li><li class=\"blocks-gallery-item\"><figure><a href=\"https:\/\/gazetaregionalna.com\/wp-content\/uploads\/2023\/11\/1.jpg\"><img decoding=\"async\" width=\"1024\" height=\"472\" data-src=\"https:\/\/gazetaregionalna.com\/wp-content\/uploads\/2023\/11\/1-1024x472.jpg\" alt=\"\" data-id=\"116610\" data-full-url=\"https:\/\/gazetaregionalna.com\/wp-content\/uploads\/2023\/11\/1.jpg\" data-link=\"https:\/\/gazetaregionalna.com\/?attachment_id=116610\" class=\"wp-image-116610 lazyload\" data-srcset=\"https:\/\/gazetaregionalna.com\/wp-content\/uploads\/2023\/11\/1-1024x472.jpg 1024w, https:\/\/gazetaregionalna.com\/wp-content\/uploads\/2023\/11\/1-300x138.jpg 300w, https:\/\/gazetaregionalna.com\/wp-content\/uploads\/2023\/11\/1-768x354.jpg 768w, https:\/\/gazetaregionalna.com\/wp-content\/uploads\/2023\/11\/1-696x321.jpg 696w, https:\/\/gazetaregionalna.com\/wp-content\/uploads\/2023\/11\/1-1068x493.jpg 1068w, https:\/\/gazetaregionalna.com\/wp-content\/uploads\/2023\/11\/1-911x420.jpg 911w, https:\/\/gazetaregionalna.com\/wp-content\/uploads\/2023\/11\/1.jpg 1210w\" data-sizes=\"(max-width: 1024px) 100vw, 1024px\" src=\"data:image\/svg+xml;base64,PHN2ZyB3aWR0aD0iMSIgaGVpZ2h0PSIxIiB4bWxucz0iaHR0cDovL3d3dy53My5vcmcvMjAwMC9zdmciPjwvc3ZnPg==\" style=\"--smush-placeholder-width: 1024px; --smush-placeholder-aspect-ratio: 1024\/472;\" \/><\/a><\/figure><\/li><li class=\"blocks-gallery-item\"><figure><a href=\"https:\/\/gazetaregionalna.com\/wp-content\/uploads\/2023\/11\/4.jpg\"><img decoding=\"async\" width=\"1024\" height=\"768\" data-src=\"https:\/\/gazetaregionalna.com\/wp-content\/uploads\/2023\/11\/4-1024x768.jpg\" alt=\"\" data-id=\"116612\" data-full-url=\"https:\/\/gazetaregionalna.com\/wp-content\/uploads\/2023\/11\/4.jpg\" data-link=\"https:\/\/gazetaregionalna.com\/?attachment_id=116612\" class=\"wp-image-116612 lazyload\" data-srcset=\"https:\/\/gazetaregionalna.com\/wp-content\/uploads\/2023\/11\/4-1024x768.jpg 1024w, https:\/\/gazetaregionalna.com\/wp-content\/uploads\/2023\/11\/4-300x225.jpg 300w, https:\/\/gazetaregionalna.com\/wp-content\/uploads\/2023\/11\/4-768x576.jpg 768w, https:\/\/gazetaregionalna.com\/wp-content\/uploads\/2023\/11\/4-696x522.jpg 696w, https:\/\/gazetaregionalna.com\/wp-content\/uploads\/2023\/11\/4-1068x801.jpg 1068w, https:\/\/gazetaregionalna.com\/wp-content\/uploads\/2023\/11\/4-560x420.jpg 560w, https:\/\/gazetaregionalna.com\/wp-content\/uploads\/2023\/11\/4-80x60.jpg 80w, https:\/\/gazetaregionalna.com\/wp-content\/uploads\/2023\/11\/4-265x198.jpg 265w, https:\/\/gazetaregionalna.com\/wp-content\/uploads\/2023\/11\/4.jpg 1397w\" data-sizes=\"(max-width: 1024px) 100vw, 1024px\" src=\"data:image\/svg+xml;base64,PHN2ZyB3aWR0aD0iMSIgaGVpZ2h0PSIxIiB4bWxucz0iaHR0cDovL3d3dy53My5vcmcvMjAwMC9zdmciPjwvc3ZnPg==\" style=\"--smush-placeholder-width: 1024px; --smush-placeholder-aspect-ratio: 1024\/768;\" \/><\/a><\/figure><\/li><li class=\"blocks-gallery-item\"><figure><a href=\"https:\/\/gazetaregionalna.com\/wp-content\/uploads\/2023\/11\/5.jpg\"><img decoding=\"async\" width=\"1024\" height=\"768\" data-src=\"https:\/\/gazetaregionalna.com\/wp-content\/uploads\/2023\/11\/5-1024x768.jpg\" alt=\"\" data-id=\"116613\" data-full-url=\"https:\/\/gazetaregionalna.com\/wp-content\/uploads\/2023\/11\/5.jpg\" data-link=\"https:\/\/gazetaregionalna.com\/?attachment_id=116613\" class=\"wp-image-116613 lazyload\" data-srcset=\"https:\/\/gazetaregionalna.com\/wp-content\/uploads\/2023\/11\/5-1024x768.jpg 1024w, https:\/\/gazetaregionalna.com\/wp-content\/uploads\/2023\/11\/5-300x225.jpg 300w, https:\/\/gazetaregionalna.com\/wp-content\/uploads\/2023\/11\/5-768x576.jpg 768w, https:\/\/gazetaregionalna.com\/wp-content\/uploads\/2023\/11\/5-696x522.jpg 696w, https:\/\/gazetaregionalna.com\/wp-content\/uploads\/2023\/11\/5-1068x801.jpg 1068w, https:\/\/gazetaregionalna.com\/wp-content\/uploads\/2023\/11\/5-560x420.jpg 560w, https:\/\/gazetaregionalna.com\/wp-content\/uploads\/2023\/11\/5-80x60.jpg 80w, https:\/\/gazetaregionalna.com\/wp-content\/uploads\/2023\/11\/5-265x198.jpg 265w, https:\/\/gazetaregionalna.com\/wp-content\/uploads\/2023\/11\/5.jpg 1397w\" data-sizes=\"(max-width: 1024px) 100vw, 1024px\" src=\"data:image\/svg+xml;base64,PHN2ZyB3aWR0aD0iMSIgaGVpZ2h0PSIxIiB4bWxucz0iaHR0cDovL3d3dy53My5vcmcvMjAwMC9zdmciPjwvc3ZnPg==\" style=\"--smush-placeholder-width: 1024px; --smush-placeholder-aspect-ratio: 1024\/768;\" \/><\/a><\/figure><\/li><li class=\"blocks-gallery-item\"><figure><a href=\"https:\/\/gazetaregionalna.com\/wp-content\/uploads\/2023\/11\/6.jpg\"><img decoding=\"async\" width=\"1024\" height=\"768\" data-src=\"https:\/\/gazetaregionalna.com\/wp-content\/uploads\/2023\/11\/6-1024x768.jpg\" alt=\"\" data-id=\"116614\" data-full-url=\"https:\/\/gazetaregionalna.com\/wp-content\/uploads\/2023\/11\/6.jpg\" data-link=\"https:\/\/gazetaregionalna.com\/?attachment_id=116614\" class=\"wp-image-116614 lazyload\" data-srcset=\"https:\/\/gazetaregionalna.com\/wp-content\/uploads\/2023\/11\/6-1024x768.jpg 1024w, https:\/\/gazetaregionalna.com\/wp-content\/uploads\/2023\/11\/6-300x225.jpg 300w, https:\/\/gazetaregionalna.com\/wp-content\/uploads\/2023\/11\/6-768x576.jpg 768w, https:\/\/gazetaregionalna.com\/wp-content\/uploads\/2023\/11\/6-696x522.jpg 696w, https:\/\/gazetaregionalna.com\/wp-content\/uploads\/2023\/11\/6-1068x801.jpg 1068w, https:\/\/gazetaregionalna.com\/wp-content\/uploads\/2023\/11\/6-560x420.jpg 560w, https:\/\/gazetaregionalna.com\/wp-content\/uploads\/2023\/11\/6-80x60.jpg 80w, https:\/\/gazetaregionalna.com\/wp-content\/uploads\/2023\/11\/6-265x198.jpg 265w, https:\/\/gazetaregionalna.com\/wp-content\/uploads\/2023\/11\/6.jpg 1397w\" data-sizes=\"(max-width: 1024px) 100vw, 1024px\" src=\"data:image\/svg+xml;base64,PHN2ZyB3aWR0aD0iMSIgaGVpZ2h0PSIxIiB4bWxucz0iaHR0cDovL3d3dy53My5vcmcvMjAwMC9zdmciPjwvc3ZnPg==\" style=\"--smush-placeholder-width: 1024px; --smush-placeholder-aspect-ratio: 1024\/768;\" \/><\/a><\/figure><\/li><li class=\"blocks-gallery-item\"><figure><a href=\"https:\/\/gazetaregionalna.com\/wp-content\/uploads\/2023\/11\/206fda6d-a2e3-4d06-ad9a-ad60af35be78.jpg\"><img decoding=\"async\" width=\"1024\" height=\"686\" data-src=\"https:\/\/gazetaregionalna.com\/wp-content\/uploads\/2023\/11\/206fda6d-a2e3-4d06-ad9a-ad60af35be78-1024x686.jpg\" alt=\"\" data-id=\"116615\" data-full-url=\"https:\/\/gazetaregionalna.com\/wp-content\/uploads\/2023\/11\/206fda6d-a2e3-4d06-ad9a-ad60af35be78.jpg\" data-link=\"https:\/\/gazetaregionalna.com\/?attachment_id=116615\" class=\"wp-image-116615 lazyload\" data-srcset=\"https:\/\/gazetaregionalna.com\/wp-content\/uploads\/2023\/11\/206fda6d-a2e3-4d06-ad9a-ad60af35be78-1024x686.jpg 1024w, https:\/\/gazetaregionalna.com\/wp-content\/uploads\/2023\/11\/206fda6d-a2e3-4d06-ad9a-ad60af35be78-300x201.jpg 300w, https:\/\/gazetaregionalna.com\/wp-content\/uploads\/2023\/11\/206fda6d-a2e3-4d06-ad9a-ad60af35be78-768x514.jpg 768w, https:\/\/gazetaregionalna.com\/wp-content\/uploads\/2023\/11\/206fda6d-a2e3-4d06-ad9a-ad60af35be78-696x466.jpg 696w, https:\/\/gazetaregionalna.com\/wp-content\/uploads\/2023\/11\/206fda6d-a2e3-4d06-ad9a-ad60af35be78-1068x715.jpg 1068w, https:\/\/gazetaregionalna.com\/wp-content\/uploads\/2023\/11\/206fda6d-a2e3-4d06-ad9a-ad60af35be78-627x420.jpg 627w, https:\/\/gazetaregionalna.com\/wp-content\/uploads\/2023\/11\/206fda6d-a2e3-4d06-ad9a-ad60af35be78.jpg 1435w\" data-sizes=\"(max-width: 1024px) 100vw, 1024px\" src=\"data:image\/svg+xml;base64,PHN2ZyB3aWR0aD0iMSIgaGVpZ2h0PSIxIiB4bWxucz0iaHR0cDovL3d3dy53My5vcmcvMjAwMC9zdmciPjwvc3ZnPg==\" style=\"--smush-placeholder-width: 1024px; --smush-placeholder-aspect-ratio: 1024\/686;\" \/><\/a><\/figure><\/li><li class=\"blocks-gallery-item\"><figure><a href=\"https:\/\/gazetaregionalna.com\/wp-content\/uploads\/2023\/11\/2871f4b1-5c61-46e0-93a4-632736faba32-scaled.jpg\"><img decoding=\"async\" width=\"1024\" height=\"344\" data-src=\"https:\/\/gazetaregionalna.com\/wp-content\/uploads\/2023\/11\/2871f4b1-5c61-46e0-93a4-632736faba32-1024x344.jpg\" alt=\"\" data-id=\"116617\" data-full-url=\"https:\/\/gazetaregionalna.com\/wp-content\/uploads\/2023\/11\/2871f4b1-5c61-46e0-93a4-632736faba32-scaled.jpg\" data-link=\"https:\/\/gazetaregionalna.com\/?attachment_id=116617\" class=\"wp-image-116617 lazyload\" data-srcset=\"https:\/\/gazetaregionalna.com\/wp-content\/uploads\/2023\/11\/2871f4b1-5c61-46e0-93a4-632736faba32-1024x344.jpg 1024w, https:\/\/gazetaregionalna.com\/wp-content\/uploads\/2023\/11\/2871f4b1-5c61-46e0-93a4-632736faba32-300x101.jpg 300w, https:\/\/gazetaregionalna.com\/wp-content\/uploads\/2023\/11\/2871f4b1-5c61-46e0-93a4-632736faba32-768x258.jpg 768w, https:\/\/gazetaregionalna.com\/wp-content\/uploads\/2023\/11\/2871f4b1-5c61-46e0-93a4-632736faba32-1536x516.jpg 1536w, https:\/\/gazetaregionalna.com\/wp-content\/uploads\/2023\/11\/2871f4b1-5c61-46e0-93a4-632736faba32-2048x688.jpg 2048w, https:\/\/gazetaregionalna.com\/wp-content\/uploads\/2023\/11\/2871f4b1-5c61-46e0-93a4-632736faba32-696x234.jpg 696w, https:\/\/gazetaregionalna.com\/wp-content\/uploads\/2023\/11\/2871f4b1-5c61-46e0-93a4-632736faba32-1068x359.jpg 1068w, https:\/\/gazetaregionalna.com\/wp-content\/uploads\/2023\/11\/2871f4b1-5c61-46e0-93a4-632736faba32-1920x645.jpg 1920w, https:\/\/gazetaregionalna.com\/wp-content\/uploads\/2023\/11\/2871f4b1-5c61-46e0-93a4-632736faba32-1250x420.jpg 1250w, https:\/\/gazetaregionalna.com\/wp-content\/uploads\/2023\/11\/2871f4b1-5c61-46e0-93a4-632736faba32-scaled.jpg 1600w\" data-sizes=\"(max-width: 1024px) 100vw, 1024px\" src=\"data:image\/svg+xml;base64,PHN2ZyB3aWR0aD0iMSIgaGVpZ2h0PSIxIiB4bWxucz0iaHR0cDovL3d3dy53My5vcmcvMjAwMC9zdmciPjwvc3ZnPg==\" style=\"--smush-placeholder-width: 1024px; --smush-placeholder-aspect-ratio: 1024\/344;\" \/><\/a><\/figure><\/li><li class=\"blocks-gallery-item\"><figure><a href=\"https:\/\/gazetaregionalna.com\/wp-content\/uploads\/2023\/11\/1310ced0-6fa3-4500-8e42-a75dd61dfc43-scaled.jpg\"><img decoding=\"async\" width=\"1024\" height=\"570\" data-src=\"https:\/\/gazetaregionalna.com\/wp-content\/uploads\/2023\/11\/1310ced0-6fa3-4500-8e42-a75dd61dfc43-1024x570.jpg\" alt=\"\" data-id=\"116616\" data-full-url=\"https:\/\/gazetaregionalna.com\/wp-content\/uploads\/2023\/11\/1310ced0-6fa3-4500-8e42-a75dd61dfc43-scaled.jpg\" data-link=\"https:\/\/gazetaregionalna.com\/?attachment_id=116616\" class=\"wp-image-116616 lazyload\" data-srcset=\"https:\/\/gazetaregionalna.com\/wp-content\/uploads\/2023\/11\/1310ced0-6fa3-4500-8e42-a75dd61dfc43-1024x570.jpg 1024w, https:\/\/gazetaregionalna.com\/wp-content\/uploads\/2023\/11\/1310ced0-6fa3-4500-8e42-a75dd61dfc43-300x167.jpg 300w, https:\/\/gazetaregionalna.com\/wp-content\/uploads\/2023\/11\/1310ced0-6fa3-4500-8e42-a75dd61dfc43-768x428.jpg 768w, https:\/\/gazetaregionalna.com\/wp-content\/uploads\/2023\/11\/1310ced0-6fa3-4500-8e42-a75dd61dfc43-1536x856.jpg 1536w, https:\/\/gazetaregionalna.com\/wp-content\/uploads\/2023\/11\/1310ced0-6fa3-4500-8e42-a75dd61dfc43-696x388.jpg 696w, https:\/\/gazetaregionalna.com\/wp-content\/uploads\/2023\/11\/1310ced0-6fa3-4500-8e42-a75dd61dfc43-1068x595.jpg 1068w, https:\/\/gazetaregionalna.com\/wp-content\/uploads\/2023\/11\/1310ced0-6fa3-4500-8e42-a75dd61dfc43-754x420.jpg 754w, https:\/\/gazetaregionalna.com\/wp-content\/uploads\/2023\/11\/1310ced0-6fa3-4500-8e42-a75dd61dfc43-scaled.jpg 1600w\" data-sizes=\"(max-width: 1024px) 100vw, 1024px\" src=\"data:image\/svg+xml;base64,PHN2ZyB3aWR0aD0iMSIgaGVpZ2h0PSIxIiB4bWxucz0iaHR0cDovL3d3dy53My5vcmcvMjAwMC9zdmciPjwvc3ZnPg==\" style=\"--smush-placeholder-width: 1024px; --smush-placeholder-aspect-ratio: 1024\/570;\" \/><\/a><\/figure><\/li><li class=\"blocks-gallery-item\"><figure><a href=\"https:\/\/gazetaregionalna.com\/wp-content\/uploads\/2023\/11\/13616772-e2fe-4d2a-91c6-5fa95fa4b629.jpg\"><img decoding=\"async\" width=\"1024\" height=\"732\" data-src=\"https:\/\/gazetaregionalna.com\/wp-content\/uploads\/2023\/11\/13616772-e2fe-4d2a-91c6-5fa95fa4b629-1024x732.jpg\" alt=\"\" data-id=\"116619\" data-full-url=\"https:\/\/gazetaregionalna.com\/wp-content\/uploads\/2023\/11\/13616772-e2fe-4d2a-91c6-5fa95fa4b629.jpg\" data-link=\"https:\/\/gazetaregionalna.com\/?attachment_id=116619\" class=\"wp-image-116619 lazyload\" data-srcset=\"https:\/\/gazetaregionalna.com\/wp-content\/uploads\/2023\/11\/13616772-e2fe-4d2a-91c6-5fa95fa4b629-1024x732.jpg 1024w, https:\/\/gazetaregionalna.com\/wp-content\/uploads\/2023\/11\/13616772-e2fe-4d2a-91c6-5fa95fa4b629-300x215.jpg 300w, https:\/\/gazetaregionalna.com\/wp-content\/uploads\/2023\/11\/13616772-e2fe-4d2a-91c6-5fa95fa4b629-768x549.jpg 768w, https:\/\/gazetaregionalna.com\/wp-content\/uploads\/2023\/11\/13616772-e2fe-4d2a-91c6-5fa95fa4b629-696x498.jpg 696w, https:\/\/gazetaregionalna.com\/wp-content\/uploads\/2023\/11\/13616772-e2fe-4d2a-91c6-5fa95fa4b629-1068x764.jpg 1068w, https:\/\/gazetaregionalna.com\/wp-content\/uploads\/2023\/11\/13616772-e2fe-4d2a-91c6-5fa95fa4b629-587x420.jpg 587w, https:\/\/gazetaregionalna.com\/wp-content\/uploads\/2023\/11\/13616772-e2fe-4d2a-91c6-5fa95fa4b629-100x70.jpg 100w, https:\/\/gazetaregionalna.com\/wp-content\/uploads\/2023\/11\/13616772-e2fe-4d2a-91c6-5fa95fa4b629.jpg 1383w\" data-sizes=\"(max-width: 1024px) 100vw, 1024px\" src=\"data:image\/svg+xml;base64,PHN2ZyB3aWR0aD0iMSIgaGVpZ2h0PSIxIiB4bWxucz0iaHR0cDovL3d3dy53My5vcmcvMjAwMC9zdmciPjwvc3ZnPg==\" style=\"--smush-placeholder-width: 1024px; --smush-placeholder-aspect-ratio: 1024\/732;\" \/><\/a><\/figure><\/li><li class=\"blocks-gallery-item\"><figure><a href=\"https:\/\/gazetaregionalna.com\/wp-content\/uploads\/2023\/11\/b6f8584d-7e82-45ea-968e-6bc84a5b23a0-scaled.jpg\"><img decoding=\"async\" width=\"1024\" height=\"595\" data-src=\"https:\/\/gazetaregionalna.com\/wp-content\/uploads\/2023\/11\/b6f8584d-7e82-45ea-968e-6bc84a5b23a0-1024x595.jpg\" alt=\"\" data-id=\"116620\" data-full-url=\"https:\/\/gazetaregionalna.com\/wp-content\/uploads\/2023\/11\/b6f8584d-7e82-45ea-968e-6bc84a5b23a0-scaled.jpg\" data-link=\"https:\/\/gazetaregionalna.com\/?attachment_id=116620\" class=\"wp-image-116620 lazyload\" data-srcset=\"https:\/\/gazetaregionalna.com\/wp-content\/uploads\/2023\/11\/b6f8584d-7e82-45ea-968e-6bc84a5b23a0-1024x595.jpg 1024w, https:\/\/gazetaregionalna.com\/wp-content\/uploads\/2023\/11\/b6f8584d-7e82-45ea-968e-6bc84a5b23a0-300x174.jpg 300w, https:\/\/gazetaregionalna.com\/wp-content\/uploads\/2023\/11\/b6f8584d-7e82-45ea-968e-6bc84a5b23a0-768x446.jpg 768w, https:\/\/gazetaregionalna.com\/wp-content\/uploads\/2023\/11\/b6f8584d-7e82-45ea-968e-6bc84a5b23a0-1536x892.jpg 1536w, https:\/\/gazetaregionalna.com\/wp-content\/uploads\/2023\/11\/b6f8584d-7e82-45ea-968e-6bc84a5b23a0-696x404.jpg 696w, https:\/\/gazetaregionalna.com\/wp-content\/uploads\/2023\/11\/b6f8584d-7e82-45ea-968e-6bc84a5b23a0-1068x620.jpg 1068w, https:\/\/gazetaregionalna.com\/wp-content\/uploads\/2023\/11\/b6f8584d-7e82-45ea-968e-6bc84a5b23a0-1920x1115.jpg 1920w, https:\/\/gazetaregionalna.com\/wp-content\/uploads\/2023\/11\/b6f8584d-7e82-45ea-968e-6bc84a5b23a0-723x420.jpg 723w, https:\/\/gazetaregionalna.com\/wp-content\/uploads\/2023\/11\/b6f8584d-7e82-45ea-968e-6bc84a5b23a0-scaled.jpg 1600w\" data-sizes=\"(max-width: 1024px) 100vw, 1024px\" src=\"data:image\/svg+xml;base64,PHN2ZyB3aWR0aD0iMSIgaGVpZ2h0PSIxIiB4bWxucz0iaHR0cDovL3d3dy53My5vcmcvMjAwMC9zdmciPjwvc3ZnPg==\" style=\"--smush-placeholder-width: 1024px; --smush-placeholder-aspect-ratio: 1024\/595;\" \/><\/a><\/figure><\/li><li class=\"blocks-gallery-item\"><figure><a href=\"https:\/\/gazetaregionalna.com\/wp-content\/uploads\/2023\/11\/8416dce4-fd26-486f-b45e-d4ca6a96bcfd-scaled.jpg\"><img decoding=\"async\" width=\"1024\" height=\"636\" data-src=\"https:\/\/gazetaregionalna.com\/wp-content\/uploads\/2023\/11\/8416dce4-fd26-486f-b45e-d4ca6a96bcfd-1024x636.jpg\" alt=\"\" data-id=\"116618\" data-full-url=\"https:\/\/gazetaregionalna.com\/wp-content\/uploads\/2023\/11\/8416dce4-fd26-486f-b45e-d4ca6a96bcfd-scaled.jpg\" data-link=\"https:\/\/gazetaregionalna.com\/?attachment_id=116618\" class=\"wp-image-116618 lazyload\" data-srcset=\"https:\/\/gazetaregionalna.com\/wp-content\/uploads\/2023\/11\/8416dce4-fd26-486f-b45e-d4ca6a96bcfd-1024x636.jpg 1024w, https:\/\/gazetaregionalna.com\/wp-content\/uploads\/2023\/11\/8416dce4-fd26-486f-b45e-d4ca6a96bcfd-300x186.jpg 300w, https:\/\/gazetaregionalna.com\/wp-content\/uploads\/2023\/11\/8416dce4-fd26-486f-b45e-d4ca6a96bcfd-768x477.jpg 768w, https:\/\/gazetaregionalna.com\/wp-content\/uploads\/2023\/11\/8416dce4-fd26-486f-b45e-d4ca6a96bcfd-1536x953.jpg 1536w, https:\/\/gazetaregionalna.com\/wp-content\/uploads\/2023\/11\/8416dce4-fd26-486f-b45e-d4ca6a96bcfd-696x432.jpg 696w, https:\/\/gazetaregionalna.com\/wp-content\/uploads\/2023\/11\/8416dce4-fd26-486f-b45e-d4ca6a96bcfd-1068x663.jpg 1068w, https:\/\/gazetaregionalna.com\/wp-content\/uploads\/2023\/11\/8416dce4-fd26-486f-b45e-d4ca6a96bcfd-677x420.jpg 677w, https:\/\/gazetaregionalna.com\/wp-content\/uploads\/2023\/11\/8416dce4-fd26-486f-b45e-d4ca6a96bcfd-356x220.jpg 356w, https:\/\/gazetaregionalna.com\/wp-content\/uploads\/2023\/11\/8416dce4-fd26-486f-b45e-d4ca6a96bcfd-scaled.jpg 1600w\" data-sizes=\"(max-width: 1024px) 100vw, 1024px\" src=\"data:image\/svg+xml;base64,PHN2ZyB3aWR0aD0iMSIgaGVpZ2h0PSIxIiB4bWxucz0iaHR0cDovL3d3dy53My5vcmcvMjAwMC9zdmciPjwvc3ZnPg==\" style=\"--smush-placeholder-width: 1024px; --smush-placeholder-aspect-ratio: 1024\/636;\" \/><\/a><\/figure><\/li><li class=\"blocks-gallery-item\"><figure><a href=\"https:\/\/gazetaregionalna.com\/wp-content\/uploads\/2023\/11\/f882ac48-7009-4172-961a-6118bff6caaa-scaled.jpg\"><img decoding=\"async\" width=\"1024\" height=\"570\" data-src=\"https:\/\/gazetaregionalna.com\/wp-content\/uploads\/2023\/11\/f882ac48-7009-4172-961a-6118bff6caaa-1024x570.jpg\" alt=\"\" data-id=\"116621\" data-full-url=\"https:\/\/gazetaregionalna.com\/wp-content\/uploads\/2023\/11\/f882ac48-7009-4172-961a-6118bff6caaa-scaled.jpg\" data-link=\"https:\/\/gazetaregionalna.com\/?attachment_id=116621\" class=\"wp-image-116621 lazyload\" data-srcset=\"https:\/\/gazetaregionalna.com\/wp-content\/uploads\/2023\/11\/f882ac48-7009-4172-961a-6118bff6caaa-1024x570.jpg 1024w, https:\/\/gazetaregionalna.com\/wp-content\/uploads\/2023\/11\/f882ac48-7009-4172-961a-6118bff6caaa-300x167.jpg 300w, https:\/\/gazetaregionalna.com\/wp-content\/uploads\/2023\/11\/f882ac48-7009-4172-961a-6118bff6caaa-768x428.jpg 768w, https:\/\/gazetaregionalna.com\/wp-content\/uploads\/2023\/11\/f882ac48-7009-4172-961a-6118bff6caaa-1536x855.jpg 1536w, https:\/\/gazetaregionalna.com\/wp-content\/uploads\/2023\/11\/f882ac48-7009-4172-961a-6118bff6caaa-696x387.jpg 696w, https:\/\/gazetaregionalna.com\/wp-content\/uploads\/2023\/11\/f882ac48-7009-4172-961a-6118bff6caaa-1068x595.jpg 1068w, https:\/\/gazetaregionalna.com\/wp-content\/uploads\/2023\/11\/f882ac48-7009-4172-961a-6118bff6caaa-754x420.jpg 754w, https:\/\/gazetaregionalna.com\/wp-content\/uploads\/2023\/11\/f882ac48-7009-4172-961a-6118bff6caaa-scaled.jpg 1600w\" data-sizes=\"(max-width: 1024px) 100vw, 1024px\" src=\"data:image\/svg+xml;base64,PHN2ZyB3aWR0aD0iMSIgaGVpZ2h0PSIxIiB4bWxucz0iaHR0cDovL3d3dy53My5vcmcvMjAwMC9zdmciPjwvc3ZnPg==\" style=\"--smush-placeholder-width: 1024px; --smush-placeholder-aspect-ratio: 1024\/570;\" \/><\/a><\/figure><\/li><\/ul><figcaption class=\"blocks-gallery-caption\">TKKF \u201ePegaz&#8221;<\/figcaption><\/figure>\n\n\n\n<p>Tadeusz Piersiak, fot. TKKF Pegaz<\/p>\n\n\n\n<p>Czytaj tak\u017ce: <a href=\"https:\/\/gazetaregionalna.com\/sobieskiego-2\/\">Szko\u0142a przy ul. Sobieskiego. Gmach pe\u0142en wspomnie\u0144 i tajemnic<\/a><\/p>\n\n\n\n<figure class=\"wp-block-image size-large is-resized\"><img decoding=\"async\" data-src=\"https:\/\/gazetaregionalna.com\/wp-content\/uploads\/2023\/08\/patrzyk1-5.jpg\" alt=\"\" class=\"wp-image-111669 lazyload\" width=\"318\" height=\"255\" src=\"data:image\/svg+xml;base64,PHN2ZyB3aWR0aD0iMSIgaGVpZ2h0PSIxIiB4bWxucz0iaHR0cDovL3d3dy53My5vcmcvMjAwMC9zdmciPjwvc3ZnPg==\" style=\"--smush-placeholder-width: 318px; --smush-placeholder-aspect-ratio: 318\/255;\"><figcaption><a href=\"https:\/\/www.kotly-patrzyk.pl\/\" target=\"_blank\" rel=\"noreferrer noopener\">https:\/\/www.kotly-patrzyk.pl\/<\/a><br><a href=\"https:\/\/www.kotly-patrzyk.pl\/oferta\/pompy-ciepla\/\" target=\"_blank\" rel=\"noreferrer noopener\">https:\/\/www.kotly-patrzyk.pl\/oferta\/pompy-ciepla\/<\/a><\/figcaption><\/figure>\n","protected":false},"excerpt":{"rendered":"<p>Tegoroczne Hubertusy w o\u015brodkach je\u017adzieckich w okolicach Cz\u0119stochowy powinny by\u0107 opatrzone cyfr\u0105 \u201e55&#8243;. Tyle bowiem lat liczy sobie nasza powojenna historia je\u017adziectwa. Za\u015b najbardziej<\/p>\n","protected":false},"author":5,"featured_media":116604,"comment_status":"closed","ping_status":"open","sticky":false,"template":"","format":"standard","meta":{"_monsterinsights_skip_tracking":false,"_monsterinsights_sitenote_active":false,"_monsterinsights_sitenote_note":"","_monsterinsights_sitenote_category":0,"_uf_show_specific_survey":0,"_uf_disable_surveys":false,"footnotes":""},"categories":[321],"tags":[8569,8150,2367,8570],"class_list":["post-116602","post","type-post","status-publish","format-standard","has-post-thumbnail","hentry","category-historia","tag-hippika","tag-jezdziectwo","tag-konie","tag-tkkf-pegaz"],"_links":{"self":[{"href":"https:\/\/gazetaregionalna.com\/index.php?rest_route=\/wp\/v2\/posts\/116602","targetHints":{"allow":["GET"]}}],"collection":[{"href":"https:\/\/gazetaregionalna.com\/index.php?rest_route=\/wp\/v2\/posts"}],"about":[{"href":"https:\/\/gazetaregionalna.com\/index.php?rest_route=\/wp\/v2\/types\/post"}],"author":[{"embeddable":true,"href":"https:\/\/gazetaregionalna.com\/index.php?rest_route=\/wp\/v2\/users\/5"}],"replies":[{"embeddable":true,"href":"https:\/\/gazetaregionalna.com\/index.php?rest_route=%2Fwp%2Fv2%2Fcomments&post=116602"}],"version-history":[{"count":5,"href":"https:\/\/gazetaregionalna.com\/index.php?rest_route=\/wp\/v2\/posts\/116602\/revisions"}],"predecessor-version":[{"id":116624,"href":"https:\/\/gazetaregionalna.com\/index.php?rest_route=\/wp\/v2\/posts\/116602\/revisions\/116624"}],"wp:featuredmedia":[{"embeddable":true,"href":"https:\/\/gazetaregionalna.com\/index.php?rest_route=\/wp\/v2\/media\/116604"}],"wp:attachment":[{"href":"https:\/\/gazetaregionalna.com\/index.php?rest_route=%2Fwp%2Fv2%2Fmedia&parent=116602"}],"wp:term":[{"taxonomy":"category","embeddable":true,"href":"https:\/\/gazetaregionalna.com\/index.php?rest_route=%2Fwp%2Fv2%2Fcategories&post=116602"},{"taxonomy":"post_tag","embeddable":true,"href":"https:\/\/gazetaregionalna.com\/index.php?rest_route=%2Fwp%2Fv2%2Ftags&post=116602"}],"curies":[{"name":"wp","href":"https:\/\/api.w.org\/{rel}","templated":true}]}}