{"id":116594,"date":"2023-11-02T22:10:37","date_gmt":"2023-11-02T22:10:37","guid":{"rendered":"https:\/\/gazetaregionalna.com\/?p=116594"},"modified":"2023-11-02T22:10:39","modified_gmt":"2023-11-02T22:10:39","slug":"wlokniarz-czestochowa-ma-nowego-zawodnika-to-utalentowany-dunczyk","status":"publish","type":"post","link":"https:\/\/gazetaregionalna.com\/?p=116594","title":{"rendered":"W\u0142\u00f3kniarz Cz\u0119stochowa ma nowego zawodnika. To utalentowany Du\u0144czyk"},"content":{"rendered":"\n<p>Pierwszym nowym zawodnikiem W\u0142\u00f3kniarza Cz\u0119stochowa na sezon 2024 zosta\u0142 23-letni Du\u0144czyk Mads Hansen. W sezonie 2023 reprezentowa\u0142y barwy Zdunek Wybrze\u017ce Gda\u0144sk.<\/p>\n\n\n\n<p>Mads Hansen ma 23 lata. We W\u0142\u00f3kniarzu ma zast\u0105pi\u0107 Jakuba Mi\u015bkowiaka, kt\u00f3ry ko\u0144czy jazd\u0119 w Cz\u0119stochowie. Hansen w niedawno zako\u0144czonym sezonie uzyska\u0142 \u015bredni\u0105 biegow\u0105 1,92. Da\u0142o to mu 17. miejsce w 1. lidze \u017cu\u017clowej oraz 3. w\u015br\u00f3d zawodnik\u00f3w U24 w 1 lidze.<\/p>\n\n\n\n<p>W najbli\u017cszych dniach kibice W\u0142\u00f3kniarza powinni pozna\u0107 te\u017c oficjalnie nazwisko nowego trenera, kt\u00f3ry zast\u0105pi Lecha K\u0119dzior\u0119. Ma nim by\u0107 Janusz \u015al\u0105czka.<\/p>\n\n\n\n<p>AK, fot: Grzegorz Misiak (W\u0142\u00f3kniarz Cz\u0119stochowa)<\/p>\n\n\n\n<figure class=\"wp-block-image size-large\"><img decoding=\"async\" width=\"732\" height=\"1024\" data-src=\"https:\/\/gazetaregionalna.com\/wp-content\/uploads\/2023\/11\/hansen-1-foto-grzegorz-misiakjpeg_1698934691_4691-732x1024.jpeg\" alt=\"\" class=\"wp-image-116595 lazyload\" data-srcset=\"https:\/\/gazetaregionalna.com\/wp-content\/uploads\/2023\/11\/hansen-1-foto-grzegorz-misiakjpeg_1698934691_4691-732x1024.jpeg 732w, https:\/\/gazetaregionalna.com\/wp-content\/uploads\/2023\/11\/hansen-1-foto-grzegorz-misiakjpeg_1698934691_4691-214x300.jpeg 214w, https:\/\/gazetaregionalna.com\/wp-content\/uploads\/2023\/11\/hansen-1-foto-grzegorz-misiakjpeg_1698934691_4691-768x1075.jpeg 768w, https:\/\/gazetaregionalna.com\/wp-content\/uploads\/2023\/11\/hansen-1-foto-grzegorz-misiakjpeg_1698934691_4691-1097x1536.jpeg 1097w, https:\/\/gazetaregionalna.com\/wp-content\/uploads\/2023\/11\/hansen-1-foto-grzegorz-misiakjpeg_1698934691_4691-1463x2048.jpeg 1463w, https:\/\/gazetaregionalna.com\/wp-content\/uploads\/2023\/11\/hansen-1-foto-grzegorz-misiakjpeg_1698934691_4691-696x974.jpeg 696w, https:\/\/gazetaregionalna.com\/wp-content\/uploads\/2023\/11\/hansen-1-foto-grzegorz-misiakjpeg_1698934691_4691-1068x1495.jpeg 1068w, https:\/\/gazetaregionalna.com\/wp-content\/uploads\/2023\/11\/hansen-1-foto-grzegorz-misiakjpeg_1698934691_4691-1920x2688.jpeg 1920w, https:\/\/gazetaregionalna.com\/wp-content\/uploads\/2023\/11\/hansen-1-foto-grzegorz-misiakjpeg_1698934691_4691-300x420.jpeg 300w, https:\/\/gazetaregionalna.com\/wp-content\/uploads\/2023\/11\/hansen-1-foto-grzegorz-misiakjpeg_1698934691_4691-scaled.jpeg 1143w\" data-sizes=\"(max-width: 732px) 100vw, 732px\" src=\"data:image\/svg+xml;base64,PHN2ZyB3aWR0aD0iMSIgaGVpZ2h0PSIxIiB4bWxucz0iaHR0cDovL3d3dy53My5vcmcvMjAwMC9zdmciPjwvc3ZnPg==\" style=\"--smush-placeholder-width: 732px; --smush-placeholder-aspect-ratio: 732\/1024;\" \/><\/figure>\n\n\n\n<figure class=\"wp-block-image size-large\"><img decoding=\"async\" width=\"300\" height=\"250\" data-src=\"https:\/\/gazetaregionalna.com\/wp-content\/uploads\/2022\/04\/DMK-4.jpg\" alt=\"\" class=\"wp-image-77212 lazyload\" src=\"data:image\/svg+xml;base64,PHN2ZyB3aWR0aD0iMSIgaGVpZ2h0PSIxIiB4bWxucz0iaHR0cDovL3d3dy53My5vcmcvMjAwMC9zdmciPjwvc3ZnPg==\" style=\"--smush-placeholder-width: 300px; --smush-placeholder-aspect-ratio: 300\/250;\"><\/figure>\n\n\n\n<figure class=\"wp-block-image size-large\"><img decoding=\"async\" width=\"724\" height=\"1024\" data-src=\"https:\/\/gazetaregionalna.com\/wp-content\/uploads\/2023\/11\/hansen-2-foto-grzegorz-misiak_1698934703_4703-724x1024.jpeg\" alt=\"\" class=\"wp-image-116596 lazyload\" data-srcset=\"https:\/\/gazetaregionalna.com\/wp-content\/uploads\/2023\/11\/hansen-2-foto-grzegorz-misiak_1698934703_4703-724x1024.jpeg 724w, https:\/\/gazetaregionalna.com\/wp-content\/uploads\/2023\/11\/hansen-2-foto-grzegorz-misiak_1698934703_4703-212x300.jpeg 212w, https:\/\/gazetaregionalna.com\/wp-content\/uploads\/2023\/11\/hansen-2-foto-grzegorz-misiak_1698934703_4703-768x1086.jpeg 768w, https:\/\/gazetaregionalna.com\/wp-content\/uploads\/2023\/11\/hansen-2-foto-grzegorz-misiak_1698934703_4703-1086x1536.jpeg 1086w, https:\/\/gazetaregionalna.com\/wp-content\/uploads\/2023\/11\/hansen-2-foto-grzegorz-misiak_1698934703_4703-1448x2048.jpeg 1448w, https:\/\/gazetaregionalna.com\/wp-content\/uploads\/2023\/11\/hansen-2-foto-grzegorz-misiak_1698934703_4703-696x984.jpeg 696w, https:\/\/gazetaregionalna.com\/wp-content\/uploads\/2023\/11\/hansen-2-foto-grzegorz-misiak_1698934703_4703-1068x1510.jpeg 1068w, https:\/\/gazetaregionalna.com\/wp-content\/uploads\/2023\/11\/hansen-2-foto-grzegorz-misiak_1698934703_4703-1920x2715.jpeg 1920w, https:\/\/gazetaregionalna.com\/wp-content\/uploads\/2023\/11\/hansen-2-foto-grzegorz-misiak_1698934703_4703-297x420.jpeg 297w, https:\/\/gazetaregionalna.com\/wp-content\/uploads\/2023\/11\/hansen-2-foto-grzegorz-misiak_1698934703_4703-scaled.jpeg 1131w\" data-sizes=\"(max-width: 724px) 100vw, 724px\" src=\"data:image\/svg+xml;base64,PHN2ZyB3aWR0aD0iMSIgaGVpZ2h0PSIxIiB4bWxucz0iaHR0cDovL3d3dy53My5vcmcvMjAwMC9zdmciPjwvc3ZnPg==\" style=\"--smush-placeholder-width: 724px; --smush-placeholder-aspect-ratio: 724\/1024;\" \/><\/figure>\n","protected":false},"excerpt":{"rendered":"<p>Pierwszym nowym zawodnikiem W\u0142\u00f3kniarza Cz\u0119stochowa na sezon 2024 zosta\u0142 23-letni Du\u0144czyk Mads Hansen. W sezonie 2023 reprezentowa\u0142y barwy Zdunek Wybrze\u017ce Gda\u0144sk. Mads Hansen ma<\/p>\n","protected":false},"author":15,"featured_media":116596,"comment_status":"closed","ping_status":"open","sticky":false,"template":"","format":"standard","meta":{"_monsterinsights_skip_tracking":false,"_monsterinsights_sitenote_active":false,"_monsterinsights_sitenote_note":"","_monsterinsights_sitenote_category":0,"_uf_show_specific_survey":0,"_uf_disable_surveys":false,"footnotes":""},"categories":[5,7],"tags":[],"class_list":["post-116594","post","type-post","status-publish","format-standard","has-post-thumbnail","hentry","category-sport","category-zuzel"],"_links":{"self":[{"href":"https:\/\/gazetaregionalna.com\/index.php?rest_route=\/wp\/v2\/posts\/116594","targetHints":{"allow":["GET"]}}],"collection":[{"href":"https:\/\/gazetaregionalna.com\/index.php?rest_route=\/wp\/v2\/posts"}],"about":[{"href":"https:\/\/gazetaregionalna.com\/index.php?rest_route=\/wp\/v2\/types\/post"}],"author":[{"embeddable":true,"href":"https:\/\/gazetaregionalna.com\/index.php?rest_route=\/wp\/v2\/users\/15"}],"replies":[{"embeddable":true,"href":"https:\/\/gazetaregionalna.com\/index.php?rest_route=%2Fwp%2Fv2%2Fcomments&post=116594"}],"version-history":[{"count":1,"href":"https:\/\/gazetaregionalna.com\/index.php?rest_route=\/wp\/v2\/posts\/116594\/revisions"}],"predecessor-version":[{"id":116597,"href":"https:\/\/gazetaregionalna.com\/index.php?rest_route=\/wp\/v2\/posts\/116594\/revisions\/116597"}],"wp:featuredmedia":[{"embeddable":true,"href":"https:\/\/gazetaregionalna.com\/index.php?rest_route=\/wp\/v2\/media\/116596"}],"wp:attachment":[{"href":"https:\/\/gazetaregionalna.com\/index.php?rest_route=%2Fwp%2Fv2%2Fmedia&parent=116594"}],"wp:term":[{"taxonomy":"category","embeddable":true,"href":"https:\/\/gazetaregionalna.com\/index.php?rest_route=%2Fwp%2Fv2%2Fcategories&post=116594"},{"taxonomy":"post_tag","embeddable":true,"href":"https:\/\/gazetaregionalna.com\/index.php?rest_route=%2Fwp%2Fv2%2Ftags&post=116594"}],"curies":[{"name":"wp","href":"https:\/\/api.w.org\/{rel}","templated":true}]}}