{"id":116590,"date":"2023-11-02T19:37:19","date_gmt":"2023-11-02T19:37:19","guid":{"rendered":"https:\/\/gazetaregionalna.com\/?p=116590"},"modified":"2023-11-03T07:31:44","modified_gmt":"2023-11-03T07:31:44","slug":"rakow-dopiero-po-dogrywce-wygral-w-lodzi-z-lks-w-1-16-pucharu-polski","status":"publish","type":"post","link":"https:\/\/gazetaregionalna.com\/?p=116590","title":{"rendered":"Rak\u00f3w dopiero po dogrywce wygra\u0142 w \u0141odzi z \u0141KS w 1\/16 Pucharu Polski"},"content":{"rendered":"\n<p>Pi\u0142karze Rakowa Cz\u0119stochowa awansowali do 1\/8 Pucharu Polski. W czwartek dopiero po dogrywce wygrali w \u0141odzi z \u0141KS-em 2:0 zdobywaj\u0105c bramki gdy grali w przewadze zawodnika&#8230;<\/p>\n\n\n\n<p>Pi\u0142karze Rakowa Cz\u0119stochowa w czwartek rozpocz\u0119li walk\u0119 o czwarty fina\u0142 Pucharu Polski w swojej historii i trzecie trofeum. Przypomnijmy, \u017ce Rak\u00f3w ma na koncie dwa Puchary Polski wywalczone w 2021 i 2022 roku. W 2023 roku cz\u0119stochowianie grali w finale Pucharu Polski, ale przegrali z Legi\u0105 Warszawa.<\/p>\n\n\n\n<p>2 listopada 2023 roku Rak\u00f3w rozpocz\u0105\u0142 swoj\u0105 kolejn\u0105 przygod\u0119 w Fortuna Puchar Polski. Losowanie sprawi\u0142o, \u017ce pierwszym rywalem czerwono-niebieskich by\u0142 beniaminek PKO BP Ekstraklasy \u0141KS \u0141\u00f3d\u017a. \u0141odzianie w tabeli PKO BP Ekstraklasy s\u0105 na ostatnim miejscu, dlatego przed spotkaniem to Rak\u00f3w by\u0142 faworytem meczu&#8230;<\/p>\n\n\n\n<p>Cz\u0119stochowianie z zadania wywi\u0105zali si\u0119 i awansowali do 1\/8 Pucharu Polski.<\/p>\n\n\n\n<p>Pierwsza po\u0142owa czwartkowego spotkania by\u0142a wyr\u00f3wnana, a spotkanie toczy\u0142o si\u0119 w szybkim tempie. Raz atakowa\u0142 Rak\u00f3w, a za chwil\u0119 \u0141KS wychodzi\u0142 z kontrami. Oko\u0142o 3000 kibic\u00f3w, w tym fani z Cz\u0119stochowy nie doczekali si\u0119 jednak bramek.<\/p>\n\n\n\n<p>Po zmianie stron Rak\u00f3w ruszy\u0142 do atak\u00f3w, bo by\u0142 faworytem i nie chcia\u0142 doprowadzi\u0107 do dogrywki. Strza\u0142y na bramk\u0119 \u0141KS oddawali m.in. Yonhy Yeboah i Sonny Kittel, Dawid Drachal, Srdan Plavsi\u0107, Milan Rundi\u0107&#8230; Gospodarze umiej\u0119tnie si\u0119 jednak bronili.<\/p>\n\n\n\n<p>W 71. trener Rakowa Dawid Szwarga dokona\u0142 trzech zmian. Na boisko weszli Ante Crnac, Marcin Cebula i Bartosz Nowak. Rak\u00f3w nadal atakowa\u0142, ale ca\u0142y czas w bardzo dobrej dyspozycji by\u0142 bramkarz \u0142odzian. <\/p>\n\n\n\n<p>Mecz w regulaminowym czasie gry zako\u0144czy\u0142 si\u0119 remisem 0:0 i pi\u0142karze musieli wyj\u015b\u0107 na dogrywk\u0119. <\/p>\n\n\n\n<p>Od 100. minuty Rak\u00f3w gra\u0142 w przewadze, bo drug\u0105 \u017c\u00f3\u0142t\u0105 kartk\u0119 za symulowanie faulu w polu karnym zobaczy\u0142 Piotr Janczukowicz.<\/p>\n\n\n\n<p>Rak\u00f3w atakowa\u0142 i w 109. minucie gola na 1:0 zdoby\u0142 z bliskiej odleg\u0142o\u015bci W\u0142adys\u0142aw Kochergin. S\u0119dziowie sprawdzali jeszcze pozycj\u0119 spalon\u0105 na VAR, ale gol nie zosta\u0142 anulowany. <\/p>\n\n\n\n<p>Ostatecznie sko\u0144czy\u0142o si\u0119 na zwyci\u0119stwie Rakowa 2:0, bo w ostatniej minucie dogrywki pi\u0119knym strza\u0142em zza pola karnego tu\u017c przy s\u0142upku popisa\u0142 si\u0119 Ben Lederman. W tym meczu najwa\u017cniejszy by\u0142 awans, ale szkoda dodatkowych 30 minut na boisku&#8230;<\/p>\n\n\n\n<p>Kibice Rakowa spodziewali si\u0119 \u0142atwego zwyci\u0119stwa, a tymczasem ogl\u0105dali niemoc w wykonaniu czerwono-niebieskich, kt\u00f3rzy ostatnio nie prezentuj\u0105 si\u0119 tak jak wszyscy tego w Cz\u0119stochowie oczekuj\u0105&#8230;<\/p>\n\n\n\n<p>W niedziel\u0119 Rak\u00f3w podejmuje przy Limanowskiego Zag\u0142\u0119bie Lubin.<\/p>\n\n\n\n<p><strong>MR-K<\/strong>, fot: <strong>AK<\/strong><\/p>\n\n\n\n<p><strong>\u0141KS \u0141\u00f3d\u017a \u2013 Rak\u00f3w Cz\u0119stochowa 0:0 po dogrywce 0:2<\/strong><\/p>\n\n\n\n<p><strong>Bramki:<\/strong> 0:1 Kochergin (109.), 0:2 Lederman (120.)<br><strong>Rak\u00f3w:<\/strong> Kovacevi\u0107 \u2013 Rundi\u0107, Racovitan, Tudor, Plavsi\u0107, Kochergin, Berggren (97. Lederman), Drachal, Kittel (71. Nowak), Yeboah (71. Cebula), Piasecki (71. Crnac).<\/p>\n\n\n\n<p>Partnerem relacji jest: DMK Invest materia\u0142y budowlane Konopiska<\/p>\n\n\n\n<figure class=\"wp-block-image size-large\"><img decoding=\"async\" width=\"1024\" height=\"676\" data-src=\"https:\/\/gazetaregionalna.com\/wp-content\/uploads\/2023\/11\/LKS-Rakow-1-2-1024x676.jpg\" alt=\"\" class=\"wp-image-116584 lazyload\" data-srcset=\"https:\/\/gazetaregionalna.com\/wp-content\/uploads\/2023\/11\/LKS-Rakow-1-2-1024x676.jpg 1024w, https:\/\/gazetaregionalna.com\/wp-content\/uploads\/2023\/11\/LKS-Rakow-1-2-300x198.jpg 300w, https:\/\/gazetaregionalna.com\/wp-content\/uploads\/2023\/11\/LKS-Rakow-1-2-768x507.jpg 768w, https:\/\/gazetaregionalna.com\/wp-content\/uploads\/2023\/11\/LKS-Rakow-1-2-1536x1013.jpg 1536w, https:\/\/gazetaregionalna.com\/wp-content\/uploads\/2023\/11\/LKS-Rakow-1-2-696x459.jpg 696w, https:\/\/gazetaregionalna.com\/wp-content\/uploads\/2023\/11\/LKS-Rakow-1-2-1068x705.jpg 1068w, https:\/\/gazetaregionalna.com\/wp-content\/uploads\/2023\/11\/LKS-Rakow-1-2-1920x1267.jpg 1920w, https:\/\/gazetaregionalna.com\/wp-content\/uploads\/2023\/11\/LKS-Rakow-1-2-637x420.jpg 637w, https:\/\/gazetaregionalna.com\/wp-content\/uploads\/2023\/11\/LKS-Rakow-1-2-scaled.jpg 1600w\" data-sizes=\"(max-width: 1024px) 100vw, 1024px\" src=\"data:image\/svg+xml;base64,PHN2ZyB3aWR0aD0iMSIgaGVpZ2h0PSIxIiB4bWxucz0iaHR0cDovL3d3dy53My5vcmcvMjAwMC9zdmciPjwvc3ZnPg==\" style=\"--smush-placeholder-width: 1024px; --smush-placeholder-aspect-ratio: 1024\/676;\" \/><\/figure>\n\n\n\n<figure class=\"wp-block-image size-large\"><img decoding=\"async\" width=\"1024\" height=\"670\" data-src=\"https:\/\/gazetaregionalna.com\/wp-content\/uploads\/2023\/11\/LKS-Rakow-2-2-1024x670.jpg\" alt=\"\" class=\"wp-image-116585 lazyload\" data-srcset=\"https:\/\/gazetaregionalna.com\/wp-content\/uploads\/2023\/11\/LKS-Rakow-2-2-1024x670.jpg 1024w, https:\/\/gazetaregionalna.com\/wp-content\/uploads\/2023\/11\/LKS-Rakow-2-2-300x196.jpg 300w, https:\/\/gazetaregionalna.com\/wp-content\/uploads\/2023\/11\/LKS-Rakow-2-2-768x502.jpg 768w, https:\/\/gazetaregionalna.com\/wp-content\/uploads\/2023\/11\/LKS-Rakow-2-2-1536x1004.jpg 1536w, https:\/\/gazetaregionalna.com\/wp-content\/uploads\/2023\/11\/LKS-Rakow-2-2-696x455.jpg 696w, https:\/\/gazetaregionalna.com\/wp-content\/uploads\/2023\/11\/LKS-Rakow-2-2-1068x698.jpg 1068w, https:\/\/gazetaregionalna.com\/wp-content\/uploads\/2023\/11\/LKS-Rakow-2-2-1920x1255.jpg 1920w, https:\/\/gazetaregionalna.com\/wp-content\/uploads\/2023\/11\/LKS-Rakow-2-2-642x420.jpg 642w, https:\/\/gazetaregionalna.com\/wp-content\/uploads\/2023\/11\/LKS-Rakow-2-2-741x486.jpg 741w, https:\/\/gazetaregionalna.com\/wp-content\/uploads\/2023\/11\/LKS-Rakow-2-2-scaled.jpg 1600w\" data-sizes=\"(max-width: 1024px) 100vw, 1024px\" src=\"data:image\/svg+xml;base64,PHN2ZyB3aWR0aD0iMSIgaGVpZ2h0PSIxIiB4bWxucz0iaHR0cDovL3d3dy53My5vcmcvMjAwMC9zdmciPjwvc3ZnPg==\" style=\"--smush-placeholder-width: 1024px; --smush-placeholder-aspect-ratio: 1024\/670;\" \/><\/figure>\n\n\n\n<figure class=\"wp-block-image size-large\"><img decoding=\"async\" width=\"1024\" height=\"683\" data-src=\"https:\/\/gazetaregionalna.com\/wp-content\/uploads\/2023\/11\/LKS-Rakow-4-2-1024x683.jpg\" alt=\"\" class=\"wp-image-116586 lazyload\" data-srcset=\"https:\/\/gazetaregionalna.com\/wp-content\/uploads\/2023\/11\/LKS-Rakow-4-2-1024x683.jpg 1024w, https:\/\/gazetaregionalna.com\/wp-content\/uploads\/2023\/11\/LKS-Rakow-4-2-300x200.jpg 300w, https:\/\/gazetaregionalna.com\/wp-content\/uploads\/2023\/11\/LKS-Rakow-4-2-768x512.jpg 768w, https:\/\/gazetaregionalna.com\/wp-content\/uploads\/2023\/11\/LKS-Rakow-4-2-1536x1024.jpg 1536w, https:\/\/gazetaregionalna.com\/wp-content\/uploads\/2023\/11\/LKS-Rakow-4-2-696x464.jpg 696w, https:\/\/gazetaregionalna.com\/wp-content\/uploads\/2023\/11\/LKS-Rakow-4-2-1068x712.jpg 1068w, https:\/\/gazetaregionalna.com\/wp-content\/uploads\/2023\/11\/LKS-Rakow-4-2-1920x1280.jpg 1920w, https:\/\/gazetaregionalna.com\/wp-content\/uploads\/2023\/11\/LKS-Rakow-4-2-630x420.jpg 630w, https:\/\/gazetaregionalna.com\/wp-content\/uploads\/2023\/11\/LKS-Rakow-4-2-scaled.jpg 1600w\" data-sizes=\"(max-width: 1024px) 100vw, 1024px\" src=\"data:image\/svg+xml;base64,PHN2ZyB3aWR0aD0iMSIgaGVpZ2h0PSIxIiB4bWxucz0iaHR0cDovL3d3dy53My5vcmcvMjAwMC9zdmciPjwvc3ZnPg==\" style=\"--smush-placeholder-width: 1024px; --smush-placeholder-aspect-ratio: 1024\/683;\" \/><\/figure>\n\n\n\n<figure class=\"wp-block-image size-large\"><img decoding=\"async\" width=\"300\" height=\"250\" data-src=\"https:\/\/gazetaregionalna.com\/wp-content\/uploads\/2022\/04\/DMK-7.jpg\" alt=\"\" class=\"wp-image-77214 lazyload\" src=\"data:image\/svg+xml;base64,PHN2ZyB3aWR0aD0iMSIgaGVpZ2h0PSIxIiB4bWxucz0iaHR0cDovL3d3dy53My5vcmcvMjAwMC9zdmciPjwvc3ZnPg==\" style=\"--smush-placeholder-width: 300px; --smush-placeholder-aspect-ratio: 300\/250;\"><\/figure>\n\n\n\n<figure class=\"wp-block-image size-large\"><img decoding=\"async\" width=\"1024\" height=\"624\" data-src=\"https:\/\/gazetaregionalna.com\/wp-content\/uploads\/2023\/11\/LKS-Rakow-28-2-1024x624.jpg\" alt=\"\" class=\"wp-image-116589 lazyload\" data-srcset=\"https:\/\/gazetaregionalna.com\/wp-content\/uploads\/2023\/11\/LKS-Rakow-28-2-1024x624.jpg 1024w, https:\/\/gazetaregionalna.com\/wp-content\/uploads\/2023\/11\/LKS-Rakow-28-2-300x183.jpg 300w, https:\/\/gazetaregionalna.com\/wp-content\/uploads\/2023\/11\/LKS-Rakow-28-2-768x468.jpg 768w, https:\/\/gazetaregionalna.com\/wp-content\/uploads\/2023\/11\/LKS-Rakow-28-2-1536x935.jpg 1536w, https:\/\/gazetaregionalna.com\/wp-content\/uploads\/2023\/11\/LKS-Rakow-28-2-696x424.jpg 696w, https:\/\/gazetaregionalna.com\/wp-content\/uploads\/2023\/11\/LKS-Rakow-28-2-1068x650.jpg 1068w, https:\/\/gazetaregionalna.com\/wp-content\/uploads\/2023\/11\/LKS-Rakow-28-2-1920x1169.jpg 1920w, https:\/\/gazetaregionalna.com\/wp-content\/uploads\/2023\/11\/LKS-Rakow-28-2-690x420.jpg 690w, https:\/\/gazetaregionalna.com\/wp-content\/uploads\/2023\/11\/LKS-Rakow-28-2-scaled.jpg 1600w\" data-sizes=\"(max-width: 1024px) 100vw, 1024px\" src=\"data:image\/svg+xml;base64,PHN2ZyB3aWR0aD0iMSIgaGVpZ2h0PSIxIiB4bWxucz0iaHR0cDovL3d3dy53My5vcmcvMjAwMC9zdmciPjwvc3ZnPg==\" style=\"--smush-placeholder-width: 1024px; --smush-placeholder-aspect-ratio: 1024\/624;\" \/><\/figure>\n\n\n\n<figure class=\"wp-block-image size-large\"><img decoding=\"async\" width=\"1024\" height=\"680\" data-src=\"https:\/\/gazetaregionalna.com\/wp-content\/uploads\/2023\/11\/LKS-Rakow-6-2-1024x680.jpg\" alt=\"\" class=\"wp-image-116588 lazyload\" data-srcset=\"https:\/\/gazetaregionalna.com\/wp-content\/uploads\/2023\/11\/LKS-Rakow-6-2-1024x680.jpg 1024w, https:\/\/gazetaregionalna.com\/wp-content\/uploads\/2023\/11\/LKS-Rakow-6-2-300x199.jpg 300w, https:\/\/gazetaregionalna.com\/wp-content\/uploads\/2023\/11\/LKS-Rakow-6-2-768x510.jpg 768w, https:\/\/gazetaregionalna.com\/wp-content\/uploads\/2023\/11\/LKS-Rakow-6-2-1536x1020.jpg 1536w, https:\/\/gazetaregionalna.com\/wp-content\/uploads\/2023\/11\/LKS-Rakow-6-2-696x462.jpg 696w, https:\/\/gazetaregionalna.com\/wp-content\/uploads\/2023\/11\/LKS-Rakow-6-2-1068x709.jpg 1068w, https:\/\/gazetaregionalna.com\/wp-content\/uploads\/2023\/11\/LKS-Rakow-6-2-1920x1275.jpg 1920w, https:\/\/gazetaregionalna.com\/wp-content\/uploads\/2023\/11\/LKS-Rakow-6-2-632x420.jpg 632w, https:\/\/gazetaregionalna.com\/wp-content\/uploads\/2023\/11\/LKS-Rakow-6-2-scaled.jpg 1600w\" data-sizes=\"(max-width: 1024px) 100vw, 1024px\" src=\"data:image\/svg+xml;base64,PHN2ZyB3aWR0aD0iMSIgaGVpZ2h0PSIxIiB4bWxucz0iaHR0cDovL3d3dy53My5vcmcvMjAwMC9zdmciPjwvc3ZnPg==\" style=\"--smush-placeholder-width: 1024px; --smush-placeholder-aspect-ratio: 1024\/680;\" \/><\/figure>\n\n\n\n<figure class=\"wp-block-image size-large\"><img decoding=\"async\" width=\"1024\" height=\"660\" data-src=\"https:\/\/gazetaregionalna.com\/wp-content\/uploads\/2023\/11\/LKS-Rakow-5-2-1024x660.jpg\" alt=\"\" class=\"wp-image-116587 lazyload\" data-srcset=\"https:\/\/gazetaregionalna.com\/wp-content\/uploads\/2023\/11\/LKS-Rakow-5-2-1024x660.jpg 1024w, https:\/\/gazetaregionalna.com\/wp-content\/uploads\/2023\/11\/LKS-Rakow-5-2-300x193.jpg 300w, https:\/\/gazetaregionalna.com\/wp-content\/uploads\/2023\/11\/LKS-Rakow-5-2-768x495.jpg 768w, https:\/\/gazetaregionalna.com\/wp-content\/uploads\/2023\/11\/LKS-Rakow-5-2-1536x990.jpg 1536w, https:\/\/gazetaregionalna.com\/wp-content\/uploads\/2023\/11\/LKS-Rakow-5-2-696x449.jpg 696w, https:\/\/gazetaregionalna.com\/wp-content\/uploads\/2023\/11\/LKS-Rakow-5-2-1068x688.jpg 1068w, https:\/\/gazetaregionalna.com\/wp-content\/uploads\/2023\/11\/LKS-Rakow-5-2-1920x1238.jpg 1920w, https:\/\/gazetaregionalna.com\/wp-content\/uploads\/2023\/11\/LKS-Rakow-5-2-652x420.jpg 652w, https:\/\/gazetaregionalna.com\/wp-content\/uploads\/2023\/11\/LKS-Rakow-5-2-scaled.jpg 1600w\" data-sizes=\"(max-width: 1024px) 100vw, 1024px\" src=\"data:image\/svg+xml;base64,PHN2ZyB3aWR0aD0iMSIgaGVpZ2h0PSIxIiB4bWxucz0iaHR0cDovL3d3dy53My5vcmcvMjAwMC9zdmciPjwvc3ZnPg==\" style=\"--smush-placeholder-width: 1024px; --smush-placeholder-aspect-ratio: 1024\/660;\" \/><\/figure>\n\n\n\n<figure class=\"wp-block-image size-large\"><img decoding=\"async\" width=\"1024\" height=\"614\" data-src=\"https:\/\/gazetaregionalna.com\/wp-content\/uploads\/2023\/11\/LKS-Rakow-0-2-1024x614.jpg\" alt=\"\" class=\"wp-image-116591 lazyload\" data-srcset=\"https:\/\/gazetaregionalna.com\/wp-content\/uploads\/2023\/11\/LKS-Rakow-0-2-1024x614.jpg 1024w, https:\/\/gazetaregionalna.com\/wp-content\/uploads\/2023\/11\/LKS-Rakow-0-2-300x180.jpg 300w, https:\/\/gazetaregionalna.com\/wp-content\/uploads\/2023\/11\/LKS-Rakow-0-2-768x461.jpg 768w, https:\/\/gazetaregionalna.com\/wp-content\/uploads\/2023\/11\/LKS-Rakow-0-2-1536x921.jpg 1536w, https:\/\/gazetaregionalna.com\/wp-content\/uploads\/2023\/11\/LKS-Rakow-0-2-696x417.jpg 696w, https:\/\/gazetaregionalna.com\/wp-content\/uploads\/2023\/11\/LKS-Rakow-0-2-1068x640.jpg 1068w, https:\/\/gazetaregionalna.com\/wp-content\/uploads\/2023\/11\/LKS-Rakow-0-2-1920x1151.jpg 1920w, https:\/\/gazetaregionalna.com\/wp-content\/uploads\/2023\/11\/LKS-Rakow-0-2-700x420.jpg 700w, https:\/\/gazetaregionalna.com\/wp-content\/uploads\/2023\/11\/LKS-Rakow-0-2-scaled.jpg 1600w\" data-sizes=\"(max-width: 1024px) 100vw, 1024px\" src=\"data:image\/svg+xml;base64,PHN2ZyB3aWR0aD0iMSIgaGVpZ2h0PSIxIiB4bWxucz0iaHR0cDovL3d3dy53My5vcmcvMjAwMC9zdmciPjwvc3ZnPg==\" style=\"--smush-placeholder-width: 1024px; --smush-placeholder-aspect-ratio: 1024\/614;\" \/><\/figure>\n","protected":false},"excerpt":{"rendered":"<p>Pi\u0142karze Rakowa Cz\u0119stochowa awansowali do 1\/8 Pucharu Polski. W czwartek dopiero po dogrywce wygrali w \u0141odzi z \u0141KS-em 2:0 zdobywaj\u0105c bramki gdy grali w<\/p>\n","protected":false},"author":15,"featured_media":116584,"comment_status":"closed","ping_status":"open","sticky":false,"template":"","format":"standard","meta":{"_monsterinsights_skip_tracking":false,"_monsterinsights_sitenote_active":false,"_monsterinsights_sitenote_note":"","_monsterinsights_sitenote_category":0,"_uf_show_specific_survey":0,"_uf_disable_surveys":false,"footnotes":""},"categories":[94,6,5],"tags":[],"class_list":["post-116590","post","type-post","status-publish","format-standard","has-post-thumbnail","hentry","category-polecane","category-pilka-nozna","category-sport"],"_links":{"self":[{"href":"https:\/\/gazetaregionalna.com\/index.php?rest_route=\/wp\/v2\/posts\/116590","targetHints":{"allow":["GET"]}}],"collection":[{"href":"https:\/\/gazetaregionalna.com\/index.php?rest_route=\/wp\/v2\/posts"}],"about":[{"href":"https:\/\/gazetaregionalna.com\/index.php?rest_route=\/wp\/v2\/types\/post"}],"author":[{"embeddable":true,"href":"https:\/\/gazetaregionalna.com\/index.php?rest_route=\/wp\/v2\/users\/15"}],"replies":[{"embeddable":true,"href":"https:\/\/gazetaregionalna.com\/index.php?rest_route=%2Fwp%2Fv2%2Fcomments&post=116590"}],"version-history":[{"count":2,"href":"https:\/\/gazetaregionalna.com\/index.php?rest_route=\/wp\/v2\/posts\/116590\/revisions"}],"predecessor-version":[{"id":116601,"href":"https:\/\/gazetaregionalna.com\/index.php?rest_route=\/wp\/v2\/posts\/116590\/revisions\/116601"}],"wp:featuredmedia":[{"embeddable":true,"href":"https:\/\/gazetaregionalna.com\/index.php?rest_route=\/wp\/v2\/media\/116584"}],"wp:attachment":[{"href":"https:\/\/gazetaregionalna.com\/index.php?rest_route=%2Fwp%2Fv2%2Fmedia&parent=116590"}],"wp:term":[{"taxonomy":"category","embeddable":true,"href":"https:\/\/gazetaregionalna.com\/index.php?rest_route=%2Fwp%2Fv2%2Fcategories&post=116590"},{"taxonomy":"post_tag","embeddable":true,"href":"https:\/\/gazetaregionalna.com\/index.php?rest_route=%2Fwp%2Fv2%2Ftags&post=116590"}],"curies":[{"name":"wp","href":"https:\/\/api.w.org\/{rel}","templated":true}]}}