{"id":116413,"date":"2023-10-30T14:11:40","date_gmt":"2023-10-30T14:11:40","guid":{"rendered":"https:\/\/gazetaregionalna.com\/?p=116413"},"modified":"2023-10-30T14:11:42","modified_gmt":"2023-10-30T14:11:42","slug":"frej","status":"publish","type":"post","link":"https:\/\/gazetaregionalna.com\/?p=116413","title":{"rendered":"Marta Frej. #jestemsilnabo"},"content":{"rendered":"\n<h4 class=\"wp-block-heading\"><strong>#jestemsilnabo to tytu\u0142 wystawy Marty Frej. Wernisa\u017c z udzia\u0142em Ma\u0107ka Kora, kt\u00f3ry wraz z przyjaci\u00f3\u0142mi (swoimi i Marty) ozdobi uroczysto\u015b\u0107 swoj\u0105 muzyk\u0105, odb\u0119dzie si\u0119 3 listopada o godz. 19 w Galerii 4 Arte (ul. 1 Maja 27, wej\u015bcie od parkingu).<\/strong><\/h4>\n\n\n\n<p>Marta Frej \u2013 ilustratorka, artystka wizualna, prezeska Fundacji Kulturoholizm. Uko\u0144czy\u0142a studia na Akademii Sztuk Pi\u0119knych w \u0141odzi. Za dzia\u0142alno\u015b\u0107 artystyczn\u0105 zaanga\u017cowan\u0105 w obron\u0119 r\u00f3wno\u015bci p\u0142ci i praw kobiet zosta\u0142a wyr\u00f3\u017cniona nagrod\u0105 Okulary R\u00f3wno\u015bci 2015, przyznawan\u0105 przez Fundacj\u0119 im. Izabeli Jarugi-Nowackiej. Laureatka nagrody O!l\u015bnienia roku 2017 w kategorii: sztuka. Wraz z Agnieszk\u0105 Graff wyda\u0142a w 2015 roku ksi\u0105\u017ck\u0119 \u201eMemy i grafy. D\u017cender, kasa i seks\u201d, a w ubieg\u0142ym roku ukaza\u0142 si\u0119 jej komiks \u201eDromaderki\u201d, oraz ksi\u0105\u017cka \u201e150 Twarzy Marty Frej\u201d. Najbardziej popularne prace to obrazy z podpisami ilustruj\u0105ce wsp\u00f3\u0142czesne \u017cycie kobiet w Polsce. Prace, kt\u00f3re przybra\u0142y form\u0119 obraz\u00f3w, s\u0105 wystawiane w r\u00f3\u017cnych galeriach w ca\u0142ej Polsce.<\/p>\n\n\n\n<figure class=\"wp-block-image size-large\"><img decoding=\"async\" width=\"857\" height=\"1024\" data-src=\"https:\/\/gazetaregionalna.com\/wp-content\/uploads\/2023\/10\/2-4-857x1024.jpg\" alt=\"\" class=\"wp-image-116418 lazyload\" data-srcset=\"https:\/\/gazetaregionalna.com\/wp-content\/uploads\/2023\/10\/2-4-857x1024.jpg 857w, https:\/\/gazetaregionalna.com\/wp-content\/uploads\/2023\/10\/2-4-251x300.jpg 251w, https:\/\/gazetaregionalna.com\/wp-content\/uploads\/2023\/10\/2-4-768x918.jpg 768w, https:\/\/gazetaregionalna.com\/wp-content\/uploads\/2023\/10\/2-4-1286x1536.jpg 1286w, https:\/\/gazetaregionalna.com\/wp-content\/uploads\/2023\/10\/2-4-1714x2048.jpg 1714w, https:\/\/gazetaregionalna.com\/wp-content\/uploads\/2023\/10\/2-4-696x832.jpg 696w, https:\/\/gazetaregionalna.com\/wp-content\/uploads\/2023\/10\/2-4-1068x1276.jpg 1068w, https:\/\/gazetaregionalna.com\/wp-content\/uploads\/2023\/10\/2-4-1920x2294.jpg 1920w, https:\/\/gazetaregionalna.com\/wp-content\/uploads\/2023\/10\/2-4-352x420.jpg 352w, https:\/\/gazetaregionalna.com\/wp-content\/uploads\/2023\/10\/2-4-scaled.jpg 1339w\" data-sizes=\"(max-width: 857px) 100vw, 857px\" src=\"data:image\/svg+xml;base64,PHN2ZyB3aWR0aD0iMSIgaGVpZ2h0PSIxIiB4bWxucz0iaHR0cDovL3d3dy53My5vcmcvMjAwMC9zdmciPjwvc3ZnPg==\" style=\"--smush-placeholder-width: 857px; --smush-placeholder-aspect-ratio: 857\/1024;\" \/><figcaption>Marta Frej<\/figcaption><\/figure>\n\n\n\n<p>A\u017c si\u0119 prosi, by do tej oficjalnej noty doda\u0107 troch\u0119 ciep\u0142ej \u201eczestochowszczyzny\u201d. \u201eNasza ci ona\u201d rzec mo\u017cna o Marcie.&nbsp; Urodzi\u0142a si\u0119 bowiem i wychowa\u0142a w naszym mie\u015bcie. Wr\u00f3ci\u0142a tu po studiach w \u0141odzi i okresie pracy w macierzystej uczelni. Tu za\u0142o\u017cy\u0142a wraz ze swoim partnerem Tomkiem Kosi\u0144skim wspomnian\u0105 Fundacj\u0119&nbsp; Kulturoholizm, kt\u00f3ra szybko wzbogaci\u0142a cz\u0119stochowsk\u0105 kultur\u0119 inicjatywami sztuki alternatywnej, m.in. Festiwal ART.eria. Wraz z Tomikiem i Adamem Florczykiem animowali Centrum Promocji M\u0142odych. <\/p>\n\n\n\n<p>Po likwidacji CPM Marta wraz z Tomkiem zatrudnieni byli w O\u015brodku Promocji Kultury \u201eGaude Mater\u201d czekaj\u0105c czasu stosownego, by opu\u015bci\u0107 Cz\u0119stochow\u0119. W tym okresie obok dotychczas uprawianego malarstwa artystka zacz\u0119\u0142a wypowiada\u0107 si\u0119 w formie malarskich plakat\u00f3w, kt\u00f3re szybko przynios\u0142y jej rozg\u0142os. Obok malarstwa sztalugowego pokaza\u0142a je na wystawie indywidualnej w OPK. Widz\u0105c jednak, \u017ce w\u0142adze miasta tak lekko przekre\u015bli\u0142y ich wsp\u00f3lny z Tomkiem wieloletni dorobek w Centrum, zrezygnowali z ch\u0119ci wzbogacania kultury miasta i wynie\u015bli si\u0119 do Gdyni. Cieszymy si\u0119, \u017ce chc\u0105 jednak wraca\u0107 do cz\u0119stochowskich przyjaci\u00f3\u0142, a Marta dzieli si\u0119 dzi\u015b z nami swoj\u0105 sztuk\u0105. O kt\u00f3rej pisze:<\/p>\n\n\n\n<figure class=\"wp-block-image size-large\"><img decoding=\"async\" width=\"1024\" height=\"1024\" data-src=\"https:\/\/gazetaregionalna.com\/wp-content\/uploads\/2023\/10\/jestem-silna-bo-ane2-1024x1024.jpg\" alt=\"\" class=\"wp-image-116420 lazyload\" data-srcset=\"https:\/\/gazetaregionalna.com\/wp-content\/uploads\/2023\/10\/jestem-silna-bo-ane2-1024x1024.jpg 1024w, https:\/\/gazetaregionalna.com\/wp-content\/uploads\/2023\/10\/jestem-silna-bo-ane2-300x300.jpg 300w, https:\/\/gazetaregionalna.com\/wp-content\/uploads\/2023\/10\/jestem-silna-bo-ane2-150x150.jpg 150w, https:\/\/gazetaregionalna.com\/wp-content\/uploads\/2023\/10\/jestem-silna-bo-ane2-768x768.jpg 768w, https:\/\/gazetaregionalna.com\/wp-content\/uploads\/2023\/10\/jestem-silna-bo-ane2-1536x1536.jpg 1536w, https:\/\/gazetaregionalna.com\/wp-content\/uploads\/2023\/10\/jestem-silna-bo-ane2-2048x2048.jpg 2048w, https:\/\/gazetaregionalna.com\/wp-content\/uploads\/2023\/10\/jestem-silna-bo-ane2-696x696.jpg 696w, https:\/\/gazetaregionalna.com\/wp-content\/uploads\/2023\/10\/jestem-silna-bo-ane2-1068x1068.jpg 1068w, https:\/\/gazetaregionalna.com\/wp-content\/uploads\/2023\/10\/jestem-silna-bo-ane2-1920x1920.jpg 1920w, https:\/\/gazetaregionalna.com\/wp-content\/uploads\/2023\/10\/jestem-silna-bo-ane2-420x420.jpg 420w, https:\/\/gazetaregionalna.com\/wp-content\/uploads\/2023\/10\/jestem-silna-bo-ane2-scaled.jpg 1600w\" data-sizes=\"(max-width: 1024px) 100vw, 1024px\" src=\"data:image\/svg+xml;base64,PHN2ZyB3aWR0aD0iMSIgaGVpZ2h0PSIxIiB4bWxucz0iaHR0cDovL3d3dy53My5vcmcvMjAwMC9zdmciPjwvc3ZnPg==\" style=\"--smush-placeholder-width: 1024px; --smush-placeholder-aspect-ratio: 1024\/1024;\" \/><figcaption>Marta Frej<\/figcaption><\/figure>\n\n\n\n<p>\u00ad#jestemsilnabo<\/p>\n\n\n\n<p>Nie spodziewa\u0142am si\u0119 po wielokro\u0107.<\/p>\n\n\n\n<p>Nie spodziewa\u0142am si\u0119, \u017ce zdanie, kt\u00f3re zaproponowa\u0142am, powinno brzmie\u0107 \u201eJestem silna, pomimo \u017ce&#8230;\u201d.<\/p>\n\n\n\n<p>Nie spodziewa\u0142am si\u0119, \u017ce specjalnie za\u0142o\u017cona w tym celu skrzynka mailowa wype\u0142niona ponad tysi\u0105cem maili i ca\u0142y czas puchn\u0105ca od nowych, b\u0119dzie mi si\u0119 \u015bni\u0107 i krzycze\u0107 historiami niewiarygodnie smutnymi, cz\u0119sto przera\u017caj\u0105cymi, ale przecie\u017c rozpoznanymi przez ich bohaterki jako wzmacniaj\u0105ce.<\/p>\n\n\n\n<p>Nie spodziewa\u0142am si\u0119, \u017ce dostan\u0119 tyle \u015bwiadectw przemocy wobec kobiet.<\/p>\n\n\n\n<p>Nie spodziewa\u0142am si\u0119, \u017ce rysunki umieszczane przeze mnie sukcesywnie w sieci wzbudz\u0105 takie kontrowersje. Setki komentarzy, cz\u0119sto bezlitosnych, przewa\u017cnie autorstwa kobiet. \u201eCzym tu si\u0119 chwali\u0107\u201d to naj\u0142agodniejsza forma. Znalezienie si\u0142y w sobie i powiedzenie o tym by\u0142o traktowane jako prowokacja, \u201eobnoszenie si\u0119\u201d, \u201ewywy\u017cszanie\u201d, a cz\u0119sto wr\u0119cz atak, na zasadzie: zdanie \u201ejestem silna, bo nie chc\u0119 mie\u0107 dzieci i nie boj\u0119 si\u0119 o tym m\u00f3wi\u0107\u201d, czytane by\u0142o przez wiele kobiet \u201eje\u015bli chcesz mie\u0107 dzieci, to jeste\u015b s\u0142aba\u201d.<\/p>\n\n\n\n<p>Nie spodziewa\u0142am si\u0119, \u017ce czytanie setek komentarzy, dyskusji, kt\u00f3re nieraz ci\u0105gn\u0105 si\u0119 miesi\u0105cami, b\u0119dzie takie trudne i \u017ce tak bardzo b\u0119d\u0119 ba\u0107 si\u0119 o kondycj\u0119 psychiczn\u0105 moich bohaterek.<\/p>\n\n\n\n<p>Nie spodziewa\u0142am si\u0119, \u017ce dostan\u0119 tyle podzi\u0119kowa\u0107 od kobiet, kt\u00f3re uzna\u0142y, \u017ce to proste \u0107wiczenie du\u017co im da\u0142o i powtarzaj\u0105 je regularnie, bo dobrze im to robi.<\/p>\n\n\n\n<p>Nie spodziewa\u0142am si\u0119, \u017ce b\u0119d\u0119 mia\u0142a ciary, kiedy podczas wystaw spotykam moje bohaterki w realu.<\/p>\n\n\n\n<p>Nie spodziewa\u0142am si\u0119, \u017ce&nbsp; projekt b\u0119dzie mia\u0142 r\u00f3wnie\u017c kontekst spo\u0142eczno-polityczny, bo pojawi\u0105 si\u0119 w nim postaci m\u00f3wi\u0105ce o konkretnych bie\u017c\u0105cych sprawach, takich jak strajk nauczycieli, debata wok\u00f3\u0142 LGBT, czy przest\u0119pstwa seksualne ksi\u0119\u017cy.<\/p>\n\n\n\n<p>Nie spodziewa\u0142am si\u0119, \u017ce poczuj\u0119 tak\u0105 si\u0142\u0119, kiedy stan\u0119 przed tymi wszystkimi portretami i zrozumiem o co w tym wszystkim chodzi: Tylko ja mog\u0119 sw\u0105 si\u0142\u0119 dostrzec, nazwa\u0107 i z niej korzysta\u0107.<\/p>\n\n\n\n<p>Nie spodziewa\u0142am si\u0119 wreszcie, \u017ce m\u0119\u017cczy\u017ani upomn\u0105 si\u0119 o parytet \ud83d\ude42<\/p>\n\n\n\n<p>Wygl\u0105da na to, \u017ce b\u0119d\u0119 rysowa\u0107 jeszcze wiele lat&#8230;<\/p>\n\n\n\n<p><em>Marta Frej<\/em><\/p>\n\n\n\n<figure class=\"wp-block-gallery columns-3 is-cropped wp-block-gallery-1 is-layout-flex wp-block-gallery-is-layout-flex\"><ul class=\"blocks-gallery-grid\"><li class=\"blocks-gallery-item\"><figure><img decoding=\"async\" width=\"945\" height=\"945\" data-src=\"https:\/\/gazetaregionalna.com\/wp-content\/uploads\/2023\/10\/16-1.jpg\" alt=\"\" data-id=\"116419\" data-full-url=\"https:\/\/gazetaregionalna.com\/wp-content\/uploads\/2023\/10\/16-1.jpg\" data-link=\"https:\/\/gazetaregionalna.com\/?attachment_id=116419\" class=\"wp-image-116419 lazyload\" data-srcset=\"https:\/\/gazetaregionalna.com\/wp-content\/uploads\/2023\/10\/16-1.jpg 945w, https:\/\/gazetaregionalna.com\/wp-content\/uploads\/2023\/10\/16-1-300x300.jpg 300w, https:\/\/gazetaregionalna.com\/wp-content\/uploads\/2023\/10\/16-1-150x150.jpg 150w, https:\/\/gazetaregionalna.com\/wp-content\/uploads\/2023\/10\/16-1-768x768.jpg 768w, https:\/\/gazetaregionalna.com\/wp-content\/uploads\/2023\/10\/16-1-696x696.jpg 696w, https:\/\/gazetaregionalna.com\/wp-content\/uploads\/2023\/10\/16-1-420x420.jpg 420w\" data-sizes=\"(max-width: 945px) 100vw, 945px\" src=\"data:image\/svg+xml;base64,PHN2ZyB3aWR0aD0iMSIgaGVpZ2h0PSIxIiB4bWxucz0iaHR0cDovL3d3dy53My5vcmcvMjAwMC9zdmciPjwvc3ZnPg==\" style=\"--smush-placeholder-width: 945px; --smush-placeholder-aspect-ratio: 945\/945;\" \/><\/figure><\/li><li class=\"blocks-gallery-item\"><figure><img decoding=\"async\" width=\"1024\" height=\"890\" data-src=\"https:\/\/gazetaregionalna.com\/wp-content\/uploads\/2023\/10\/Jestem-silna-bo-odeszlam-z-pracy-w.ktorej-probowano-mi-wmowic-ze-nic-jestem-warta.-1-1-1024x890.jpg\" alt=\"\" data-id=\"116422\" data-full-url=\"https:\/\/gazetaregionalna.com\/wp-content\/uploads\/2023\/10\/Jestem-silna-bo-odeszlam-z-pracy-w.ktorej-probowano-mi-wmowic-ze-nic-jestem-warta.-1-1-scaled.jpg\" data-link=\"https:\/\/gazetaregionalna.com\/?attachment_id=116422\" class=\"wp-image-116422 lazyload\" data-srcset=\"https:\/\/gazetaregionalna.com\/wp-content\/uploads\/2023\/10\/Jestem-silna-bo-odeszlam-z-pracy-w.ktorej-probowano-mi-wmowic-ze-nic-jestem-warta.-1-1-1024x890.jpg 1024w, https:\/\/gazetaregionalna.com\/wp-content\/uploads\/2023\/10\/Jestem-silna-bo-odeszlam-z-pracy-w.ktorej-probowano-mi-wmowic-ze-nic-jestem-warta.-1-1-300x261.jpg 300w, https:\/\/gazetaregionalna.com\/wp-content\/uploads\/2023\/10\/Jestem-silna-bo-odeszlam-z-pracy-w.ktorej-probowano-mi-wmowic-ze-nic-jestem-warta.-1-1-768x668.jpg 768w, https:\/\/gazetaregionalna.com\/wp-content\/uploads\/2023\/10\/Jestem-silna-bo-odeszlam-z-pracy-w.ktorej-probowano-mi-wmowic-ze-nic-jestem-warta.-1-1-1536x1335.jpg 1536w, https:\/\/gazetaregionalna.com\/wp-content\/uploads\/2023\/10\/Jestem-silna-bo-odeszlam-z-pracy-w.ktorej-probowano-mi-wmowic-ze-nic-jestem-warta.-1-1-2048x1780.jpg 2048w, https:\/\/gazetaregionalna.com\/wp-content\/uploads\/2023\/10\/Jestem-silna-bo-odeszlam-z-pracy-w.ktorej-probowano-mi-wmowic-ze-nic-jestem-warta.-1-1-696x605.jpg 696w, https:\/\/gazetaregionalna.com\/wp-content\/uploads\/2023\/10\/Jestem-silna-bo-odeszlam-z-pracy-w.ktorej-probowano-mi-wmowic-ze-nic-jestem-warta.-1-1-1068x928.jpg 1068w, https:\/\/gazetaregionalna.com\/wp-content\/uploads\/2023\/10\/Jestem-silna-bo-odeszlam-z-pracy-w.ktorej-probowano-mi-wmowic-ze-nic-jestem-warta.-1-1-1920x1669.jpg 1920w, https:\/\/gazetaregionalna.com\/wp-content\/uploads\/2023\/10\/Jestem-silna-bo-odeszlam-z-pracy-w.ktorej-probowano-mi-wmowic-ze-nic-jestem-warta.-1-1-483x420.jpg 483w, https:\/\/gazetaregionalna.com\/wp-content\/uploads\/2023\/10\/Jestem-silna-bo-odeszlam-z-pracy-w.ktorej-probowano-mi-wmowic-ze-nic-jestem-warta.-1-1-scaled.jpg 1600w\" data-sizes=\"(max-width: 1024px) 100vw, 1024px\" src=\"data:image\/svg+xml;base64,PHN2ZyB3aWR0aD0iMSIgaGVpZ2h0PSIxIiB4bWxucz0iaHR0cDovL3d3dy53My5vcmcvMjAwMC9zdmciPjwvc3ZnPg==\" style=\"--smush-placeholder-width: 1024px; --smush-placeholder-aspect-ratio: 1024\/890;\" \/><\/figure><\/li><li class=\"blocks-gallery-item\"><figure><img decoding=\"async\" data-src=\"https:\/\/gazetaregionalna.com\/wp-content\/uploads\/2023\/10\/unnamed-2-1-1024x1024.jpg\" alt=\"\" data-id=\"116424\" data-full-url=\"https:\/\/gazetaregionalna.com\/wp-content\/uploads\/2023\/10\/unnamed-2-1-scaled.jpg\" data-link=\"https:\/\/gazetaregionalna.com\/?attachment_id=116424\" class=\"wp-image-116424 lazyload\" src=\"data:image\/svg+xml;base64,PHN2ZyB3aWR0aD0iMSIgaGVpZ2h0PSIxIiB4bWxucz0iaHR0cDovL3d3dy53My5vcmcvMjAwMC9zdmciPjwvc3ZnPg==\" style=\"--smush-placeholder-width: 1024px; --smush-placeholder-aspect-ratio: 1024\/1024;\"><\/figure><\/li><\/ul><figcaption class=\"blocks-gallery-caption\">Prace Marty Frej<\/figcaption><\/figure>\n\n\n\n<p>Tadeusz Piersiak<\/p>\n\n\n\n<p>Czytaj tak\u017ce: <a href=\"https:\/\/gazetaregionalna.com\/art-price-w-konduktorowni\/\">Art Price. Zbli\u017ca si\u0119 1. edycja targ\u00f3w sztuki w cz\u0119stochowskiej Konduktorowni<\/a><\/p>\n\n\n\n<figure class=\"wp-block-image size-large is-resized\"><img decoding=\"async\" data-src=\"https:\/\/gazetaregionalna.com\/wp-content\/uploads\/2023\/08\/patrzyk1-5.jpg\" alt=\"\" class=\"wp-image-111669 lazyload\" width=\"317\" height=\"254\" src=\"data:image\/svg+xml;base64,PHN2ZyB3aWR0aD0iMSIgaGVpZ2h0PSIxIiB4bWxucz0iaHR0cDovL3d3dy53My5vcmcvMjAwMC9zdmciPjwvc3ZnPg==\" style=\"--smush-placeholder-width: 317px; --smush-placeholder-aspect-ratio: 317\/254;\"><figcaption><a href=\"https:\/\/www.kotly-patrzyk.pl\/\" target=\"_blank\" rel=\"noreferrer noopener\">https:\/\/www.kotly-patrzyk.pl\/<\/a><br><a href=\"https:\/\/www.kotly-patrzyk.pl\/oferta\/pompy-ciepla\/\" target=\"_blank\" rel=\"noreferrer noopener\">https:\/\/www.kotly-patrzyk.pl\/oferta\/pompy-ciepla\/<\/a><\/figcaption><\/figure>\n","protected":false},"excerpt":{"rendered":"<p>#jestemsilnabo to tytu\u0142 wystawy Marty Frej. Wernisa\u017c z udzia\u0142em Ma\u0107ka Kora, kt\u00f3ry wraz z przyjaci\u00f3\u0142mi (swoimi i Marty) ozdobi uroczysto\u015b\u0107 swoj\u0105 muzyk\u0105, odb\u0119dzie si\u0119<\/p>\n","protected":false},"author":5,"featured_media":116415,"comment_status":"closed","ping_status":"open","sticky":false,"template":"","format":"standard","meta":{"_monsterinsights_skip_tracking":false,"_monsterinsights_sitenote_active":false,"_monsterinsights_sitenote_note":"","_monsterinsights_sitenote_category":0,"_uf_show_specific_survey":0,"_uf_disable_surveys":false,"footnotes":""},"categories":[1401,12,94,1400],"tags":[3063,8540],"class_list":["post-116413","post","type-post","status-publish","format-standard","has-post-thumbnail","hentry","category-wystawy-kultura-i-rozrywka","category-kultura-i-rozrywka","category-polecane","category-wystawy","tag-galeria-4arte","tag-marta-frej"],"_links":{"self":[{"href":"https:\/\/gazetaregionalna.com\/index.php?rest_route=\/wp\/v2\/posts\/116413","targetHints":{"allow":["GET"]}}],"collection":[{"href":"https:\/\/gazetaregionalna.com\/index.php?rest_route=\/wp\/v2\/posts"}],"about":[{"href":"https:\/\/gazetaregionalna.com\/index.php?rest_route=\/wp\/v2\/types\/post"}],"author":[{"embeddable":true,"href":"https:\/\/gazetaregionalna.com\/index.php?rest_route=\/wp\/v2\/users\/5"}],"replies":[{"embeddable":true,"href":"https:\/\/gazetaregionalna.com\/index.php?rest_route=%2Fwp%2Fv2%2Fcomments&post=116413"}],"version-history":[{"count":5,"href":"https:\/\/gazetaregionalna.com\/index.php?rest_route=\/wp\/v2\/posts\/116413\/revisions"}],"predecessor-version":[{"id":116426,"href":"https:\/\/gazetaregionalna.com\/index.php?rest_route=\/wp\/v2\/posts\/116413\/revisions\/116426"}],"wp:featuredmedia":[{"embeddable":true,"href":"https:\/\/gazetaregionalna.com\/index.php?rest_route=\/wp\/v2\/media\/116415"}],"wp:attachment":[{"href":"https:\/\/gazetaregionalna.com\/index.php?rest_route=%2Fwp%2Fv2%2Fmedia&parent=116413"}],"wp:term":[{"taxonomy":"category","embeddable":true,"href":"https:\/\/gazetaregionalna.com\/index.php?rest_route=%2Fwp%2Fv2%2Fcategories&post=116413"},{"taxonomy":"post_tag","embeddable":true,"href":"https:\/\/gazetaregionalna.com\/index.php?rest_route=%2Fwp%2Fv2%2Ftags&post=116413"}],"curies":[{"name":"wp","href":"https:\/\/api.w.org\/{rel}","templated":true}]}}