{"id":116377,"date":"2023-10-29T19:05:24","date_gmt":"2023-10-29T19:05:24","guid":{"rendered":"https:\/\/gazetaregionalna.com\/?p=116377"},"modified":"2023-10-29T19:05:26","modified_gmt":"2023-10-29T19:05:26","slug":"studio-koncert-t-love-konkurs","status":"publish","type":"post","link":"https:\/\/gazetaregionalna.com\/?p=116377","title":{"rendered":"Klub Studio. Koncert T.Love z okazji 60. urodzin Mu\u0144ka. Mamy podw\u00f3jne zaproszenie [KONKURS]"},"content":{"rendered":"\n<h2 class=\"wp-block-heading\">W niedziel\u0119, 5 listopada Klub Studio w Krakowie zaprasza na wyj\u0105tkowy koncert T.Love. Tego dnia lider zespo\u0142u &#8211; Muniek Staszczyk b\u0119dzie \u015bwi\u0119towa\u0142 swoje 60. urodziny. Go\u015bciem specjalnym b\u0119dzie Grzegorz Turnau. Mamy podw\u00f3jne zaproszenie na to wydarzenie. Mo\u017cna je wygra\u0107 w konkursie.<\/h2>\n\n\n\n<p>T. Love, czyli jeden z najwa\u017cniejszych polskich zespo\u0142\u00f3w rockowych, powraca do Klubu Studio! W ubieg\u0142ym roku zesp\u00f3\u0142 \u015bwi\u0119towa\u0142 swoje 40-lecie i z tej okazji zaprezentowa\u0142 nowy album zatytu\u0142owany \u201eHau! Hau!\u201d. <\/p>\n\n\n\n<p>Fani grupy czekali na ten kr\u0105\u017cek siedem lat. Za wi\u0119kszo\u015b\u0107 kompozycji odpowiada Janek Benedek, kt\u00f3ry wr\u00f3ci\u0142 do zespo\u0142u podczas prac nad nowym albumem. Nagrali go w sk\u0142adzie odpowiedzialnym za &#8222;Kinga&#8221;, uznawanego z jedn\u0105 z najwa\u017cniejszych pozycji w dyskografii T.Love. &#8222;Hau! Hau!&#8221; promowa\u0142a m.in. &#8222;Pochodnia&#8221;, kt\u00f3r\u0105 go\u015bcinnie za\u015bpiewa\u0142a z Mu\u0144kiem Staszczykiem Kasia Sienkiewicz \u2013 wokalistka zespo\u0142u Kwiat Jab\u0142oni. <\/p>\n\n\n\n<figure class=\"wp-block-image size-large\"><img decoding=\"async\" data-src=\"https:\/\/gazetaregionalna.com\/wp-content\/uploads\/2023\/10\/394556713_715976083895386_4212736619183963649_n-1024x536.jpg\" alt=\"\" class=\"wp-image-116302 lazyload\" src=\"data:image\/svg+xml;base64,PHN2ZyB3aWR0aD0iMSIgaGVpZ2h0PSIxIiB4bWxucz0iaHR0cDovL3d3dy53My5vcmcvMjAwMC9zdmciPjwvc3ZnPg==\" style=\"--smush-placeholder-width: 1024px; --smush-placeholder-aspect-ratio: 1024\/536;\"><figcaption>mat. klubu Studio<\/figcaption><\/figure>\n\n\n\n<p>Teraz pora na kolejny jubileusz, tym razem s\u0105 to 60. urodziny Mu\u0144ka Staszczyka. Obchodzi\u0142 je b\u0119dzie dok\u0142adnie w niedziel\u0119, 5 listopada.  W krakowskim <a href=\"https:\/\/www.facebook.com\/klub.studio\/events\" target=\"_blank\" rel=\"noreferrer noopener\">Klubie Studio<\/a> zabrzmi\u0105 najwi\u0119ksze hity T. Love oraz najnowsze utwory.<\/p>\n\n\n\n<p>Go\u015bciem specjalnym b\u0119dzie krakowski bard Grzegorz Turnau. Scen\u0119 rozgrzeje  za\u015b Brudno, czyli zesp\u00f3\u0142 Jacka 'Perkoza&#8217; Perkowskiego, gitarzysty T. Love i wokalistki Martyny W\u0142odarczyk.<\/p>\n\n\n\n<figure class=\"wp-block-image size-large\"><img decoding=\"async\" width=\"1024\" height=\"683\" data-src=\"https:\/\/gazetaregionalna.com\/wp-content\/uploads\/2022\/08\/DSC_6219-1024x683.jpg\" alt=\"\" class=\"wp-image-90149 lazyload\" data-srcset=\"https:\/\/gazetaregionalna.com\/wp-content\/uploads\/2022\/08\/DSC_6219-1024x683.jpg 1024w, https:\/\/gazetaregionalna.com\/wp-content\/uploads\/2022\/08\/DSC_6219-300x200.jpg 300w, https:\/\/gazetaregionalna.com\/wp-content\/uploads\/2022\/08\/DSC_6219-768x512.jpg 768w, https:\/\/gazetaregionalna.com\/wp-content\/uploads\/2022\/08\/DSC_6219-1536x1025.jpg 1536w, https:\/\/gazetaregionalna.com\/wp-content\/uploads\/2022\/08\/DSC_6219-2048x1367.jpg 2048w, https:\/\/gazetaregionalna.com\/wp-content\/uploads\/2022\/08\/DSC_6219-696x464.jpg 696w, https:\/\/gazetaregionalna.com\/wp-content\/uploads\/2022\/08\/DSC_6219-1068x713.jpg 1068w, https:\/\/gazetaregionalna.com\/wp-content\/uploads\/2022\/08\/DSC_6219-1920x1281.jpg 1920w, https:\/\/gazetaregionalna.com\/wp-content\/uploads\/2022\/08\/DSC_6219-629x420.jpg 629w, https:\/\/gazetaregionalna.com\/wp-content\/uploads\/2022\/08\/DSC_6219-scaled.jpg 1600w\" data-sizes=\"(max-width: 1024px) 100vw, 1024px\" src=\"data:image\/svg+xml;base64,PHN2ZyB3aWR0aD0iMSIgaGVpZ2h0PSIxIiB4bWxucz0iaHR0cDovL3d3dy53My5vcmcvMjAwMC9zdmciPjwvc3ZnPg==\" style=\"--smush-placeholder-width: 1024px; --smush-placeholder-aspect-ratio: 1024\/683;\" \/><figcaption>T.Love podczas Dni Czeladzi 2022 (fot. Robert Jod\u0142owski)<\/figcaption><\/figure>\n\n\n\n<p>Pierwsza p\u0142yta grupy uka\u017ce si\u0119 na jesieni tego roku i zawiera\u0107 b\u0119dzie kilkana\u015bcie utwor\u00f3w. Muzyka w wi\u0119kszo\u015bci zosta\u0142a skomponowana i nagrana przez Jacka Perkowskiego, a teksty przez Martyn\u0119 W\u0142odarczyk. Wi\u0119kszo\u015b\u0107 b\u0119bn\u00f3w na album nagra\u0142 Micha\u0142 Dimon Jastrz\u0119bski (Lao Che), w jednym utworze na perkusji gra Rafa\u0142 Dutkiewicz, a w kilku kolejnych Piotr Tokarski (jest tak\u017ce wsp\u00f3\u0142autorem jednej z piosenek). Partie saksofonowe wykona\u0142 Marek Pospieszalski. Jeden z tekst\u00f3w do utworu to wiersz Juliana Tuwima.<\/p>\n\n\n\n<p>Otwarcie bram: 18:30. Start koncertu: 20:00.<\/p>\n\n\n\n<figure class=\"wp-block-image size-large\"><img decoding=\"async\" width=\"1024\" height=\"683\" data-src=\"https:\/\/gazetaregionalna.com\/wp-content\/uploads\/2022\/08\/DSC_6285-1024x683.jpg\" alt=\"\" class=\"wp-image-90148 lazyload\" data-srcset=\"https:\/\/gazetaregionalna.com\/wp-content\/uploads\/2022\/08\/DSC_6285-1024x683.jpg 1024w, https:\/\/gazetaregionalna.com\/wp-content\/uploads\/2022\/08\/DSC_6285-300x200.jpg 300w, https:\/\/gazetaregionalna.com\/wp-content\/uploads\/2022\/08\/DSC_6285-768x512.jpg 768w, https:\/\/gazetaregionalna.com\/wp-content\/uploads\/2022\/08\/DSC_6285-1536x1025.jpg 1536w, https:\/\/gazetaregionalna.com\/wp-content\/uploads\/2022\/08\/DSC_6285-2048x1367.jpg 2048w, https:\/\/gazetaregionalna.com\/wp-content\/uploads\/2022\/08\/DSC_6285-696x464.jpg 696w, https:\/\/gazetaregionalna.com\/wp-content\/uploads\/2022\/08\/DSC_6285-1068x713.jpg 1068w, https:\/\/gazetaregionalna.com\/wp-content\/uploads\/2022\/08\/DSC_6285-1920x1281.jpg 1920w, https:\/\/gazetaregionalna.com\/wp-content\/uploads\/2022\/08\/DSC_6285-629x420.jpg 629w, https:\/\/gazetaregionalna.com\/wp-content\/uploads\/2022\/08\/DSC_6285-scaled.jpg 1600w\" data-sizes=\"(max-width: 1024px) 100vw, 1024px\" src=\"data:image\/svg+xml;base64,PHN2ZyB3aWR0aD0iMSIgaGVpZ2h0PSIxIiB4bWxucz0iaHR0cDovL3d3dy53My5vcmcvMjAwMC9zdmciPjwvc3ZnPg==\" style=\"--smush-placeholder-width: 1024px; --smush-placeholder-aspect-ratio: 1024\/683;\" \/><figcaption>Muniek Staszczyk (fot. Robert Jod\u0142owski)<\/figcaption><\/figure>\n\n\n\n<h4 class=\"wp-block-heading\">Gdzie kupi\u0107 bilety na ten koncert?<\/h4>\n\n\n\n<p><strong>Bilety:<\/strong><br><strong>Miejsca stoj\u0105ce:<\/strong><br>90 z\u0142 \u2013 ulgowe<br>100 z\u0142 \u2013 do ko\u0144ca lipca \/ lub do wyczerpania puli<br>115 z\u0142 \u2013 przedsprzeda\u017c<br>130 z\u0142 \u2013 w dniu<\/p>\n\n\n\n<p><strong>Balkon:<\/strong><br>130 z\u0142- balkon przedsprzeda\u017c<br>160 z\u0142 \u2013 balkon w dniu<\/p>\n\n\n\n<p><strong>Bilety dost\u0119pne na:<\/strong><br>TicketClub: <a href=\"https:\/\/l.facebook.com\/l.php?u=https%3A%2F%2Fticketclub.pl%2Fkoncerty%2Ft-love-60tka-munka-klub-studio-krakow-2307%2F%3Ffbclid%3DIwAR07DXDRk8NFbvny96vhJKd3_x98cmdw5za9Wg9EKNVZ1qEtEyvA-hqEETU&amp;h=AT1ABI9ALKgv3elWq14lbW-PmUq9O2KJUhoF88MoNM_Cvi1VXVhzTRPN1Q2ZL5j4nG-gKFAh9O-fY-bpktpkREOUY2Q6PE0SN_dktqnoKj7tEtSBxzYgj4l9xGsLf8hMBvzN&amp;__tn__=q&amp;c[0]=AT1Ijw7NMB0CwgXE6XEAm4gDfGc_oNT34tkDpsu0tQEbZGthU7FAXwSAekLfXX8-AUXc9W5-fI8OLojGkVs7qY95ZT_J_QAf8hvZ_-NS6eSLGHahKFEITIhlxQ0wT5Ks7cFplWgi7eg0I0tSz2XQynRK4PY-\" rel=\"noreferrer noopener\" target=\"_blank\">https:\/\/ticketclub.pl\/\u2026\/t-love-60tka-munka-klub-studio\u2026\/<\/a><br>KupBilecik.pl: <a href=\"https:\/\/l.facebook.com\/l.php?u=https%3A%2F%2Fbkb.pl%2F98350-106a4%3Ffbclid%3DIwAR1Hg8KjlLdiv-bTXOvwuIUHsohawzHmgNRWo3QsnbhzI0Ew6-AqcwKaei4&amp;h=AT3uABqWpBMIUmtHPwaB-bBWlwQqddC9O-pVNrMpLVZ9IPZhuWZAg9fMyk7fFSmJe8X4cQzAsCGvv3xC2GP_HRKxGoFsUt04fp9REYo2xlvQPkilOXVqf3IffFU5VIEJ5Ztk&amp;__tn__=q&amp;c[0]=AT1Ijw7NMB0CwgXE6XEAm4gDfGc_oNT34tkDpsu0tQEbZGthU7FAXwSAekLfXX8-AUXc9W5-fI8OLojGkVs7qY95ZT_J_QAf8hvZ_-NS6eSLGHahKFEITIhlxQ0wT5Ks7cFplWgi7eg0I0tSz2XQynRK4PY-\" rel=\"noreferrer noopener\" target=\"_blank\">https:\/\/bkb.pl\/98350-106a4<\/a><br>eBilet <a href=\"https:\/\/l.facebook.com\/l.php?u=https%3A%2F%2Fwww.ebilet.pl%2Fmuzyka%2Frock%2F60tka-munka%3Fpartner%3Dacademica%26promotion%3Dactive%26fbclid%3DIwAR1p-8vdmvipQdR968yeq_h6BVRBiIE4-vZghdDig-aGju6Ziar8aP5BYKI&amp;h=AT0i3pBDFyhtQ_3wklEwgRkN0MRU73qjrpnVKos5MXMLinoAu3UeTFAu-pUPZj1u4FDg6cM09BQu9cvUeugrhGSIUs2Ud_RGtBxMXrnlR77QoboZ9lhHSe8YUiSVrusE8j7u&amp;__tn__=q&amp;c[0]=AT1Ijw7NMB0CwgXE6XEAm4gDfGc_oNT34tkDpsu0tQEbZGthU7FAXwSAekLfXX8-AUXc9W5-fI8OLojGkVs7qY95ZT_J_QAf8hvZ_-NS6eSLGHahKFEITIhlxQ0wT5Ks7cFplWgi7eg0I0tSz2XQynRK4PY-\" rel=\"noreferrer noopener\" target=\"_blank\">https:\/\/www.ebilet.pl\/muzyka\/rock\/60tka-munka\u2026<\/a><\/p>\n\n\n\n<p>Te w wyj\u0105tkowej wersji kolekcjonerskiej dost\u0119pne w:<br>Klubie Studio (Witolda Budryka 4), codziennie od 12:00 do 00:00,<br>Klubie Filutek (J\u00f3zefa Rostafi\u0144skiego 10), codziennie od 12:00 do 00:00,<br>oraz w sklepie internetowym <a href=\"https:\/\/l.facebook.com\/l.php?u=https%3A%2F%2Fsklep.bgh.com.pl%2Fpl%2Fp%2FT-LOVE-5.11.2023-Bilet-kolekcjonerski%2F130%3Ffbclid%3DIwAR0NpGnR_3bwVOejcK3pjaq7tHQYqUnx-kfgruOKRQipjX5-3dLViKhLL8M&amp;h=AT3UBPjhd535sruhHqMKy5ZD6mHPnjch4ud3aogaKKScsKllvlzMicQXXo_o5e3cQ2WTxwNgVCKMplGAeS0zipZOw2Ot8JdAjF6Cc1OdF90Mth6oCx-cQ2CDeM12Xsn9jrTf&amp;__tn__=q&amp;c[0]=AT1Ijw7NMB0CwgXE6XEAm4gDfGc_oNT34tkDpsu0tQEbZGthU7FAXwSAekLfXX8-AUXc9W5-fI8OLojGkVs7qY95ZT_J_QAf8hvZ_-NS6eSLGHahKFEITIhlxQ0wT5Ks7cFplWgi7eg0I0tSz2XQynRK4PY-\" rel=\"noreferrer noopener\" target=\"_blank\">https:\/\/sklep.bgh.com.pl\/\u2026\/T-LOVE-5.11.2023-Bilet\u2026\/130<\/a><\/p>\n\n\n\n<figure class=\"wp-block-image size-large\"><img decoding=\"async\" width=\"1024\" height=\"683\" data-src=\"https:\/\/gazetaregionalna.com\/wp-content\/uploads\/2022\/08\/DSC_6199-1024x683.jpg\" alt=\"\" class=\"wp-image-90127 lazyload\" data-srcset=\"https:\/\/gazetaregionalna.com\/wp-content\/uploads\/2022\/08\/DSC_6199-1024x683.jpg 1024w, https:\/\/gazetaregionalna.com\/wp-content\/uploads\/2022\/08\/DSC_6199-300x200.jpg 300w, https:\/\/gazetaregionalna.com\/wp-content\/uploads\/2022\/08\/DSC_6199-768x512.jpg 768w, https:\/\/gazetaregionalna.com\/wp-content\/uploads\/2022\/08\/DSC_6199-1536x1025.jpg 1536w, https:\/\/gazetaregionalna.com\/wp-content\/uploads\/2022\/08\/DSC_6199-2048x1367.jpg 2048w, https:\/\/gazetaregionalna.com\/wp-content\/uploads\/2022\/08\/DSC_6199-696x464.jpg 696w, https:\/\/gazetaregionalna.com\/wp-content\/uploads\/2022\/08\/DSC_6199-1068x713.jpg 1068w, https:\/\/gazetaregionalna.com\/wp-content\/uploads\/2022\/08\/DSC_6199-1920x1281.jpg 1920w, https:\/\/gazetaregionalna.com\/wp-content\/uploads\/2022\/08\/DSC_6199-629x420.jpg 629w, https:\/\/gazetaregionalna.com\/wp-content\/uploads\/2022\/08\/DSC_6199-scaled.jpg 1600w\" data-sizes=\"(max-width: 1024px) 100vw, 1024px\" src=\"data:image\/svg+xml;base64,PHN2ZyB3aWR0aD0iMSIgaGVpZ2h0PSIxIiB4bWxucz0iaHR0cDovL3d3dy53My5vcmcvMjAwMC9zdmciPjwvc3ZnPg==\" style=\"--smush-placeholder-width: 1024px; --smush-placeholder-aspect-ratio: 1024\/683;\" \/><figcaption>Zygmunt &#8222;Muniek&#8221; Staszczyk (fot. Robert Jod\u0142owski)<\/figcaption><\/figure>\n\n\n\n<p><strong>Aktualnych informacji dotycz\u0105cych plan\u00f3w koncertowych Klubu Studio mo\u017cna szuka\u0107 na facebookowej stronie <a href=\"https:\/\/www.facebook.com\/klub.studio\/events\" target=\"_blank\" rel=\"noreferrer noopener\">www.facebook.com\/klub.studio\/events<\/a><\/strong><\/p>\n\n\n\n<p><strong>Warto doda\u0107, \u017ce tylko w listopadzie Studio zaprasza m.in. na wyst\u0119py <a href=\"https:\/\/www.facebook.com\/events\/2000887936951825\" target=\"_blank\" rel=\"noreferrer noopener\">Smolastego<\/a>, <a href=\"https:\/\/www.facebook.com\/events\/1367602774112999\/\" target=\"_blank\" rel=\"noreferrer noopener\">IGO<\/a>, <a href=\"https:\/\/www.facebook.com\/events\/672338374412107\/\" target=\"_blank\" rel=\"noreferrer noopener\">Krystiana Ochmana<\/a>, <a href=\"https:\/\/www.facebook.com\/events\/1767566047005879\/\" target=\"_blank\" rel=\"noreferrer noopener\">Mery Spolsky<\/a>, <a href=\"https:\/\/www.facebook.com\/events\/550018713901959\/\" target=\"_blank\" rel=\"noreferrer noopener\">Hrabiny P\u0105czek<\/a> i <a href=\"https:\/\/www.facebook.com\/events\/1278532243089516\/\" target=\"_blank\" rel=\"noreferrer noopener\">Andrzeja Poniedzielskiego<\/a>.<\/strong><\/p>\n\n\n\n<figure class=\"wp-block-image size-large\"><img decoding=\"async\" width=\"1024\" height=\"1024\" data-src=\"https:\/\/gazetaregionalna.com\/wp-content\/uploads\/2022\/04\/hau-hau-b-iext105027941-1024x1024.jpg\" alt=\"\" class=\"wp-image-77190 lazyload\" data-srcset=\"https:\/\/gazetaregionalna.com\/wp-content\/uploads\/2022\/04\/hau-hau-b-iext105027941-1024x1024.jpg 1024w, https:\/\/gazetaregionalna.com\/wp-content\/uploads\/2022\/04\/hau-hau-b-iext105027941-300x300.jpg 300w, https:\/\/gazetaregionalna.com\/wp-content\/uploads\/2022\/04\/hau-hau-b-iext105027941-150x150.jpg 150w, https:\/\/gazetaregionalna.com\/wp-content\/uploads\/2022\/04\/hau-hau-b-iext105027941-768x768.jpg 768w, https:\/\/gazetaregionalna.com\/wp-content\/uploads\/2022\/04\/hau-hau-b-iext105027941-696x696.jpg 696w, https:\/\/gazetaregionalna.com\/wp-content\/uploads\/2022\/04\/hau-hau-b-iext105027941-1068x1068.jpg 1068w, https:\/\/gazetaregionalna.com\/wp-content\/uploads\/2022\/04\/hau-hau-b-iext105027941-420x420.jpg 420w, https:\/\/gazetaregionalna.com\/wp-content\/uploads\/2022\/04\/hau-hau-b-iext105027941.jpg 1080w\" data-sizes=\"(max-width: 1024px) 100vw, 1024px\" src=\"data:image\/svg+xml;base64,PHN2ZyB3aWR0aD0iMSIgaGVpZ2h0PSIxIiB4bWxucz0iaHR0cDovL3d3dy53My5vcmcvMjAwMC9zdmciPjwvc3ZnPg==\" style=\"--smush-placeholder-width: 1024px; --smush-placeholder-aspect-ratio: 1024\/1024;\" \/><figcaption>&#8222;Hau, Hau&#8221; (mat. prasowe)<\/figcaption><\/figure>\n\n\n\n<h4 class=\"wp-block-heading\">Wygraj zaproszenie na ten koncert!<\/h4>\n\n\n\n<p>Klub Studio przekaza\u0142 dla Czytelnik\u00f3w jedno podw\u00f3jne zaproszenia na ten koncert.<\/p>\n\n\n\n<p>By o nie zagra\u0107 nale\u017cy odpowiedzie\u0107 na poni\u017csze pytanie (uzasadniaj\u0105c wyb\u00f3r):<\/p>\n\n\n\n<p><strong>Wska\u017c p\u0142yt\u0119 z dorobku T.Love, kt\u00f3ry lubisz najbardziej (i dlaczego).<\/strong><\/p>\n\n\n\n<p>Odpowied\u017a nale\u017cy wys\u0142a\u0107 mailowo na adres\u00a0<strong>konkursy@gazetaregionalna.com<\/strong>, w tytule podaj\u0105c \u201eT.Love, a w tre\u015bci tak\u017ce swoje imi\u0119 i nazwisko.\u00a0<strong>Zadanie nale\u017cy wykona\u0107 w terminie od 30 pa\u017adziernika od godz. 12 do 31 pa\u017adziernika do godz. 12.<\/strong><\/p>\n\n\n\n<p>Zwyci\u0119zca Konkursu zostanie powiadomiony o wygranej i o formie jej odbioru w wiadomo\u015bci mailowej wys\u0142anej najp\u00f3\u017aniej do 1 listopada do godz. 22.<\/p>\n\n\n\n<h4 class=\"wp-block-heading\">Regulamin konkursu \u201cT.Love\u201d<\/h4>\n\n\n\n<p><strong>\u00a7 1. POSTANOWIENIA OG\u00d3LNE<\/strong><\/p>\n\n\n\n<p>1. Organizatorem konkurs\u00f3w jest GazetaRegionalna.com, al. Ko\u015bciuszki 13, lok. 6, 42-202 Cz\u0119stochowa, (zwana dalej \u201eOrganizatorem\u201d).<br>2. Fundatorem nagrody jest klub Studio w Krakowie.<br>3. Niniejszy regulamin (dalej \u201eRegulamin\u201d) stanowi podstaw\u0119 organizacji oraz okre\u015bla warunki Konkursu.<br>4. Konkurs nie jest stworzony, administrowany, wspierany ani sponsorowany przez Facebook.<br>5. Konkurs jest prowadzony na stronie&nbsp;<a href=\"https:\/\/www.gazetaregionalna.com\/\">www.gazetaregionalna.com<\/a>.<\/p>\n\n\n\n<p>6. Administratorem danych osobowych udost\u0119pnianych przez Uczestnik\u00f3w Konkursu jest Organizator. Podanie danych osobowych ma charakter dowolny, lecz niezb\u0119dny do przyst\u0105pienia przez Uczestnika do Konkursu. Osobom udost\u0119pniaj\u0105cym dane przys\u0142uguje prawo dost\u0119pu do tych danych, ich zmian b\u0105d\u017a usuni\u0119cia.<\/p>\n\n\n\n<p><strong>\u00a7 2. MIEJSCE, CZAS I ZASADY KONKURSU<\/strong><\/p>\n\n\n\n<p>1. Konkurs jest dost\u0119pny w formie tekstu konkursowego na portalu organizatora gazetaregionalna.com<br><strong>2. Konkurs trwa od dnia 30 pa\u017adziernika 2023 r. od godz. 12.00. do dnia 31 pa\u017adziernika 2023 r. do godz. 12.00.<\/strong><\/p>\n\n\n\n<p>W wyj\u0105tkowych sytuacjach Organizator konkursu mo\u017ce przed\u0142u\u017cy\u0107 lub przerwa\u0107 trwanie konkursu, w&nbsp;okre\u015blonym przez siebie zakresie, o czym poinformuje uczestnik\u00f3w konkursu na profilu wskazanym w \u00a71 pkt.6 Regulaminu.<\/p>\n\n\n\n<p><strong>\u00a7 3. UCZESTNICY KONKURSU<\/strong><\/p>\n\n\n\n<p>1. Uczestnikami Konkursu mog\u0105 by\u0107 wy\u0142\u0105cznie osoby fizyczne, konsumenci w rozumieniu art. 221 kodeksu cywilnego, posiadaj\u0105ce pe\u0142n\u0105 zdolno\u015bci do czynno\u015bci prawnych, kt\u00f3re zaakceptowa\u0142y niniejszy Regulamin (dalej: \u201eUczestnik\u201d).<br>2. Uczestnik o\u015bwiadcza, \u017ce:<br>a. jest osob\u0105 fizyczn\u0105, posiadaj\u0105c\u0105 pe\u0142n\u0105 zdolno\u015b\u0107 do czynno\u015bci prawnych;<\/p>\n\n\n\n<p>b. jest osob\u0105 pe\u0142noletni\u0105;<br>c. zapozna\u0142 si\u0119 z tre\u015bci\u0105 niniejszego Regulaminu i w spos\u00f3b dobrowolny przyst\u0119puje do Konkursu;<br>d. wyra\u017ca zgod\u0119 i akceptuje warunki Regulaminu, w tym zapozna\u0142 si\u0119 z tre\u015bci\u0105 dotycz\u0105c\u0105 procedury odbioru nagrody i j\u0105 w pe\u0142ni akceptuje;<br>e. zobowi\u0105zuje si\u0119 do przestrzegania postanowie\u0144 Regulaminu;<br>f. wyrazi\u0142 zgod\u0119 na przetwarzanie danych osobowych dla cel\u00f3w zwi\u0105zanych z uczestnictwem w Konkursie;<br>3. Uczestnik zobowi\u0105zuje si\u0119 do przestrzegania okre\u015blonych w Regulaminie zasad, jak r\u00f3wnie\u017c potwierdza, i\u017c spe\u0142nia wszystkie warunki, kt\u00f3re uprawniaj\u0105 go do udzia\u0142u w Konkursie.<\/p>\n\n\n\n<p>4. W Konkursie nie mog\u0105 uczestniczy\u0107 pracownicy i wsp\u00f3\u0142pracownicy Organizatora.<\/p>\n\n\n\n<p><strong>\u00a7 4. NAGRODA<\/strong><\/p>\n\n\n\n<p><strong>1. Nagrod\u0105 w Konkursie jest jedno podw\u00f3jne zaproszenie na koncert zespo\u0142u T.Love dla jednej osoby wy\u0142onionej w&nbsp;spos\u00f3b wskazany w \u00a76.<br><\/strong>2. Informacja o Nagrodzie b\u0119dzie zawarta w tre\u015bci og\u0142oszenia o Konkursie opublikowanego na stronie gazetaregionalna.com.&nbsp;&nbsp;&nbsp;&nbsp;<br>3. Laureatowi nie przys\u0142uguje prawo wymiany Nagrody na got\u00f3wk\u0119 ani nagrod\u0119 innego rodzaju.<br>4. Zwyci\u0119zca mo\u017ce zrzec si\u0119 Nagrody, ale w zamian nie przys\u0142uguje mu ekwiwalent pieni\u0119\u017cny ani jakakolwiek inna nagroda.<\/p>\n\n\n\n<p><strong>\u00a7 5. ZASADY UCZESTNICTWA W KONKURSIE<\/strong><\/p>\n\n\n\n<p><strong>1. Zadaniem Uczestnika Konkursu jest:<\/strong><br>odpowied\u017a na zadanie\/pytanie konkursowe przedstawione na stronie gazetaregionalna.com. Jest ono nast\u0119puj\u0105ce:<\/p>\n\n\n\n<p><strong><strong>Wska\u017c p\u0142yt\u0119 z dorobku T.Love, kt\u00f3ry lubisz najbardziej (i dlaczego).<\/strong><\/strong><\/p>\n\n\n\n<p>Odpowied\u017a nale\u017cy wys\u0142a\u0107 mailowo na adres\u00a0<a href=\"mailto:konkursy@gazetaregionalna.com\">konkursy@gazetaregionalna.com<\/a>, w tytule podaj\u0105c \u201eT.Love\u201d, a w tre\u015bci swoje imi\u0119 i nazwisko. Zadanie nale\u017cy wykona\u0107 w terminie od 30 pa\u017adziernika od godz. 12 do 31 pa\u017adziernika do godz. 12.<\/p>\n\n\n\n<p>1. Warunkiem uczestnictwa w Konkursie jest poprawne wykonanie wszystkich zada\u0144 opisanych w \u00a7 5. ust. 1 Regulaminu.<br>2. O przyznaniu nagrody decyduje Organizator w drodze analizy poprawno\u015bci wykonania zada\u0144 opisanych w \u00a7 5. ust. 1 Regulaminu przez Uczestnik\u00f3w Konkursu<br><strong>3. Spo\u015br\u00f3d nades\u0142anych odpowiedzi Organizator wy\u0142oni jednego zwyci\u0119zc\u0119.<br>4. Zwyci\u0119zca Konkursu zostanie powiadomiony o wygranej i o formie jej odbioru w wiadomo\u015bci mailowej wys\u0142anej z adresu\u00a0<a href=\"mailto:konkursy@gazetaregionalna.com\">konkursy@gazetaregionalna.com<\/a>\u00a0najp\u00f3\u017aniej do 1 listopada do godz. 22.<\/strong><\/p>\n\n\n\n<p><strong>\u00a7 7. ZAKRES ODPOWIEDZIALNO\u015aCI ORGANIZATORA<\/strong><\/p>\n\n\n\n<p>1. Organizator nie ponosi odpowiedzialno\u015bci za rzetelno\u015b\u0107 i prawdziwo\u015b\u0107 danych Uczestnik\u00f3w Konkursu, w tym za brak mo\u017cliwo\u015bci przekazania nagr\u00f3d, z przyczyny le\u017c\u0105cych po stronie Uczestnika, w szczeg\u00f3lno\u015bci, je\u015bli ten nie poda\u0142 prawdziwego adresu do korespondencji lub podane dane s\u0105 niepe\u0142ne lub nieaktualne.<br>2. Organizator o\u015bwiadcza, \u017ce nie prowadzi kontroli, ani monitoringu tre\u015bci umieszczanych przez Uczestnik\u00f3w w&nbsp;zakresie rzetelno\u015bci i prawdziwo\u015bci, z zastrze\u017ceniem dzia\u0142a\u0144 zwi\u0105zanych z usuni\u0119ciem narusze\u0144 Regulaminu lub przepis\u00f3w powszechnie obowi\u0105zuj\u0105cych.<br>3. Organizator zastrzega sobie prawo do wykluczenia z udzia\u0142u w Konkursie Uczestnik\u00f3w, kt\u00f3rych dzia\u0142ania s\u0105 sprzeczne z prawem lub Regulaminem.<br>4. Organizator nie ponosi odpowiedzialno\u015bci za jakiekolwiek zak\u0142\u00f3cenia w dzia\u0142aniu \u0142\u0105cz teleinformatycznych, serwer\u00f3w, interfejs\u00f3w oraz przegl\u0105darek.<br><br><strong>\u00a7 8. PRZETWARZANIE DANYCH OSOBOWYCH<\/strong><\/p>\n\n\n\n<p>1. Dane osobowe Uczestnik\u00f3w Konkursu b\u0119d\u0105 przetwarzane przez Organizatora wy\u0142\u0105cznie w celu dokonania czynno\u015bci niezb\u0119dnych do prawid\u0142owego przeprowadzenia Konkursu.<br>2. Dane osobowe Uczestnik\u00f3w Konkursu b\u0119d\u0105 przechowywane przez Organizatora tylko przez okres niezb\u0119dny do przeprowadzenia Konkursu i wydania nagr\u00f3d wyr\u00f3\u017cnionym Uczestnikom.<br>3. Uczestnicy maj\u0105 prawo wgl\u0105du do przetwarzanych danych i ich poprawiania oraz usuwania. Dane s\u0105 podawane na zasadach dobrowolno\u015bci.<\/p>\n\n\n\n<p>4. W momencie usuni\u0119cia danych U\u017cytkownik traci mo\u017cliwo\u015b\u0107 Uczestnictwa w Konkursie.<\/p>\n\n\n\n<p><strong>\u00a7 9. PRAWA AUTORSKIE<\/strong><\/p>\n\n\n\n<p>1. Wszelkie prawa w\u0142asno\u015bci intelektualnej do Konkursu przys\u0142uguj\u0105 Organizatorowi. Uczestnictwo w&nbsp;Konkursie nie skutkuje w \u017cadnym zakresie nabyciem przez Uczestnik\u00f3w jakichkolwiek praw w\u0142asno\u015bci intelektualnej. Zabronione jest naruszanie w jakikolwiek spos\u00f3b praw w\u0142asno\u015bci intelektualnej w Konkursie, w&nbsp;szczeg\u00f3lno\u015bci:<br>a) kopiowanie, modyfikowanie oraz transmitowanie elektronicznie lub rozpowszechnianie w inny spos\u00f3b mechanizmu Konkursu lub jego cz\u0119\u015bci, a tak\u017ce poszczeg\u00f3lnych utwor\u00f3w<br>i baz danych, bez wyra\u017anej pisemnej zgody Administratora;<br>b) korzystanie z Konkursu w spos\u00f3b niezgodny z Regulaminem lub powszechnie obowi\u0105zuj\u0105cymi przepisami.<\/p>\n\n\n\n<p><strong>\u00a7 10. REKLAMACJE I ZG\u0141OSZENIA NARUSZE\u0143<\/strong><\/p>\n\n\n\n<p>1. Wszelkie reklamacje dotycz\u0105ce sposobu przeprowadzania Konkursu, Uczestnicy winni zg\u0142asza\u0107 na pi\u015bmie w\u00a0czasie trwania Konkursu, jednak nie p\u00f3\u017aniej ni\u017c w terminie 7 (siedmiu) dni od dnia wydania Nagr\u00f3d.<br>2. Reklamacja zg\u0142oszona po wyznaczonym terminie nie wywo\u0142uje skutk\u00f3w prawnych.<br>3. Pisemna reklamacja powinna zawiera\u0107 imi\u0119, nazwisko, dok\u0142adny adres Uczestnika oraz dok\u0142adny opis i\u00a0uzasadnienie reklamacji.<br><strong>4. Reklamacja powinna by\u0107 przes\u0142ana listem poleconym na adres Organizatora z dopiskiem \u201eKonkurs z dnia 30 pa\u017adziernika 2023 r.\u201d.<br><\/strong>5. Reklamacje rozpatrywane b\u0119d\u0105 pisemnie w terminie 30 dni.<br><br><strong>\u00a7 11. POSTANOWIENIA KO\u0143COWE<\/strong><\/p>\n\n\n\n<p>1. Regulamin wchodzi w \u017cycie z dniem 30 pa\u017adziernika 2023 r. i obowi\u0105zuje do 31 pa\u017adziernika 2023 r.<\/p>\n\n\n\n<ol class=\"wp-block-list\" start=\"2\"><li>W kwestiach nieuregulowanych niniejszym Regulaminem stosuje si\u0119 przepisy Kodeksu cywilnego i inne przepisy prawa.<\/li><li>Spory odnosz\u0105ce si\u0119 i wynikaj\u0105ce z Konkursu b\u0119d\u0105 rozwi\u0105zywane przez s\u0105d powszechny w\u0142a\u015bciwy miejscowo dla siedziby Organizatora.<\/li><li>Organizator zastrzega sobie prawo do zmiany zasad Konkursu w trakcie jego trwania. Informacja o zmianach b\u0119dzie zamieszczona na stronie gazetaregionalna.com.<\/li><\/ol>\n","protected":false},"excerpt":{"rendered":"<p>W niedziel\u0119, 5 listopada Klub Studio w Krakowie zaprasza na wyj\u0105tkowy koncert T.Love. Tego dnia lider zespo\u0142u &#8211; Muniek Staszczyk b\u0119dzie \u015bwi\u0119towa\u0142 swoje 60.<\/p>\n","protected":false},"author":11,"featured_media":89838,"comment_status":"closed","ping_status":"open","sticky":false,"template":"","format":"standard","meta":{"_monsterinsights_skip_tracking":false,"_monsterinsights_sitenote_active":false,"_monsterinsights_sitenote_note":"","_monsterinsights_sitenote_category":0,"_uf_show_specific_survey":0,"_uf_disable_surveys":false,"footnotes":""},"categories":[12,3,94,2],"tags":[8491,716,89,3590,970,1571],"class_list":["post-116377","post","type-post","status-publish","format-standard","has-post-thumbnail","hentry","category-kultura-i-rozrywka","category-czestochowa-informacje","category-polecane","category-wiadomosci","tag-klub-studio","tag-koncert","tag-konkurs","tag-krakow","tag-muniek-staszczyk","tag-t-love"],"_links":{"self":[{"href":"https:\/\/gazetaregionalna.com\/index.php?rest_route=\/wp\/v2\/posts\/116377","targetHints":{"allow":["GET"]}}],"collection":[{"href":"https:\/\/gazetaregionalna.com\/index.php?rest_route=\/wp\/v2\/posts"}],"about":[{"href":"https:\/\/gazetaregionalna.com\/index.php?rest_route=\/wp\/v2\/types\/post"}],"author":[{"embeddable":true,"href":"https:\/\/gazetaregionalna.com\/index.php?rest_route=\/wp\/v2\/users\/11"}],"replies":[{"embeddable":true,"href":"https:\/\/gazetaregionalna.com\/index.php?rest_route=%2Fwp%2Fv2%2Fcomments&post=116377"}],"version-history":[{"count":3,"href":"https:\/\/gazetaregionalna.com\/index.php?rest_route=\/wp\/v2\/posts\/116377\/revisions"}],"predecessor-version":[{"id":116382,"href":"https:\/\/gazetaregionalna.com\/index.php?rest_route=\/wp\/v2\/posts\/116377\/revisions\/116382"}],"wp:featuredmedia":[{"embeddable":true,"href":"https:\/\/gazetaregionalna.com\/index.php?rest_route=\/wp\/v2\/media\/89838"}],"wp:attachment":[{"href":"https:\/\/gazetaregionalna.com\/index.php?rest_route=%2Fwp%2Fv2%2Fmedia&parent=116377"}],"wp:term":[{"taxonomy":"category","embeddable":true,"href":"https:\/\/gazetaregionalna.com\/index.php?rest_route=%2Fwp%2Fv2%2Fcategories&post=116377"},{"taxonomy":"post_tag","embeddable":true,"href":"https:\/\/gazetaregionalna.com\/index.php?rest_route=%2Fwp%2Fv2%2Ftags&post=116377"}],"curies":[{"name":"wp","href":"https:\/\/api.w.org\/{rel}","templated":true}]}}