{"id":116353,"date":"2023-10-29T15:28:47","date_gmt":"2023-10-29T15:28:47","guid":{"rendered":"https:\/\/gazetaregionalna.com\/?p=116353"},"modified":"2023-10-29T15:28:49","modified_gmt":"2023-10-29T15:28:49","slug":"w-derbach-czestochowy-siatkarki-ks-silesia-lepsze-od-czestochowianki","status":"publish","type":"post","link":"https:\/\/gazetaregionalna.com\/?p=116353","title":{"rendered":"W derbach Cz\u0119stochowy siatkarki KS Silesia lepsze od Cz\u0119stochowianki"},"content":{"rendered":"\n<p>W sobot\u0119 odby\u0142y si\u0119 siatkarskie derby Cz\u0119stochowy. Zawodniczki KS Silesia Cz\u0119stochowa okaza\u0142y si\u0119 lepsze od Cz\u0119stochowianki.<\/p>\n\n\n\n<p>Zawodniczki KS Silesia Cz\u0119stochowa krocz\u0105 w 2 lidze od zwyci\u0119stwa do zwyci\u0119stwa. W sobot\u0119 w derbach Cz\u0119stochowy pokona\u0142y Cz\u0119stochowiank\u0119 3:0.<\/p>\n\n\n\n<p>Spotkanie toczy\u0142o si\u0119 pod dyktando siatkarek KS Silesia.<\/p>\n\n\n\n<p>AK, fot: AK<\/p>\n\n\n\n<p>KS Cz\u0119stochowianka Cz\u0119stochowa \u2013 KS Silesia Cz\u0119stochowa 0:3 (20:25, 13:25, 26:28)<\/p>\n\n\n\n<figure class=\"wp-block-image size-large\"><img decoding=\"async\" width=\"1024\" height=\"683\" data-src=\"https:\/\/gazetaregionalna.com\/wp-content\/uploads\/2023\/10\/Czestochowianka-1-1024x683.jpg\" alt=\"\" class=\"wp-image-116354 lazyload\" data-srcset=\"https:\/\/gazetaregionalna.com\/wp-content\/uploads\/2023\/10\/Czestochowianka-1-1024x683.jpg 1024w, https:\/\/gazetaregionalna.com\/wp-content\/uploads\/2023\/10\/Czestochowianka-1-300x200.jpg 300w, https:\/\/gazetaregionalna.com\/wp-content\/uploads\/2023\/10\/Czestochowianka-1-768x512.jpg 768w, https:\/\/gazetaregionalna.com\/wp-content\/uploads\/2023\/10\/Czestochowianka-1-1536x1024.jpg 1536w, https:\/\/gazetaregionalna.com\/wp-content\/uploads\/2023\/10\/Czestochowianka-1-696x464.jpg 696w, https:\/\/gazetaregionalna.com\/wp-content\/uploads\/2023\/10\/Czestochowianka-1-1068x712.jpg 1068w, https:\/\/gazetaregionalna.com\/wp-content\/uploads\/2023\/10\/Czestochowianka-1-1920x1280.jpg 1920w, https:\/\/gazetaregionalna.com\/wp-content\/uploads\/2023\/10\/Czestochowianka-1-630x420.jpg 630w, https:\/\/gazetaregionalna.com\/wp-content\/uploads\/2023\/10\/Czestochowianka-1-scaled.jpg 1600w\" data-sizes=\"(max-width: 1024px) 100vw, 1024px\" src=\"data:image\/svg+xml;base64,PHN2ZyB3aWR0aD0iMSIgaGVpZ2h0PSIxIiB4bWxucz0iaHR0cDovL3d3dy53My5vcmcvMjAwMC9zdmciPjwvc3ZnPg==\" style=\"--smush-placeholder-width: 1024px; --smush-placeholder-aspect-ratio: 1024\/683;\" \/><\/figure>\n\n\n\n<figure class=\"wp-block-image size-large\"><img decoding=\"async\" width=\"300\" height=\"250\" data-src=\"https:\/\/gazetaregionalna.com\/wp-content\/uploads\/2022\/04\/DMK-9.jpg\" alt=\"\" class=\"wp-image-77216 lazyload\" src=\"data:image\/svg+xml;base64,PHN2ZyB3aWR0aD0iMSIgaGVpZ2h0PSIxIiB4bWxucz0iaHR0cDovL3d3dy53My5vcmcvMjAwMC9zdmciPjwvc3ZnPg==\" style=\"--smush-placeholder-width: 300px; --smush-placeholder-aspect-ratio: 300\/250;\"><\/figure>\n","protected":false},"excerpt":{"rendered":"<p>W sobot\u0119 odby\u0142y si\u0119 siatkarskie derby Cz\u0119stochowy. Zawodniczki KS Silesia Cz\u0119stochowa okaza\u0142y si\u0119 lepsze od Cz\u0119stochowianki. Zawodniczki KS Silesia Cz\u0119stochowa krocz\u0105 w 2 lidze<\/p>\n","protected":false},"author":15,"featured_media":116354,"comment_status":"closed","ping_status":"open","sticky":false,"template":"","format":"standard","meta":{"_monsterinsights_skip_tracking":false,"_monsterinsights_sitenote_active":false,"_monsterinsights_sitenote_note":"","_monsterinsights_sitenote_category":0,"_uf_show_specific_survey":0,"_uf_disable_surveys":false,"footnotes":""},"categories":[5,8],"tags":[],"class_list":["post-116353","post","type-post","status-publish","format-standard","has-post-thumbnail","hentry","category-sport","category-siatkowka"],"_links":{"self":[{"href":"https:\/\/gazetaregionalna.com\/index.php?rest_route=\/wp\/v2\/posts\/116353","targetHints":{"allow":["GET"]}}],"collection":[{"href":"https:\/\/gazetaregionalna.com\/index.php?rest_route=\/wp\/v2\/posts"}],"about":[{"href":"https:\/\/gazetaregionalna.com\/index.php?rest_route=\/wp\/v2\/types\/post"}],"author":[{"embeddable":true,"href":"https:\/\/gazetaregionalna.com\/index.php?rest_route=\/wp\/v2\/users\/15"}],"replies":[{"embeddable":true,"href":"https:\/\/gazetaregionalna.com\/index.php?rest_route=%2Fwp%2Fv2%2Fcomments&post=116353"}],"version-history":[{"count":1,"href":"https:\/\/gazetaregionalna.com\/index.php?rest_route=\/wp\/v2\/posts\/116353\/revisions"}],"predecessor-version":[{"id":116355,"href":"https:\/\/gazetaregionalna.com\/index.php?rest_route=\/wp\/v2\/posts\/116353\/revisions\/116355"}],"wp:featuredmedia":[{"embeddable":true,"href":"https:\/\/gazetaregionalna.com\/index.php?rest_route=\/wp\/v2\/media\/116354"}],"wp:attachment":[{"href":"https:\/\/gazetaregionalna.com\/index.php?rest_route=%2Fwp%2Fv2%2Fmedia&parent=116353"}],"wp:term":[{"taxonomy":"category","embeddable":true,"href":"https:\/\/gazetaregionalna.com\/index.php?rest_route=%2Fwp%2Fv2%2Fcategories&post=116353"},{"taxonomy":"post_tag","embeddable":true,"href":"https:\/\/gazetaregionalna.com\/index.php?rest_route=%2Fwp%2Fv2%2Ftags&post=116353"}],"curies":[{"name":"wp","href":"https:\/\/api.w.org\/{rel}","templated":true}]}}