{"id":115501,"date":"2023-10-13T22:21:24","date_gmt":"2023-10-13T22:21:24","guid":{"rendered":"https:\/\/gazetaregionalna.com\/?p=115501"},"modified":"2023-10-13T22:23:40","modified_gmt":"2023-10-13T22:23:40","slug":"rakow-czestochowa-rozegra-w-czwartek-26-pazdziernika-w-sosnowcu-mecz-3-kolejki-ligi-europy-z-portugalskim-sportingiem-lizbona-kazdy-z-kibicow-moze-zobaczyc-ten-mecz-z-komfortowej-lozy-vip","status":"publish","type":"post","link":"https:\/\/gazetaregionalna.com\/?p=115501","title":{"rendered":"Rak\u00f3w Cz\u0119stochowa rozegra w czwartek, 26 pa\u017adziernika w Sosnowcu mecz 3. kolejki Ligi Europy z portugalskim Sportingiem Lizbona. Ka\u017cdy z kibic\u00f3w mo\u017ce zobaczy\u0107 ten mecz z komfortowej lo\u017cy VIP &#8230;"},"content":{"rendered":"\n<p>&#8211; Zach\u0119camy do zakupu bilet\u00f3w na nadchodz\u0105cy mecz Rakowa Cz\u0119stochowa ze Sportingiem CP w ramach rozgrywek Ligi Europy, kt\u00f3ry odb\u0119dzie si\u0119 26 pa\u017adziernika na stadionie ArcelorMittal Park w Sosnowcu o godzinie 18:45. Przygotowali\u015bmy dla Pa\u0144stwa bilety typu VIP oraz II i III kategorii, aby ka\u017cdy m\u00f3g\u0142 wybra\u0107 co\u015b dla siebie i cieszy\u0107 si\u0119 niezapomnianymi emocjami podczas tego sportowego wydarzenia &#8211; m\u00f3wi Sylwia Taranek dyrektor klubu biznesu Rakowa.<\/p>\n\n\n\n<p>Rak\u00f3w przygotowa\u0142 wyj\u0105tkow\u0105 ofert\u0119 na mecz LE mi\u0119dzy cz\u0119stochowsk\u0105 dru\u017cyna i Sporting CP. Klub Biznesu przygotowa\u0142 dla kibic\u00f3w bilety VIP oraz II i III kategorii, aby ka\u017cdy m\u00f3g\u0142 wybra\u0107 co\u015b dla siebie i cieszy\u0142 si\u0119 niezapomnianymi emocjami podczas meczu z renomowanym przeciwnikiem, jakim jest Sporting Lizbona.<\/p>\n\n\n\n<p>Bilet VIP za 749 z\u0142 to: wygodne, mi\u0119kkie siedzenia, kt\u00f3re zapewniaj\u0105 komfort ogl\u0105dania meczu; dost\u0119p do ekskluzywnej strefy gastronomicznej, gdzie b\u0119d\u0105 serwowane wy\u015bmienite potrawy i napoje; darmowy alkohol niskoprocentowy dla mi\u0142o\u015bnik\u00f3w lekkiego relaksu; dost\u0119p do baru z alkoholami wysokoprocentowymi; muzyka na \u017cywo, mo\u017cliwo\u015b\u0107 networkingu dzi\u0119ki kt\u00f3remu kibice b\u0119d\u0105 mogli nawi\u0105za\u0107 cenne kontakty i relacje\u2026<\/p>\n\n\n\n<p>S\u0105 te\u017c do nabycia bilety II i III kategorii za 299 z\u0142 i 249 z\u0142. Dzi\u0119ki tym biletom ma si\u0119 zapewnione miejsce w sektorach A1-A3. Dost\u0119p do strefy gastronomicznej, gdzie mo\u017cna zasmakowa\u0107 r\u00f3\u017cnych przek\u0105sek i napoj\u00f3w. Mo\u017cliwo\u015b\u0107 skosztowania piwa i innych napoj\u00f3w, kt\u00f3re umil\u0105 czas sp\u0119dzony na stadionie.<\/p>\n\n\n\n<p>Bilety mo\u017cna kupowa\u0107 online na stronie internetowej: bilety.rakow.com lub bezpo\u015brednio w kasach biletowych na stadionie. Liczba miejsc VIP jest ograniczona.<\/p>\n\n\n\n<p>W sobot\u0119, 14 pa\u017adziernika o godzinie 10 rozpocznie si\u0119 dystrybucja bilet\u00f3w na mecz fazy grupowej Ligi Europy ze Sportingiem CP. Od 10 pa\u017adziernika mo\u017cna kupowa\u0107 bilety na trybun\u0119 B sklepie Medalik przy al. Ko\u015bciuszki 18\/20 oraz Limanowskiego 83.<\/p>\n\n\n\n<p>AK, fot: AK, grafika \u2013 materia\u0142y prasowe Rak\u00f3w Cz\u0119stochowa<\/p>\n\n\n\n<figure class=\"wp-block-image size-large\"><img decoding=\"async\" width=\"1024\" height=\"1024\" data-src=\"https:\/\/gazetaregionalna.com\/wp-content\/uploads\/2023\/10\/Rakow-Sporting-fot-Rakow-1024x1024.png\" alt=\"\" class=\"wp-image-115502 lazyload\" data-srcset=\"https:\/\/gazetaregionalna.com\/wp-content\/uploads\/2023\/10\/Rakow-Sporting-fot-Rakow-1024x1024.png 1024w, https:\/\/gazetaregionalna.com\/wp-content\/uploads\/2023\/10\/Rakow-Sporting-fot-Rakow-300x300.png 300w, https:\/\/gazetaregionalna.com\/wp-content\/uploads\/2023\/10\/Rakow-Sporting-fot-Rakow-150x150.png 150w, https:\/\/gazetaregionalna.com\/wp-content\/uploads\/2023\/10\/Rakow-Sporting-fot-Rakow-768x768.png 768w, https:\/\/gazetaregionalna.com\/wp-content\/uploads\/2023\/10\/Rakow-Sporting-fot-Rakow-696x696.png 696w, https:\/\/gazetaregionalna.com\/wp-content\/uploads\/2023\/10\/Rakow-Sporting-fot-Rakow-1068x1068.png 1068w, https:\/\/gazetaregionalna.com\/wp-content\/uploads\/2023\/10\/Rakow-Sporting-fot-Rakow-420x420.png 420w, https:\/\/gazetaregionalna.com\/wp-content\/uploads\/2023\/10\/Rakow-Sporting-fot-Rakow.png 1080w\" data-sizes=\"(max-width: 1024px) 100vw, 1024px\" src=\"data:image\/svg+xml;base64,PHN2ZyB3aWR0aD0iMSIgaGVpZ2h0PSIxIiB4bWxucz0iaHR0cDovL3d3dy53My5vcmcvMjAwMC9zdmciPjwvc3ZnPg==\" style=\"--smush-placeholder-width: 1024px; --smush-placeholder-aspect-ratio: 1024\/1024;\" \/><\/figure>\n\n\n\n<figure class=\"wp-block-image size-large\"><img decoding=\"async\" width=\"300\" height=\"250\" data-src=\"https:\/\/gazetaregionalna.com\/wp-content\/uploads\/2022\/04\/DMK-1.jpg\" alt=\"\" class=\"wp-image-77209 lazyload\" src=\"data:image\/svg+xml;base64,PHN2ZyB3aWR0aD0iMSIgaGVpZ2h0PSIxIiB4bWxucz0iaHR0cDovL3d3dy53My5vcmcvMjAwMC9zdmciPjwvc3ZnPg==\" style=\"--smush-placeholder-width: 300px; --smush-placeholder-aspect-ratio: 300\/250;\"><\/figure>\n\n\n\n<figure class=\"wp-block-image size-large\"><img decoding=\"async\" width=\"1024\" height=\"668\" data-src=\"https:\/\/gazetaregionalna.com\/wp-content\/uploads\/2023\/10\/Rakow-Sturm-37-2-1024x668.jpg\" alt=\"\" class=\"wp-image-114737 lazyload\" data-srcset=\"https:\/\/gazetaregionalna.com\/wp-content\/uploads\/2023\/10\/Rakow-Sturm-37-2-1024x668.jpg 1024w, https:\/\/gazetaregionalna.com\/wp-content\/uploads\/2023\/10\/Rakow-Sturm-37-2-300x196.jpg 300w, https:\/\/gazetaregionalna.com\/wp-content\/uploads\/2023\/10\/Rakow-Sturm-37-2-768x501.jpg 768w, https:\/\/gazetaregionalna.com\/wp-content\/uploads\/2023\/10\/Rakow-Sturm-37-2-1536x1001.jpg 1536w, https:\/\/gazetaregionalna.com\/wp-content\/uploads\/2023\/10\/Rakow-Sturm-37-2-696x454.jpg 696w, https:\/\/gazetaregionalna.com\/wp-content\/uploads\/2023\/10\/Rakow-Sturm-37-2-1068x696.jpg 1068w, https:\/\/gazetaregionalna.com\/wp-content\/uploads\/2023\/10\/Rakow-Sturm-37-2-1920x1252.jpg 1920w, https:\/\/gazetaregionalna.com\/wp-content\/uploads\/2023\/10\/Rakow-Sturm-37-2-644x420.jpg 644w, https:\/\/gazetaregionalna.com\/wp-content\/uploads\/2023\/10\/Rakow-Sturm-37-2-scaled.jpg 1600w\" data-sizes=\"(max-width: 1024px) 100vw, 1024px\" src=\"data:image\/svg+xml;base64,PHN2ZyB3aWR0aD0iMSIgaGVpZ2h0PSIxIiB4bWxucz0iaHR0cDovL3d3dy53My5vcmcvMjAwMC9zdmciPjwvc3ZnPg==\" style=\"--smush-placeholder-width: 1024px; --smush-placeholder-aspect-ratio: 1024\/668;\" \/><\/figure>\n\n\n\n<figure class=\"wp-block-image size-large\"><img decoding=\"async\" width=\"1024\" height=\"686\" data-src=\"https:\/\/gazetaregionalna.com\/wp-content\/uploads\/2023\/10\/Rakow-AustriaSturm-1-2-1024x686.jpg\" alt=\"\" class=\"wp-image-114893 lazyload\" data-srcset=\"https:\/\/gazetaregionalna.com\/wp-content\/uploads\/2023\/10\/Rakow-AustriaSturm-1-2-1024x686.jpg 1024w, https:\/\/gazetaregionalna.com\/wp-content\/uploads\/2023\/10\/Rakow-AustriaSturm-1-2-300x201.jpg 300w, https:\/\/gazetaregionalna.com\/wp-content\/uploads\/2023\/10\/Rakow-AustriaSturm-1-2-768x515.jpg 768w, https:\/\/gazetaregionalna.com\/wp-content\/uploads\/2023\/10\/Rakow-AustriaSturm-1-2-1536x1029.jpg 1536w, https:\/\/gazetaregionalna.com\/wp-content\/uploads\/2023\/10\/Rakow-AustriaSturm-1-2-696x466.jpg 696w, https:\/\/gazetaregionalna.com\/wp-content\/uploads\/2023\/10\/Rakow-AustriaSturm-1-2-1068x715.jpg 1068w, https:\/\/gazetaregionalna.com\/wp-content\/uploads\/2023\/10\/Rakow-AustriaSturm-1-2-1920x1286.jpg 1920w, https:\/\/gazetaregionalna.com\/wp-content\/uploads\/2023\/10\/Rakow-AustriaSturm-1-2-627x420.jpg 627w, https:\/\/gazetaregionalna.com\/wp-content\/uploads\/2023\/10\/Rakow-AustriaSturm-1-2-scaled.jpg 1600w\" data-sizes=\"(max-width: 1024px) 100vw, 1024px\" src=\"data:image\/svg+xml;base64,PHN2ZyB3aWR0aD0iMSIgaGVpZ2h0PSIxIiB4bWxucz0iaHR0cDovL3d3dy53My5vcmcvMjAwMC9zdmciPjwvc3ZnPg==\" style=\"--smush-placeholder-width: 1024px; --smush-placeholder-aspect-ratio: 1024\/686;\" \/><\/figure>\n\n\n\n<figure class=\"wp-block-image size-large\"><img decoding=\"async\" width=\"1024\" height=\"684\" data-src=\"https:\/\/gazetaregionalna.com\/wp-content\/uploads\/2023\/10\/Rakow-AustriaSturm-2-2-1024x684.jpg\" alt=\"\" class=\"wp-image-114894 lazyload\" data-srcset=\"https:\/\/gazetaregionalna.com\/wp-content\/uploads\/2023\/10\/Rakow-AustriaSturm-2-2-1024x684.jpg 1024w, https:\/\/gazetaregionalna.com\/wp-content\/uploads\/2023\/10\/Rakow-AustriaSturm-2-2-300x200.jpg 300w, https:\/\/gazetaregionalna.com\/wp-content\/uploads\/2023\/10\/Rakow-AustriaSturm-2-2-768x513.jpg 768w, https:\/\/gazetaregionalna.com\/wp-content\/uploads\/2023\/10\/Rakow-AustriaSturm-2-2-1536x1025.jpg 1536w, https:\/\/gazetaregionalna.com\/wp-content\/uploads\/2023\/10\/Rakow-AustriaSturm-2-2-696x465.jpg 696w, https:\/\/gazetaregionalna.com\/wp-content\/uploads\/2023\/10\/Rakow-AustriaSturm-2-2-1068x713.jpg 1068w, https:\/\/gazetaregionalna.com\/wp-content\/uploads\/2023\/10\/Rakow-AustriaSturm-2-2-1920x1282.jpg 1920w, https:\/\/gazetaregionalna.com\/wp-content\/uploads\/2023\/10\/Rakow-AustriaSturm-2-2-629x420.jpg 629w, https:\/\/gazetaregionalna.com\/wp-content\/uploads\/2023\/10\/Rakow-AustriaSturm-2-2-scaled.jpg 1600w\" data-sizes=\"(max-width: 1024px) 100vw, 1024px\" src=\"data:image\/svg+xml;base64,PHN2ZyB3aWR0aD0iMSIgaGVpZ2h0PSIxIiB4bWxucz0iaHR0cDovL3d3dy53My5vcmcvMjAwMC9zdmciPjwvc3ZnPg==\" style=\"--smush-placeholder-width: 1024px; --smush-placeholder-aspect-ratio: 1024\/684;\" \/><\/figure>\n","protected":false},"excerpt":{"rendered":"<p>&#8211; Zach\u0119camy do zakupu bilet\u00f3w na nadchodz\u0105cy mecz Rakowa Cz\u0119stochowa ze Sportingiem CP w ramach rozgrywek Ligi Europy, kt\u00f3ry odb\u0119dzie si\u0119 26 pa\u017adziernika na<\/p>\n","protected":false},"author":15,"featured_media":115502,"comment_status":"closed","ping_status":"open","sticky":false,"template":"","format":"standard","meta":{"_monsterinsights_skip_tracking":false,"_monsterinsights_sitenote_active":false,"_monsterinsights_sitenote_note":"","_monsterinsights_sitenote_category":0,"_uf_show_specific_survey":0,"_uf_disable_surveys":false,"footnotes":""},"categories":[94,6,5],"tags":[],"class_list":["post-115501","post","type-post","status-publish","format-standard","has-post-thumbnail","hentry","category-polecane","category-pilka-nozna","category-sport"],"_links":{"self":[{"href":"https:\/\/gazetaregionalna.com\/index.php?rest_route=\/wp\/v2\/posts\/115501","targetHints":{"allow":["GET"]}}],"collection":[{"href":"https:\/\/gazetaregionalna.com\/index.php?rest_route=\/wp\/v2\/posts"}],"about":[{"href":"https:\/\/gazetaregionalna.com\/index.php?rest_route=\/wp\/v2\/types\/post"}],"author":[{"embeddable":true,"href":"https:\/\/gazetaregionalna.com\/index.php?rest_route=\/wp\/v2\/users\/15"}],"replies":[{"embeddable":true,"href":"https:\/\/gazetaregionalna.com\/index.php?rest_route=%2Fwp%2Fv2%2Fcomments&post=115501"}],"version-history":[{"count":2,"href":"https:\/\/gazetaregionalna.com\/index.php?rest_route=\/wp\/v2\/posts\/115501\/revisions"}],"predecessor-version":[{"id":115505,"href":"https:\/\/gazetaregionalna.com\/index.php?rest_route=\/wp\/v2\/posts\/115501\/revisions\/115505"}],"wp:featuredmedia":[{"embeddable":true,"href":"https:\/\/gazetaregionalna.com\/index.php?rest_route=\/wp\/v2\/media\/115502"}],"wp:attachment":[{"href":"https:\/\/gazetaregionalna.com\/index.php?rest_route=%2Fwp%2Fv2%2Fmedia&parent=115501"}],"wp:term":[{"taxonomy":"category","embeddable":true,"href":"https:\/\/gazetaregionalna.com\/index.php?rest_route=%2Fwp%2Fv2%2Fcategories&post=115501"},{"taxonomy":"post_tag","embeddable":true,"href":"https:\/\/gazetaregionalna.com\/index.php?rest_route=%2Fwp%2Fv2%2Ftags&post=115501"}],"curies":[{"name":"wp","href":"https:\/\/api.w.org\/{rel}","templated":true}]}}