{"id":115497,"date":"2023-10-13T20:43:48","date_gmt":"2023-10-13T20:43:48","guid":{"rendered":"https:\/\/gazetaregionalna.com\/?p=115497"},"modified":"2023-10-13T20:43:51","modified_gmt":"2023-10-13T20:43:51","slug":"skra-rozbila-wisle-i-to-w-piatek-13-go","status":"publish","type":"post","link":"https:\/\/gazetaregionalna.com\/?p=115497","title":{"rendered":"Skra rozbi\u0142a Wis\u0142\u0119 i to w pi\u0105tek 13-go&#8230;"},"content":{"rendered":"\n<p>W pi\u0105tkowym meczu 2. ligi pi\u0142karze Skry Cz\u0119stochowa rozegrali bardzo dobry mecz i pokonali wysoko Wis\u0142\u0119 Pu\u0142awy 4:1. Cz\u0119stochowianie odnie\u015bli 5 zwyci\u0119stwo w sezonie&#8230;<\/p>\n\n\n\n<p>Przed meczem s\u0105siad\u00f3w z tabeli mo\u017cna by\u0142o spodziewa\u0107 si\u0119 wyr\u00f3wnanego spotkanie. Tak jednak nie by\u0142o. Cz\u0119stochowianie rozegrali bardzo dobre spotkanie. Ju\u017c przed przerw\u0105 prowadzili 3:0 i rozstrzygn\u0119li losy mecz\u00f3w.<\/p>\n\n\n\n<p>Skra rozegra\u0142a wy\u015bmienite 10 ostatnie minut pierwszej po\u0142owy. W 37. minucie gospodarze wyszli na prowadzenie 1:0 po golu Piotra Noconia. Dwie minuty p\u00f3\u017aniej na 2:0 podwy\u017cszy\u0142 Przemys\u0142aw Sajdak. Tu\u017c przed przerw\u0105 trzeciego gola zdoby\u0142 Olivier Wypart.<\/p>\n\n\n\n<p>W drugiej cz\u0119\u015bci spotkania gospodarze ju\u017c nie byli a\u017c tak skuteczni, ale na 4:0 w 75. minucie swojego drugiego gola strzeli\u0142 Sajdak. Dzia\u0142acze Skry liczyli na pi\u0105t\u0105 bramk\u0119 i to, \u017ce gospodarze sp\u0142awi\u0105 Wis\u0142\u0119 Wart\u0105&#8230; Honorowe trafienie zaliczyli jednak go\u015bcie, kt\u00f3rzy wykorzystali gr\u0119 w przewadze jednego zawodnika i zmniejszyli straty na 1:4.<\/p>\n\n\n\n<p>Po meczu pi\u0142karze Skry mogli cieszy\u0107 si\u0119 z 5 wygranej w sezonie&#8230;<\/p>\n\n\n\n<p><strong>MR-K<\/strong>, fot: <strong>Natanael BREWCZY\u0143SKI (Skra Cz\u0119stochowa)<\/strong><\/p>\n\n\n\n<p><strong>Skra Cz\u0119stochowa \u2013 Wis\u0142a Pu\u0142awy 4:1 (3:0)<\/strong><\/p>\n\n\n\n<p><strong>Bramki:<\/strong> 1:0 Noco\u0144 (37.), 2:0 Sajdak (39.), 3:0 Wypart (45.), 4:0 Sajdak (75.), 4:1 Retlewski (88.)<\/p>\n\n\n\n<p>Skra: Szymkowiak \u2013 O. Kucharczyk, Bartosiak (76. Mesjasz), Wypart, Kubik (71. Wojciechowski), Ko\u0142odziejczyk (53. Ciu\u0107ka), \u0141abojko, Winciersz, Noco\u0144 (71. Niedba\u0142a), Sajdak, Wojtyra (53. Grzelka).<\/p>\n\n\n\n<figure class=\"wp-block-image size-large\"><img decoding=\"async\" width=\"1024\" height=\"683\" data-src=\"https:\/\/gazetaregionalna.com\/wp-content\/uploads\/2023\/10\/Skra-WislaPulawy-fot-Natanael-Brewczynski-Skra.jpg\" alt=\"\" class=\"wp-image-115498 lazyload\" data-srcset=\"https:\/\/gazetaregionalna.com\/wp-content\/uploads\/2023\/10\/Skra-WislaPulawy-fot-Natanael-Brewczynski-Skra.jpg 1024w, https:\/\/gazetaregionalna.com\/wp-content\/uploads\/2023\/10\/Skra-WislaPulawy-fot-Natanael-Brewczynski-Skra-300x200.jpg 300w, https:\/\/gazetaregionalna.com\/wp-content\/uploads\/2023\/10\/Skra-WislaPulawy-fot-Natanael-Brewczynski-Skra-768x512.jpg 768w, https:\/\/gazetaregionalna.com\/wp-content\/uploads\/2023\/10\/Skra-WislaPulawy-fot-Natanael-Brewczynski-Skra-696x464.jpg 696w, https:\/\/gazetaregionalna.com\/wp-content\/uploads\/2023\/10\/Skra-WislaPulawy-fot-Natanael-Brewczynski-Skra-630x420.jpg 630w\" data-sizes=\"(max-width: 1024px) 100vw, 1024px\" src=\"data:image\/svg+xml;base64,PHN2ZyB3aWR0aD0iMSIgaGVpZ2h0PSIxIiB4bWxucz0iaHR0cDovL3d3dy53My5vcmcvMjAwMC9zdmciPjwvc3ZnPg==\" style=\"--smush-placeholder-width: 1024px; --smush-placeholder-aspect-ratio: 1024\/683;\" \/><\/figure>\n\n\n\n<figure class=\"wp-block-image size-large\"><img decoding=\"async\" width=\"300\" height=\"250\" data-src=\"https:\/\/gazetaregionalna.com\/wp-content\/uploads\/2022\/04\/DMK-2.jpg\" alt=\"\" class=\"wp-image-77210 lazyload\" src=\"data:image\/svg+xml;base64,PHN2ZyB3aWR0aD0iMSIgaGVpZ2h0PSIxIiB4bWxucz0iaHR0cDovL3d3dy53My5vcmcvMjAwMC9zdmciPjwvc3ZnPg==\" style=\"--smush-placeholder-width: 300px; --smush-placeholder-aspect-ratio: 300\/250;\"><\/figure>\n","protected":false},"excerpt":{"rendered":"<p>W pi\u0105tkowym meczu 2. ligi pi\u0142karze Skry Cz\u0119stochowa rozegrali bardzo dobry mecz i pokonali wysoko Wis\u0142\u0119 Pu\u0142awy 4:1. Cz\u0119stochowianie odnie\u015bli 5 zwyci\u0119stwo w sezonie&#8230;<\/p>\n","protected":false},"author":15,"featured_media":115498,"comment_status":"closed","ping_status":"open","sticky":false,"template":"","format":"standard","meta":{"_monsterinsights_skip_tracking":false,"_monsterinsights_sitenote_active":false,"_monsterinsights_sitenote_note":"","_monsterinsights_sitenote_category":0,"_uf_show_specific_survey":0,"_uf_disable_surveys":false,"footnotes":""},"categories":[5,6],"tags":[],"class_list":["post-115497","post","type-post","status-publish","format-standard","has-post-thumbnail","hentry","category-sport","category-pilka-nozna"],"_links":{"self":[{"href":"https:\/\/gazetaregionalna.com\/index.php?rest_route=\/wp\/v2\/posts\/115497","targetHints":{"allow":["GET"]}}],"collection":[{"href":"https:\/\/gazetaregionalna.com\/index.php?rest_route=\/wp\/v2\/posts"}],"about":[{"href":"https:\/\/gazetaregionalna.com\/index.php?rest_route=\/wp\/v2\/types\/post"}],"author":[{"embeddable":true,"href":"https:\/\/gazetaregionalna.com\/index.php?rest_route=\/wp\/v2\/users\/15"}],"replies":[{"embeddable":true,"href":"https:\/\/gazetaregionalna.com\/index.php?rest_route=%2Fwp%2Fv2%2Fcomments&post=115497"}],"version-history":[{"count":1,"href":"https:\/\/gazetaregionalna.com\/index.php?rest_route=\/wp\/v2\/posts\/115497\/revisions"}],"predecessor-version":[{"id":115499,"href":"https:\/\/gazetaregionalna.com\/index.php?rest_route=\/wp\/v2\/posts\/115497\/revisions\/115499"}],"wp:featuredmedia":[{"embeddable":true,"href":"https:\/\/gazetaregionalna.com\/index.php?rest_route=\/wp\/v2\/media\/115498"}],"wp:attachment":[{"href":"https:\/\/gazetaregionalna.com\/index.php?rest_route=%2Fwp%2Fv2%2Fmedia&parent=115497"}],"wp:term":[{"taxonomy":"category","embeddable":true,"href":"https:\/\/gazetaregionalna.com\/index.php?rest_route=%2Fwp%2Fv2%2Fcategories&post=115497"},{"taxonomy":"post_tag","embeddable":true,"href":"https:\/\/gazetaregionalna.com\/index.php?rest_route=%2Fwp%2Fv2%2Ftags&post=115497"}],"curies":[{"name":"wp","href":"https:\/\/api.w.org\/{rel}","templated":true}]}}