{"id":1154,"date":"2018-11-23T13:15:49","date_gmt":"2018-11-23T13:15:49","guid":{"rendered":"http:\/\/gazetaregionalna.com\/?p=1154"},"modified":"2018-11-23T09:07:46","modified_gmt":"2018-11-23T09:07:46","slug":"jak-naladowac-akumulator-samochodowy","status":"publish","type":"post","link":"https:\/\/gazetaregionalna.com\/?p=1154","title":{"rendered":"Jak na\u0142adowa\u0107 akumulator samochodowy?"},"content":{"rendered":"<p>&nbsp;<\/p>\n<p><span style=\"font-family: Times New Roman, serif;\">Umiej\u0119tno\u015b\u0107 wykonania podstawowych czynno\u015bci przy naszym samochodzie mo\u017ce by\u0107 wr\u0119cz wybawieniem w momencie wyst\u0105pienia niespodziewanych problem\u00f3w. <\/span><\/p>\n<p><span style=\"font-family: Times New Roman, serif;\">Szansa na to, \u017ce zastaniemy roz\u0142adowany akumulator wzrasta w okresie zimowym, przy niskich temperaturach. Spada w\u00f3wczas pojemno\u015b\u0107 akumulatora \u2013 zatem jego zdolno\u015b\u0107 do gromadzenia energii jest gorsza. Dlatego w takich okoliczno\u015bciach wyj\u0105tkowo cz\u0119sto dochodzi do jego wyczerpania w takim stopniu, \u017ce nie mo\u017cna ju\u017c nawet uruchomi\u0107 silnika. Niemniej, niezale\u017cnie od pory roku, \u017cywot akumulatora mo\u017ce dobiec ko\u0144ca. Co zatem nale\u017cy zrobi\u0107 w takiej sytuacji? <\/span><\/p>\n<p><span style=\"font-family: Times New Roman, serif;\">Jedn\u0105 z mo\u017cliwo\u015bci jest na\u0142adowanie roz\u0142adowanego akumulatora przy pomocy tak zwanych kabli rozruchowych. W tym celu nale\u017cy zaparkowa\u0107 \u201esamoch\u00f3d pomocniczy\u201d obok tego z roz\u0142adowanym akumulatorem na tyle blisko, aby mo\u017cliwe by\u0142o pod\u0142\u0105czenie odpowiednich element\u00f3w. Jednostki w obu autach powinny by\u0107 wy\u0142\u0105czone.<\/span><\/p>\n<p><span style=\"font-family: Times New Roman, serif;\">Nast\u0119pnie czerwony kabel nale\u017cy przypi\u0105\u0107 do bieguna dodatniego na\u0142adowanego akumulatora, a drugi do adekwatnego bieguna w roz\u0142adowanym akumulatorze. Podobn\u0105 czynno\u015b\u0107 trzeba powt\u00f3rzy\u0107 w przypadku czarnego kabla \u2013 przypi\u0105\u0107 klem\u0119 do bieguna ujemnego w na\u0142adowanym akumulatorze, a drugi zacisk do metalowego, niemalowanego elementu. Nie warto ryzykowa\u0107, przypinaj\u0105c drug\u0105 ko\u0144c\u00f3wk\u0119 do niena\u0142adowanego akumulatora. Mo\u017ce to bowiem doprowadzi\u0107 do wybuchu.<\/span><\/p>\n<p><span style=\"font-family: Times New Roman, serif;\">Po wykonaniu tych czynno\u015bci, powinno si\u0119 uruchomi\u0107 silnik w aucie ze sprawnym akumulatorem, po czym uczyni\u0107 to samo w drugim poje\u017adzie. Je\u015bli to nie poskutkuje, warto troch\u0119 poczeka\u0107 i spr\u00f3bowa\u0107 ponownie. Jak ju\u017c nam uda si\u0119 uruchomi\u0107 jednostk\u0119, nie nale\u017cy jej wy\u0142\u0105cza\u0107. Z kolei od\u0142\u0105czanie kabli powinno nast\u0105pi\u0107 w kolejno\u015bci odwrotnej do ich przypinania. Na sam koniec najlepiej wybra\u0107 si\u0119 w nieco d\u0142u\u017csz\u0105 podr\u00f3\u017c autem, w kt\u00f3rym akumulator by\u0142 roz\u0142adowany.<\/span><\/p>\n<p><span style=\"font-family: Times New Roman, serif;\">Alternatywnie mo\u017cna wykorzysta\u0107 prostownik. W tym celu nale\u017cy od\u0142\u0105czy\u0107 akumulator \u2013 w niekt\u00f3rych modelach konieczne mo\u017ce by\u0107 pod\u0142\u0105czenie na czas \u0142adowania zasilania zast\u0119pczego, co pomo\u017ce unikn\u0105\u0107 problem\u00f3w z elektronik\u0105. Nast\u0119pnie trzeba pod\u0142\u0105czy\u0107 zaciski dodatnie i ujemne prostownika oraz akumulatora jednoimiennie, czyli plus do plusa, minus do minusa, po czym w\u0142\u0105czy\u0107 prostownik.<\/span><\/p>\n<p><span style=\"font-family: Times New Roman, serif;\">Co kilka godzin warto sprawdza\u0107 poziom na\u0142adowania akumulatora \u2013 zazwyczaj jego \u0142adowanie trwa oko\u0142o 10 godzin. Pami\u0119ta\u0107 nale\u017cy, \u017ce nie powinno si\u0119 zbli\u017ca\u0107 do \u0142aduj\u0105cego si\u0119 akumulatora z czymkolwiek, co mog\u0142oby wywo\u0142a\u0107 iskr\u0119. Wydziela si\u0119 bowiem wod\u00f3r, kt\u00f3ry mo\u017ce wybuchn\u0105\u0107.<\/span><\/p>\n<p><span style=\"font-family: Times New Roman, serif;\">W celu zwi\u0119kszenia \u017cywotno\u015bci akumulatora, nie powinno si\u0119 dopuszcza\u0107 do jego ca\u0142kowitego roz\u0142adowania. Z kolei jego na\u0142adowanie przed zim\u0105 minimalizuje ryzyko wyst\u0105pienia problem\u00f3w zwi\u0105zanych z uruchamianiem pojazdu. <\/span><\/p>\n<p>&nbsp;<\/p>\n<p>&nbsp;<\/p>\n","protected":false},"excerpt":{"rendered":"<p>&nbsp; Umiej\u0119tno\u015b\u0107 wykonania podstawowych czynno\u015bci przy naszym samochodzie mo\u017ce by\u0107 wr\u0119cz wybawieniem w momencie wyst\u0105pienia niespodziewanych problem\u00f3w. Szansa na to, \u017ce zastaniemy roz\u0142adowany akumulator<\/p>\n","protected":false},"author":3,"featured_media":0,"comment_status":"open","ping_status":"closed","sticky":false,"template":"","format":"standard","meta":{"_monsterinsights_skip_tracking":false,"_monsterinsights_sitenote_active":false,"_monsterinsights_sitenote_note":"","_monsterinsights_sitenote_category":0,"_uf_show_specific_survey":0,"_uf_disable_surveys":false,"footnotes":""},"categories":[18],"tags":[],"class_list":["post-1154","post","type-post","status-publish","format-standard","hentry","category-motoryzacja"],"_links":{"self":[{"href":"https:\/\/gazetaregionalna.com\/index.php?rest_route=\/wp\/v2\/posts\/1154","targetHints":{"allow":["GET"]}}],"collection":[{"href":"https:\/\/gazetaregionalna.com\/index.php?rest_route=\/wp\/v2\/posts"}],"about":[{"href":"https:\/\/gazetaregionalna.com\/index.php?rest_route=\/wp\/v2\/types\/post"}],"author":[{"embeddable":true,"href":"https:\/\/gazetaregionalna.com\/index.php?rest_route=\/wp\/v2\/users\/3"}],"replies":[{"embeddable":true,"href":"https:\/\/gazetaregionalna.com\/index.php?rest_route=%2Fwp%2Fv2%2Fcomments&post=1154"}],"version-history":[{"count":1,"href":"https:\/\/gazetaregionalna.com\/index.php?rest_route=\/wp\/v2\/posts\/1154\/revisions"}],"predecessor-version":[{"id":1156,"href":"https:\/\/gazetaregionalna.com\/index.php?rest_route=\/wp\/v2\/posts\/1154\/revisions\/1156"}],"wp:attachment":[{"href":"https:\/\/gazetaregionalna.com\/index.php?rest_route=%2Fwp%2Fv2%2Fmedia&parent=1154"}],"wp:term":[{"taxonomy":"category","embeddable":true,"href":"https:\/\/gazetaregionalna.com\/index.php?rest_route=%2Fwp%2Fv2%2Fcategories&post=1154"},{"taxonomy":"post_tag","embeddable":true,"href":"https:\/\/gazetaregionalna.com\/index.php?rest_route=%2Fwp%2Fv2%2Ftags&post=1154"}],"curies":[{"name":"wp","href":"https:\/\/api.w.org\/{rel}","templated":true}]}}