{"id":115281,"date":"2023-10-11T11:31:11","date_gmt":"2023-10-11T11:31:11","guid":{"rendered":"https:\/\/gazetaregionalna.com\/?p=115281"},"modified":"2023-10-11T11:31:13","modified_gmt":"2023-10-11T11:31:13","slug":"wojownik","status":"publish","type":"post","link":"https:\/\/gazetaregionalna.com\/?p=115281","title":{"rendered":"KS Wojownik z 5 medalami w nowej dyscyplinie"},"content":{"rendered":"\n<h4 class=\"wp-block-heading\"><strong>Zawodnicy Klubu Sportowego Wojownik przyzwyczaili nas do medalowych wyst\u0119p\u00f3w w kraju i zagranic\u0105 w Taekwon-do ITF.<\/strong> Tym razem z sukcesami wystartowali w Mistrzostwach \u015al\u0105ska w Kickboxingu.<\/h4>\n\n\n\n<p>Wojownicy postanowili wyj\u015b\u0107 ze strefy komfortu i spr\u00f3bowa\u0107 swoich si\u0142 w nowej dyscyplinie. Wysokie umiej\u0119tno\u015bci zaprezentowali na Mistrzostwach \u015al\u0105ska w Kickboxingu kt\u00f3re odby\u0142y si\u0119 na pocz\u0105tku pa\u017adziernika w Radlinie. Nasi zawodnicy zdobyli 5 medali (2 z\u0142ote, 2 srebrne i 1 br\u0105zowy), co bior\u0105c pod uwag\u0119 now\u0105 dyscyplin\u0119 i start praktycznie z marszu jest nie lada osi\u0105gni\u0119ciem.<\/p>\n\n\n\n<p>Z\u0142oty medal w walkach do 69 kg senior\u00f3w zdoby\u0142 Aleksander Tukaj kt\u00f3ry zako\u0144czy\u0142 swoj\u0105 fina\u0142ow\u0105 walk\u0119 przez przewag\u0119 techniczn\u0105 (TKO) ju\u017c w pierwszej rundzie. Ca\u0142y ten weekend by\u0142 dla Aleksa bardzo udany, bowiem dzie\u0144 wcze\u015bniej startowa\u0142 r\u00f3wnie\u017c w turnieju Brazylijskiego Jiuitsu w Gliwicach zajmuj\u0105c drugie miejsce. To idealny przyk\u0142ad na to, \u017ce charakter wypracowany przez treningi Taekwon-do \u015bwietnie prezentuje si\u0119 w innych systemach walki.<\/p>\n\n\n\n<p>Kolejnym z\u0142otym medalist\u0105 zosta\u0142 Miko\u0142aj St\u0119pie\u0144 kt\u00f3ry chc\u0105c dor\u00f3wna\u0107 Aleksowi swoj\u0105 fina\u0142ow\u0105 walk\u0119 r\u00f3wnie\u017c zako\u0144czy\u0142 przez przewag\u0119 techniczn\u0105 tym razem w drugiej rundzie. Miko\u0142aj doskonale znany ze \u015bwietnej defensywy, na tym turnieju pokaza\u0142, \u017ce potrafi te\u017c zawalczy\u0107 mocno r\u0119kami nawet na standardy kicboxerskie.<\/p>\n\n\n\n<p>\u015awietnie zaprezentowa\u0142 si\u0119 r\u00f3wnie\u017c Przemek Kurzacz wygrywaj\u0105c 2 walki i zdobywaj\u0105c srebrny medal. Pierwszy pojedynek zako\u0144czy\u0142 przed czasem przez przewag\u0119 techniczn\u0105 (TKO). Druga wygrana, po bardzo ci\u0119\u017ckim boju z zawodnikiem Wo\u0142owskiego Klubu Bokserskiego Champion, pokaza\u0142a \u015bwietne przygotowanie kondycyjne Przemka dzi\u0119ki czemu m\u00f3g\u0142 utrzyma\u0107 szybkie tempo walki do samego ko\u0144ca i ostatecznie zwyci\u0119\u017cy\u0107. W finale musia\u0142 uzna\u0107 wy\u017cszo\u015b\u0107 zawodnika Gospodarzy. To starcie pokaza\u0142o, \u017ce do nast\u0119pnego startu Przemek musi lepiej przygotowa\u0107 si\u0119 pod wzgl\u0119dem bokserskim.<\/p>\n\n\n\n<p>Kolejne medale, to srebro wywalczone przez Piotra W\u0142odarka i br\u0105z Sebastiana Grzeli\u0144skiego, kt\u00f3ry zostawi\u0142 na macie kawa\u0142 serducha i pokaza\u0142 si\u0119 z bardzo dobrej strony w nowych dla siebie formu\u0142ach walki.<\/p>\n\n\n\n<p>G\u0142\u00f3wnym priorytetem Klubu Sportowego Wojownik na sezon 2023\/2024 jest start w r\u00f3\u017cnych organizacjach Taekwon-do oraz Kickboxingu i sprawdzanie umiej\u0119tno\u015bci w r\u00f3\u017cnych \u015brodowiskach sportowych.<\/p>\n\n\n\n<p>Klub Sportowy Wojownik wspieraj\u0105 samorz\u0105dy &#8211; Powiat K\u0142obucki, Gminy: K\u0142obuck, Wr\u0119czyca Wielka, Opat\u00f3w i Mied\u017ano oraz sponsorzy: PHU Przemko, Klimat Komfort, Kr\u00f3lleski Burger, Rechabilitacja Troniny, Eko Plast, a tak\u017ce Stacja demonta\u017cu pojazd\u00f3w Koral.<\/p>\n\n\n\n<p>red., mat. KS Wojownik<\/p>\n\n\n\n<p>Czytaj tak\u017ce: <a href=\"https:\/\/gazetaregionalna.com\/trener-rakowa-dawid-szwarga-o-wygranej-z-legia-w-warszawie\/\">Trener Rakowa Dawid Szwarga o wygranej z Legi\u0105 w Warszawie<\/a><\/p>\n\n\n\n<p><\/p>\n\n\n\n<figure class=\"wp-block-image size-large is-resized\"><img decoding=\"async\" data-src=\"https:\/\/gazetaregionalna.com\/wp-content\/uploads\/2023\/08\/patrzyk1-5.jpg\" alt=\"\" class=\"wp-image-111669 lazyload\" width=\"418\" height=\"342\" src=\"data:image\/svg+xml;base64,PHN2ZyB3aWR0aD0iMSIgaGVpZ2h0PSIxIiB4bWxucz0iaHR0cDovL3d3dy53My5vcmcvMjAwMC9zdmciPjwvc3ZnPg==\" style=\"--smush-placeholder-width: 418px; --smush-placeholder-aspect-ratio: 418\/342;\"><figcaption><a href=\"https:\/\/www.kotly-patrzyk.pl\/\" target=\"_blank\" rel=\"noreferrer noopener\">https:\/\/www.kotly-patrzyk.pl\/<\/a><br><a href=\"https:\/\/www.kotly-patrzyk.pl\/oferta\/pompy-ciepla\/\" target=\"_blank\" rel=\"noreferrer noopener\">https:\/\/www.kotly-patrzyk.pl\/oferta\/pompy-ciepla\/<\/a><\/figcaption><\/figure>\n","protected":false},"excerpt":{"rendered":"<p>Zawodnicy Klubu Sportowego Wojownik przyzwyczaili nas do medalowych wyst\u0119p\u00f3w w kraju i zagranic\u0105 w Taekwon-do ITF. Tym razem z sukcesami wystartowali w Mistrzostwach \u015al\u0105ska<\/p>\n","protected":false},"author":5,"featured_media":115283,"comment_status":"closed","ping_status":"open","sticky":false,"template":"","format":"standard","meta":{"_monsterinsights_skip_tracking":false,"_monsterinsights_sitenote_active":false,"_monsterinsights_sitenote_note":"","_monsterinsights_sitenote_category":0,"_uf_show_specific_survey":0,"_uf_disable_surveys":false,"footnotes":""},"categories":[5,11],"tags":[3226,8455,8454],"class_list":["post-115281","post","type-post","status-publish","format-standard","has-post-thumbnail","hentry","category-sport","category-pozostale","tag-kickboxing","tag-klub-sportowy-wojownik","tag-taekwon-do"],"_links":{"self":[{"href":"https:\/\/gazetaregionalna.com\/index.php?rest_route=\/wp\/v2\/posts\/115281","targetHints":{"allow":["GET"]}}],"collection":[{"href":"https:\/\/gazetaregionalna.com\/index.php?rest_route=\/wp\/v2\/posts"}],"about":[{"href":"https:\/\/gazetaregionalna.com\/index.php?rest_route=\/wp\/v2\/types\/post"}],"author":[{"embeddable":true,"href":"https:\/\/gazetaregionalna.com\/index.php?rest_route=\/wp\/v2\/users\/5"}],"replies":[{"embeddable":true,"href":"https:\/\/gazetaregionalna.com\/index.php?rest_route=%2Fwp%2Fv2%2Fcomments&post=115281"}],"version-history":[{"count":3,"href":"https:\/\/gazetaregionalna.com\/index.php?rest_route=\/wp\/v2\/posts\/115281\/revisions"}],"predecessor-version":[{"id":115285,"href":"https:\/\/gazetaregionalna.com\/index.php?rest_route=\/wp\/v2\/posts\/115281\/revisions\/115285"}],"wp:featuredmedia":[{"embeddable":true,"href":"https:\/\/gazetaregionalna.com\/index.php?rest_route=\/wp\/v2\/media\/115283"}],"wp:attachment":[{"href":"https:\/\/gazetaregionalna.com\/index.php?rest_route=%2Fwp%2Fv2%2Fmedia&parent=115281"}],"wp:term":[{"taxonomy":"category","embeddable":true,"href":"https:\/\/gazetaregionalna.com\/index.php?rest_route=%2Fwp%2Fv2%2Fcategories&post=115281"},{"taxonomy":"post_tag","embeddable":true,"href":"https:\/\/gazetaregionalna.com\/index.php?rest_route=%2Fwp%2Fv2%2Ftags&post=115281"}],"curies":[{"name":"wp","href":"https:\/\/api.w.org\/{rel}","templated":true}]}}