{"id":115234,"date":"2023-10-11T07:08:32","date_gmt":"2023-10-11T07:08:32","guid":{"rendered":"https:\/\/gazetaregionalna.com\/?p=115234"},"modified":"2023-10-11T07:08:33","modified_gmt":"2023-10-11T07:08:33","slug":"cks-budowlani-2","status":"publish","type":"post","link":"https:\/\/gazetaregionalna.com\/?p=115234","title":{"rendered":"Juniorzy na medal! Zawodnicy CKS Budowlani Cz\u0119stochowa najlepsi w klasyfikacji medalowej mistrzostw wojew\u00f3dztwa \u015bl\u0105skiego U12"},"content":{"rendered":"\n<h4 class=\"wp-block-heading\"><strong>Na lekkoatletycznych mistrzostwach wojew\u00f3dztwa w kategorii U12 znakomicie spisali si\u0119 reprezentanci CKS Budowlani Cz\u0119stochowa. Z Rudy \u015al\u0105skiej przywie\u017ali a\u017c 9 kr\u0105\u017ck\u00f3w zajmuj\u0105c 1. miejsce w klasyfikacji medalowej w\u015br\u00f3d wszystkich \u015bl\u0105skich klub\u00f3w. <\/strong><\/h4>\n\n\n\n<p>W ostatnich w tym roku zawodach rangi mistrzowskiej rywalizowali najm\u0142odsi lekkoatleci wojew\u00f3dztwa \u015bl\u0105skiego &#8211; zawodnicy w kategorii wiekowej U12. Do medalowych zmaga\u0144 przyst\u0105pi\u0142o 400 m\u0142odych sportowc\u00f3w, w\u015br\u00f3d nich 14 lekkoatlet\u00f3w CKS Budowlani Cz\u0119stochowa. Nasi reprezentanci spisali si\u0119 fantastycznie zwyci\u0119\u017caj\u0105c w klasyfikacji medalowej. Juniorzy zaprezentowali \u015bwietne przygotowanie techniczne i kondycyjne, co w po\u0142\u0105czeniu z waleczno\u015bci\u0105 i determinacj\u0105 da\u0142o tak \u015bwietne rezultaty.<\/p>\n\n\n\n<figure class=\"wp-block-image size-large\"><img decoding=\"async\" width=\"1024\" height=\"576\" data-src=\"https:\/\/gazetaregionalna.com\/wp-content\/uploads\/2023\/10\/Nikodem-Trabczynski-podczas-skoku-w-dal-1024x576.jpg\" alt=\"\" class=\"wp-image-115241 lazyload\" data-srcset=\"https:\/\/gazetaregionalna.com\/wp-content\/uploads\/2023\/10\/Nikodem-Trabczynski-podczas-skoku-w-dal-1024x576.jpg 1024w, https:\/\/gazetaregionalna.com\/wp-content\/uploads\/2023\/10\/Nikodem-Trabczynski-podczas-skoku-w-dal-300x169.jpg 300w, https:\/\/gazetaregionalna.com\/wp-content\/uploads\/2023\/10\/Nikodem-Trabczynski-podczas-skoku-w-dal-768x432.jpg 768w, https:\/\/gazetaregionalna.com\/wp-content\/uploads\/2023\/10\/Nikodem-Trabczynski-podczas-skoku-w-dal-1536x864.jpg 1536w, https:\/\/gazetaregionalna.com\/wp-content\/uploads\/2023\/10\/Nikodem-Trabczynski-podczas-skoku-w-dal-2048x1152.jpg 2048w, https:\/\/gazetaregionalna.com\/wp-content\/uploads\/2023\/10\/Nikodem-Trabczynski-podczas-skoku-w-dal-696x391.jpg 696w, https:\/\/gazetaregionalna.com\/wp-content\/uploads\/2023\/10\/Nikodem-Trabczynski-podczas-skoku-w-dal-1068x601.jpg 1068w, https:\/\/gazetaregionalna.com\/wp-content\/uploads\/2023\/10\/Nikodem-Trabczynski-podczas-skoku-w-dal-1920x1080.jpg 1920w, https:\/\/gazetaregionalna.com\/wp-content\/uploads\/2023\/10\/Nikodem-Trabczynski-podczas-skoku-w-dal-747x420.jpg 747w, https:\/\/gazetaregionalna.com\/wp-content\/uploads\/2023\/10\/Nikodem-Trabczynski-podczas-skoku-w-dal-scaled.jpg 1600w\" data-sizes=\"(max-width: 1024px) 100vw, 1024px\" src=\"data:image\/svg+xml;base64,PHN2ZyB3aWR0aD0iMSIgaGVpZ2h0PSIxIiB4bWxucz0iaHR0cDovL3d3dy53My5vcmcvMjAwMC9zdmciPjwvc3ZnPg==\" style=\"--smush-placeholder-width: 1024px; --smush-placeholder-aspect-ratio: 1024\/576;\" \/><\/figure>\n\n\n\n<p>Na zwyci\u0119stwo w klasyfikacji generalnej mistrzostw \u015al\u0105ska z\u0142o\u017cy\u0142o si\u0119 9 medali: 3 z\u0142ote, 5 srebrnych i 1 br\u0105zowy. Na najwy\u017cszym stopniu podium stan\u0119\u0142a Maja Spyra, kt\u00f3ra w finale na 60 m uzyska\u0142a 8,52 sek. ustanawiaj\u0105c sw\u00f3j rekord \u017cyciowy. W biegu na 1000 m bezkonkurencyjna okaza\u0142a si\u0119 Alicja Kocznur. Zawodniczka Budowlanych ten dystans pokona\u0142a w 3:39,05, r\u00f3wnie\u017c poprawiaj\u0105c rekord \u017cyciowy. Trzeci z\u0142oty medal wyskaka\u0142 wzwy\u017c Adam Piech. Zwyci\u0119\u017cy\u0142 wynikiem 145 cm co tak\u017ce jest jego rekordem \u017cyciowym. Medale srebrne zdobyli: Magdalena Grzyb 600 m \u2013 1:53,35 min, Jakub Osowski 60 m \u2013 8,81 sek., Nikodem Tr\u0105bczy\u0144ski skok wzwy\u017c \u2013 1,25 cm, Adam Piech skok w dal \u2013 4,45 m, sztafeta dziewcz\u0105t 4 x 100 m w sk\u0142adzie Maja Spyra, Anastazja Osowska, Magdalena Grzyb, Helena Tkaczy\u0144ska ich wynik to 57,96 sek. Br\u0105zowy medal wywalczy\u0142 jeszcze Nikodem Tr\u0105bczy\u0144ski w skoku w dal wynikiem 4,44 m.\u00a0 <\/p>\n\n\n\n<p>Pozosta\u0142e wyniki zawodnik\u00f3w CKS Budowlani: 4. miejsce Anastazja Osowska 300 m \u2013 49,53 sek., 4. miejsce sztafeta ch\u0142opc\u00f3w 4 x 100 m w sk\u0142adzie: Franciszek Fr\u0105czyk, Adam Piech, Nikodem Tr\u0105bczy\u0144ski, Jakub Osowski \u2013 59,64 sek., 4. miejsce Jakub \u00a0Osowski 300 m \u2013 47,55 sek., 7. miejsce Helena Tkaczy\u0144ska 60 m \u2013 9,01 sek., 7. miejsce Emilia Rychter 300 m \u2013 50,53 sek., 8. miejsce Natalia Rychter 600 m \u2013 1:59,78 min, 9. miejsce Helena Tkaczy\u0144ska skok w dal \u2013 3,93 m, 16. miejsce Malwina \u015awito\u0144 skok w dal \u2013 3,69 m, 16. miejsce Maja Jonczyk 300 m \u2013 53,02 sek., 20. miejsce Adriana Tukaj w dal \u2013 3,59 m.<\/p>\n\n\n\n<figure class=\"wp-block-image size-large is-resized\"><img decoding=\"async\" data-src=\"https:\/\/gazetaregionalna.com\/wp-content\/uploads\/2023\/10\/Adam-Piech-ze-zlotym-medalem-576x1024.jpg\" alt=\"\" class=\"wp-image-115240 lazyload\" width=\"422\" height=\"751\" data-srcset=\"https:\/\/gazetaregionalna.com\/wp-content\/uploads\/2023\/10\/Adam-Piech-ze-zlotym-medalem-576x1024.jpg 576w, https:\/\/gazetaregionalna.com\/wp-content\/uploads\/2023\/10\/Adam-Piech-ze-zlotym-medalem-169x300.jpg 169w, https:\/\/gazetaregionalna.com\/wp-content\/uploads\/2023\/10\/Adam-Piech-ze-zlotym-medalem-768x1366.jpg 768w, https:\/\/gazetaregionalna.com\/wp-content\/uploads\/2023\/10\/Adam-Piech-ze-zlotym-medalem-864x1536.jpg 864w, https:\/\/gazetaregionalna.com\/wp-content\/uploads\/2023\/10\/Adam-Piech-ze-zlotym-medalem-696x1238.jpg 696w, https:\/\/gazetaregionalna.com\/wp-content\/uploads\/2023\/10\/Adam-Piech-ze-zlotym-medalem-236x420.jpg 236w, https:\/\/gazetaregionalna.com\/wp-content\/uploads\/2023\/10\/Adam-Piech-ze-zlotym-medalem-scaled.jpg 900w\" data-sizes=\"(max-width: 422px) 100vw, 422px\" src=\"data:image\/svg+xml;base64,PHN2ZyB3aWR0aD0iMSIgaGVpZ2h0PSIxIiB4bWxucz0iaHR0cDovL3d3dy53My5vcmcvMjAwMC9zdmciPjwvc3ZnPg==\" style=\"--smush-placeholder-width: 422px; --smush-placeholder-aspect-ratio: 422\/751;\" \/><\/figure>\n\n\n\n<p>Mistrzostwa w Rudzie \u015al\u0105skiej by\u0142y ostatnimi zawodami w tym roku rozgrywanymi na stadionie. Jednak sezon lekkoatletyczny jeszcze si\u0119 nie sko\u0144czy\u0142, niebawem do rywalizacji przyst\u0105pi\u0105 zawodnicy przygotowuj\u0105cy si\u0119 do bieg\u00f3w prze\u0142ajowych. <\/p>\n\n\n\n<p>red., mat. CKS Budowlani Cz\u0119stochowa<\/p>\n\n\n\n<p>Czytaj tak\u017ce: <a href=\"https:\/\/gazetaregionalna.com\/chod-sportowy\/\">Ch\u00f3d sportowy. Bardzo dobry wynik Jakuba Jelonka w eliminacjach do dru\u017cynowych mistrzostw \u015bwiata w 2024 roku<\/a><\/p>\n\n\n\n<figure class=\"wp-block-image size-large is-resized\"><img decoding=\"async\" data-src=\"https:\/\/gazetaregionalna.com\/wp-content\/uploads\/2023\/08\/patrzyk1-5.jpg\" alt=\"\" class=\"wp-image-111669 lazyload\" width=\"419\" height=\"343\" src=\"data:image\/svg+xml;base64,PHN2ZyB3aWR0aD0iMSIgaGVpZ2h0PSIxIiB4bWxucz0iaHR0cDovL3d3dy53My5vcmcvMjAwMC9zdmciPjwvc3ZnPg==\" style=\"--smush-placeholder-width: 419px; --smush-placeholder-aspect-ratio: 419\/343;\"><figcaption><a href=\"https:\/\/www.kotly-patrzyk.pl\/\" target=\"_blank\" rel=\"noreferrer noopener\">https:\/\/www.kotly-patrzyk.pl\/<\/a><br><a href=\"https:\/\/www.kotly-patrzyk.pl\/oferta\/pompy-ciepla\/\" target=\"_blank\" rel=\"noreferrer noopener\">https:\/\/www.kotly-patrzyk.pl\/oferta\/pompy-ciepla\/<\/a><\/figcaption><\/figure>\n","protected":false},"excerpt":{"rendered":"<p>Na lekkoatletycznych mistrzostwach wojew\u00f3dztwa w kategorii U12 znakomicie spisali si\u0119 reprezentanci CKS Budowlani Cz\u0119stochowa. Z Rudy \u015al\u0105skiej przywie\u017ali a\u017c 9 kr\u0105\u017ck\u00f3w zajmuj\u0105c 1. miejsce<\/p>\n","protected":false},"author":5,"featured_media":115238,"comment_status":"closed","ping_status":"open","sticky":false,"template":"","format":"standard","meta":{"_monsterinsights_skip_tracking":false,"_monsterinsights_sitenote_active":false,"_monsterinsights_sitenote_note":"","_monsterinsights_sitenote_category":0,"_uf_show_specific_survey":0,"_uf_disable_surveys":false,"footnotes":""},"categories":[5,11],"tags":[8419,8418,8444],"class_list":["post-115234","post","type-post","status-publish","format-standard","has-post-thumbnail","hentry","category-sport","category-pozostale","tag-lekka-atletyka","tag-mistrzostwa-wojewodztwa-slaskiego","tag-zawody-lekkoatletyczne"],"_links":{"self":[{"href":"https:\/\/gazetaregionalna.com\/index.php?rest_route=\/wp\/v2\/posts\/115234","targetHints":{"allow":["GET"]}}],"collection":[{"href":"https:\/\/gazetaregionalna.com\/index.php?rest_route=\/wp\/v2\/posts"}],"about":[{"href":"https:\/\/gazetaregionalna.com\/index.php?rest_route=\/wp\/v2\/types\/post"}],"author":[{"embeddable":true,"href":"https:\/\/gazetaregionalna.com\/index.php?rest_route=\/wp\/v2\/users\/5"}],"replies":[{"embeddable":true,"href":"https:\/\/gazetaregionalna.com\/index.php?rest_route=%2Fwp%2Fv2%2Fcomments&post=115234"}],"version-history":[{"count":4,"href":"https:\/\/gazetaregionalna.com\/index.php?rest_route=\/wp\/v2\/posts\/115234\/revisions"}],"predecessor-version":[{"id":115242,"href":"https:\/\/gazetaregionalna.com\/index.php?rest_route=\/wp\/v2\/posts\/115234\/revisions\/115242"}],"wp:featuredmedia":[{"embeddable":true,"href":"https:\/\/gazetaregionalna.com\/index.php?rest_route=\/wp\/v2\/media\/115238"}],"wp:attachment":[{"href":"https:\/\/gazetaregionalna.com\/index.php?rest_route=%2Fwp%2Fv2%2Fmedia&parent=115234"}],"wp:term":[{"taxonomy":"category","embeddable":true,"href":"https:\/\/gazetaregionalna.com\/index.php?rest_route=%2Fwp%2Fv2%2Fcategories&post=115234"},{"taxonomy":"post_tag","embeddable":true,"href":"https:\/\/gazetaregionalna.com\/index.php?rest_route=%2Fwp%2Fv2%2Ftags&post=115234"}],"curies":[{"name":"wp","href":"https:\/\/api.w.org\/{rel}","templated":true}]}}