{"id":114700,"date":"2023-10-05T13:06:57","date_gmt":"2023-10-05T13:06:57","guid":{"rendered":"https:\/\/gazetaregionalna.com\/?p=114700"},"modified":"2024-08-29T11:17:53","modified_gmt":"2024-08-29T11:17:53","slug":"drzew","status":"publish","type":"post","link":"https:\/\/gazetaregionalna.com\/?p=114700","title":{"rendered":"Akcja sadzenia drzew na Promenadzie Czes\u0142awa Niemena \u2013 7 pa\u017adziernika"},"content":{"rendered":"\n<h4 class=\"wp-block-heading\"><strong><strong>Druga edycja ,,Czystych, Zielonych Miast\u2019\u2019 obj\u0119\u0142a r\u00f3wnie\u017c Cz\u0119stochow\u0119. W ramach wydarzenia 7 pa\u017adziernika odb\u0119dzie si\u0119 wielkie sprz\u0105tanie i sadzenie nowych drzew.<\/strong><\/strong><\/h4>\n\n\n\n<p>Stowarzyszenie Program Czysta Polska, kt\u00f3re jest inicjatorem projektu, zaprasza mieszka\u0144c\u00f3w Cz\u0119stochowy na Promenad\u0119 Czes\u0142awa Niemena, od strony Lasku Anio\u0142owskiego. Ca\u0142a akcja rozpocznie si\u0119 o 11. Opr\u00f3cz sprz\u0105tania terenu i sadzenia drzew, w strefie warsztatowo-eventowej na uczestnik\u00f3w czeka\u0107 b\u0119d\u0105 przygotowane przez Centrum Us\u0142ug Komunalnych stoiska edukacyjne oraz loteria ekologicznych fant\u00f3w.&nbsp;<\/p>\n\n\n\n<p>W trakcie wydarzenia poruszone zostan\u0105 kwestie zwi\u0105zane z eko podej\u015bciem do korzystania z przestrzeni miejskiej. B\u0119dzie mowa o autobusach wodorowych, zielonym torowisku, betonie poch\u0142aniaj\u0105cym py\u0142ki i zanieczyszczenia, nowoczesnych technologiach w procesie gospodarowania odpadami czy ekologicznym utrzymaniu zieleni miejskiej.&nbsp;<\/p>\n\n\n\n<figure class=\"wp-block-image size-large\"><img decoding=\"async\" width=\"1024\" height=\"682\" data-src=\"https:\/\/gazetaregionalna.com\/wp-content\/uploads\/2023\/10\/69599-1024x682.jpg\" alt=\"\" class=\"wp-image-114707 lazyload\" data-srcset=\"https:\/\/gazetaregionalna.com\/wp-content\/uploads\/2023\/10\/69599-1024x682.jpg 1024w, https:\/\/gazetaregionalna.com\/wp-content\/uploads\/2023\/10\/69599-300x200.jpg 300w, https:\/\/gazetaregionalna.com\/wp-content\/uploads\/2023\/10\/69599-768x511.jpg 768w, https:\/\/gazetaregionalna.com\/wp-content\/uploads\/2023\/10\/69599-1536x1022.jpg 1536w, https:\/\/gazetaregionalna.com\/wp-content\/uploads\/2023\/10\/69599-696x463.jpg 696w, https:\/\/gazetaregionalna.com\/wp-content\/uploads\/2023\/10\/69599-1068x711.jpg 1068w, https:\/\/gazetaregionalna.com\/wp-content\/uploads\/2023\/10\/69599-1920x1278.jpg 1920w, https:\/\/gazetaregionalna.com\/wp-content\/uploads\/2023\/10\/69599-631x420.jpg 631w, https:\/\/gazetaregionalna.com\/wp-content\/uploads\/2023\/10\/69599-scaled.jpg 1600w\" data-sizes=\"(max-width: 1024px) 100vw, 1024px\" src=\"data:image\/svg+xml;base64,PHN2ZyB3aWR0aD0iMSIgaGVpZ2h0PSIxIiB4bWxucz0iaHR0cDovL3d3dy53My5vcmcvMjAwMC9zdmciPjwvc3ZnPg==\" style=\"--smush-placeholder-width: 1024px; --smush-placeholder-aspect-ratio: 1024\/682;\" \/><\/figure>\n\n\n\n<p>To nie pierwszy raz, kiedy Cz\u0119stochowa wspiera dzia\u0142ania proekologiczne, kt\u00f3re wp\u0142ywaj\u0105 na komfort i estetyk\u0119 miasta.&nbsp;<\/p>\n\n\n\n<p>Misj\u0105 Stowarzyszenia Program Czysta Polska jest inicjowanie zmian w \u015brodowisku poprzez edukacj\u0119 spo\u0142ecze\u0144stwa oraz nag\u0142a\u015bnianie wa\u017cnych temat\u00f3w zwi\u0105zanych z ekologi\u0105 i popraw\u0105 jako\u015bci \u017cycia.&nbsp;<\/p>\n\n\n\n<p>Zasad\u017amy razem drzewa dla zielonego miasta<\/p>\n\n\n\n<figure class=\"wp-block-image size-large\"><img decoding=\"async\" width=\"772\" height=\"1024\" data-src=\"https:\/\/gazetaregionalna.com\/wp-content\/uploads\/2023\/10\/69600-772x1024.jpg\" alt=\"\" class=\"wp-image-114705 lazyload\" data-srcset=\"https:\/\/gazetaregionalna.com\/wp-content\/uploads\/2023\/10\/69600-772x1024.jpg 772w, https:\/\/gazetaregionalna.com\/wp-content\/uploads\/2023\/10\/69600-226x300.jpg 226w, https:\/\/gazetaregionalna.com\/wp-content\/uploads\/2023\/10\/69600-768x1018.jpg 768w, https:\/\/gazetaregionalna.com\/wp-content\/uploads\/2023\/10\/69600-1158x1536.jpg 1158w, https:\/\/gazetaregionalna.com\/wp-content\/uploads\/2023\/10\/69600-1544x2048.jpg 1544w, https:\/\/gazetaregionalna.com\/wp-content\/uploads\/2023\/10\/69600-696x923.jpg 696w, https:\/\/gazetaregionalna.com\/wp-content\/uploads\/2023\/10\/69600-1068x1416.jpg 1068w, https:\/\/gazetaregionalna.com\/wp-content\/uploads\/2023\/10\/69600-1920x2546.jpg 1920w, https:\/\/gazetaregionalna.com\/wp-content\/uploads\/2023\/10\/69600-317x420.jpg 317w, https:\/\/gazetaregionalna.com\/wp-content\/uploads\/2023\/10\/69600-scaled.jpg 1207w\" data-sizes=\"(max-width: 772px) 100vw, 772px\" src=\"data:image\/svg+xml;base64,PHN2ZyB3aWR0aD0iMSIgaGVpZ2h0PSIxIiB4bWxucz0iaHR0cDovL3d3dy53My5vcmcvMjAwMC9zdmciPjwvc3ZnPg==\" style=\"--smush-placeholder-width: 772px; --smush-placeholder-aspect-ratio: 772\/1024;\" \/><\/figure>\n\n\n\n<p>red., mat. UM Cz\u0119stochowy, fot. \u0141ukasz Kolewi\u0144ski <\/p>\n\n\n\n<p>Czytaj tak\u017ce: <a href=\"https:\/\/gazetaregionalna.com\/piknik-zdrowia\/\">\u201ePiknik Zdrowia\u201d na Starym Rynku<\/a><\/p>\n\n\n\n<figure class=\"wp-block-image size-large is-resized\"><img decoding=\"async\" data-src=\"https:\/\/gazetaregionalna.com\/wp-content\/uploads\/2023\/08\/patrzyk1-5.jpg\" alt=\"\" class=\"wp-image-111669 lazyload\" width=\"417\" height=\"341\" src=\"data:image\/svg+xml;base64,PHN2ZyB3aWR0aD0iMSIgaGVpZ2h0PSIxIiB4bWxucz0iaHR0cDovL3d3dy53My5vcmcvMjAwMC9zdmciPjwvc3ZnPg==\" style=\"--smush-placeholder-width: 417px; --smush-placeholder-aspect-ratio: 417\/341;\"><figcaption><a href=\"https:\/\/www.kotly-patrzyk.pl\/\" target=\"_blank\" rel=\"noreferrer noopener\">https:\/\/www.kotly-patrzyk.pl\/<\/a><br><a href=\"https:\/\/www.kotly-patrzyk.pl\/oferta\/pompy-ciepla\/\" target=\"_blank\" rel=\"noreferrer noopener\">https:\/\/www.kotly-patrzyk.pl\/oferta\/pompy-ciepla\/<\/a><\/figcaption><\/figure>\n","protected":false},"excerpt":{"rendered":"<p>Druga edycja ,,Czystych, Zielonych Miast\u2019\u2019 obj\u0119\u0142a r\u00f3wnie\u017c Cz\u0119stochow\u0119. W ramach wydarzenia 7 pa\u017adziernika odb\u0119dzie si\u0119 wielkie sprz\u0105tanie i sadzenie nowych drzew. Stowarzyszenie Program Czysta<\/p>\n","protected":false},"author":5,"featured_media":114702,"comment_status":"closed","ping_status":"open","sticky":false,"template":"","format":"standard","meta":{"_monsterinsights_skip_tracking":false,"_monsterinsights_sitenote_active":false,"_monsterinsights_sitenote_note":"","_monsterinsights_sitenote_category":0,"_uf_show_specific_survey":0,"_uf_disable_surveys":false,"footnotes":""},"categories":[29,3,94,2],"tags":[8413,109,192,620],"class_list":["post-114700","post","type-post","status-publish","format-standard","has-post-thumbnail","hentry","category-ekologia","category-czestochowa-informacje","category-polecane","category-wiadomosci","tag-czyste-zielone-miasta","tag-ekologia","tag-promenada-niemiena","tag-sadzenie-drzew"],"_links":{"self":[{"href":"https:\/\/gazetaregionalna.com\/index.php?rest_route=\/wp\/v2\/posts\/114700","targetHints":{"allow":["GET"]}}],"collection":[{"href":"https:\/\/gazetaregionalna.com\/index.php?rest_route=\/wp\/v2\/posts"}],"about":[{"href":"https:\/\/gazetaregionalna.com\/index.php?rest_route=\/wp\/v2\/types\/post"}],"author":[{"embeddable":true,"href":"https:\/\/gazetaregionalna.com\/index.php?rest_route=\/wp\/v2\/users\/5"}],"replies":[{"embeddable":true,"href":"https:\/\/gazetaregionalna.com\/index.php?rest_route=%2Fwp%2Fv2%2Fcomments&post=114700"}],"version-history":[{"count":4,"href":"https:\/\/gazetaregionalna.com\/index.php?rest_route=\/wp\/v2\/posts\/114700\/revisions"}],"predecessor-version":[{"id":114708,"href":"https:\/\/gazetaregionalna.com\/index.php?rest_route=\/wp\/v2\/posts\/114700\/revisions\/114708"}],"wp:featuredmedia":[{"embeddable":true,"href":"https:\/\/gazetaregionalna.com\/index.php?rest_route=\/wp\/v2\/media\/114702"}],"wp:attachment":[{"href":"https:\/\/gazetaregionalna.com\/index.php?rest_route=%2Fwp%2Fv2%2Fmedia&parent=114700"}],"wp:term":[{"taxonomy":"category","embeddable":true,"href":"https:\/\/gazetaregionalna.com\/index.php?rest_route=%2Fwp%2Fv2%2Fcategories&post=114700"},{"taxonomy":"post_tag","embeddable":true,"href":"https:\/\/gazetaregionalna.com\/index.php?rest_route=%2Fwp%2Fv2%2Ftags&post=114700"}],"curies":[{"name":"wp","href":"https:\/\/api.w.org\/{rel}","templated":true}]}}