{"id":11429,"date":"2020-04-07T12:31:49","date_gmt":"2020-04-07T12:31:49","guid":{"rendered":"https:\/\/gazetaregionalna.com\/?p=11429"},"modified":"2020-04-07T12:31:52","modified_gmt":"2020-04-07T12:31:52","slug":"rusza-wielki-remont-ulic-na-polnocy","status":"publish","type":"post","link":"https:\/\/gazetaregionalna.com\/?p=11429","title":{"rendered":"Rusza wielki remont ulic na P\u00f3\u0142nocy"},"content":{"rendered":"\n<p>Miasto rozpoczyna prace budowlane przy budowie odwodnienia dzielnicy P\u00f3\u0142noc i przebudowie ul. \u015bw. Brata Alberta oraz przyleg\u0142ych ulic: Lawendowej i Hiacyntowej. To jedna z najwi\u0119kszych inwestycji drogowych w mie\u015bcie zaplanowanych na ten rok.<\/p>\n\n\n\n<figure class=\"wp-block-image size-large\"><img decoding=\"async\" width=\"1024\" height=\"768\" data-src=\"https:\/\/gazetaregionalna.com\/wp-content\/uploads\/2020\/04\/ulice3-1024x768.jpg\" alt=\"\" class=\"wp-image-11433 lazyload\" data-srcset=\"https:\/\/gazetaregionalna.com\/wp-content\/uploads\/2020\/04\/ulice3-1024x768.jpg 1024w, https:\/\/gazetaregionalna.com\/wp-content\/uploads\/2020\/04\/ulice3-300x225.jpg 300w, https:\/\/gazetaregionalna.com\/wp-content\/uploads\/2020\/04\/ulice3-768x576.jpg 768w, https:\/\/gazetaregionalna.com\/wp-content\/uploads\/2020\/04\/ulice3-1536x1152.jpg 1536w, https:\/\/gazetaregionalna.com\/wp-content\/uploads\/2020\/04\/ulice3-80x60.jpg 80w, https:\/\/gazetaregionalna.com\/wp-content\/uploads\/2020\/04\/ulice3-265x198.jpg 265w, https:\/\/gazetaregionalna.com\/wp-content\/uploads\/2020\/04\/ulice3-696x522.jpg 696w, https:\/\/gazetaregionalna.com\/wp-content\/uploads\/2020\/04\/ulice3-1068x801.jpg 1068w, https:\/\/gazetaregionalna.com\/wp-content\/uploads\/2020\/04\/ulice3-560x420.jpg 560w, https:\/\/gazetaregionalna.com\/wp-content\/uploads\/2020\/04\/ulice3.jpg 1200w\" data-sizes=\"(max-width: 1024px) 100vw, 1024px\" src=\"data:image\/svg+xml;base64,PHN2ZyB3aWR0aD0iMSIgaGVpZ2h0PSIxIiB4bWxucz0iaHR0cDovL3d3dy53My5vcmcvMjAwMC9zdmciPjwvc3ZnPg==\" style=\"--smush-placeholder-width: 1024px; --smush-placeholder-aspect-ratio: 1024\/768;\" \/><\/figure>\n\n\n\n<ul class=\"wp-block-list\"><li><em>To kolejne, po odwodnieniu Grab\u00f3wki i Kiedrzyna, zadanie realizowane w ramach programu \u201eLepsza Komunikacja w Cz\u0119stochowie\u201d ukierunkowane na popraw\u0119 systemu gospodarowania wodami opadowymi i roztopowymi wraz z przebudow\u0105 uk\u0142ad\u00f3w drogowych w obr\u0119bie powstaj\u0105cych zbiornik\u00f3w ch\u0142onno-odparowuj\u0105cyc<\/em>h &#8211; informuje rzecznik prasowy MZDiT Maciej Hasik.<br> Roboty na P\u00f3\u0142nocy kosztowa\u0107 b\u0119d\u0105 ponad 12,5 mln z\u0142. Ponad 4 mln z\u0142 to dotacja unijna, jak\u0105 uzyska\u0142o miasto za po\u015brednictwem Narodowego Funduszu Ochrony \u015arodowiska i Gospodarki Wodnej. Pozosta\u0142a potrzebna kwota, czyli oko\u0142o 8,3 mln z\u0142otych pochodzi z bud\u017cetu Cz\u0119stochowy.<br> \u2013<em> To inwestycja bardzo potrzebna mieszkankom i mieszka\u0144com okolic ul. \u015bw. Brata Alberta, zar\u00f3wno ze wzgl\u0119du na dotychczasowy brak w\u0142a\u015bciwego odwodnienia, jak i wymagaj\u0105cy poprawy stan lokalnych dr\u00f3g w tej cz\u0119\u015bci dzielnicy P\u00f3\u0142noc. Dzi\u0119ki temu, \u017ce zadanie jest realizowane kompleksowo, oba problemy, na kt\u00f3re zwracali uwag\u0119 tak\u017ce miejscy radni, zostan\u0105 rozwi\u0105zane<\/em> \u2013 podkre\u015bla prezydent miasta, Krzysztof Matyjaszczyk.<br> Miejski Zarz\u0105d Dr\u00f3g i Transportu ma ju\u017c przygotowany harmonogram wszystkim prac na P\u00f3\u0142nocy, kt\u00f3re w sumie trwa\u0107 b\u0119d\u0105 do po\u0142owy przysz\u0142ego roku. Roboty prowadzone maj\u0105 by\u0107 etapami. Na pierwszy ogie\u0144, w po\u0142owie tego miesi\u0105ca prace rusz\u0105 na ulicach: Hiacyntowej i Lawendowej. Kierowcy musz\u0105 si\u0119 tam liczy\u0107 z utrudnieniami. Z powodu budowy kana\u0142u deszczowego i zbiornika ch\u0142onno-odparowuj\u0105cego jezdnia na ca\u0142ym odcinku obu ulic b\u0119dzie zw\u0119\u017cona. W maju do ulic, na kt\u00f3rych prowadzona b\u0119dzie inwestycja do\u0142\u0105czy ulica Brata Alberta.<\/li><li>(Fot. MZDiT)<\/li><\/ul>\n","protected":false},"excerpt":{"rendered":"<p>Miasto rozpoczyna prace budowlane przy budowie odwodnienia dzielnicy P\u00f3\u0142noc i przebudowie ul. \u015bw. Brata Alberta oraz przyleg\u0142ych ulic: Lawendowej i Hiacyntowej. To jedna z<\/p>\n","protected":false},"author":7,"featured_media":11434,"comment_status":"open","ping_status":"open","sticky":false,"template":"","format":"standard","meta":{"_monsterinsights_skip_tracking":false,"_monsterinsights_sitenote_active":false,"_monsterinsights_sitenote_note":"","_monsterinsights_sitenote_category":0,"_uf_show_specific_survey":0,"_uf_disable_surveys":false,"footnotes":""},"categories":[33,3,94,2],"tags":[],"class_list":["post-11429","post","type-post","status-publish","format-standard","has-post-thumbnail","hentry","category-inwestycje","category-czestochowa-informacje","category-polecane","category-wiadomosci"],"_links":{"self":[{"href":"https:\/\/gazetaregionalna.com\/index.php?rest_route=\/wp\/v2\/posts\/11429","targetHints":{"allow":["GET"]}}],"collection":[{"href":"https:\/\/gazetaregionalna.com\/index.php?rest_route=\/wp\/v2\/posts"}],"about":[{"href":"https:\/\/gazetaregionalna.com\/index.php?rest_route=\/wp\/v2\/types\/post"}],"author":[{"embeddable":true,"href":"https:\/\/gazetaregionalna.com\/index.php?rest_route=\/wp\/v2\/users\/7"}],"replies":[{"embeddable":true,"href":"https:\/\/gazetaregionalna.com\/index.php?rest_route=%2Fwp%2Fv2%2Fcomments&post=11429"}],"version-history":[{"count":3,"href":"https:\/\/gazetaregionalna.com\/index.php?rest_route=\/wp\/v2\/posts\/11429\/revisions"}],"predecessor-version":[{"id":11435,"href":"https:\/\/gazetaregionalna.com\/index.php?rest_route=\/wp\/v2\/posts\/11429\/revisions\/11435"}],"wp:featuredmedia":[{"embeddable":true,"href":"https:\/\/gazetaregionalna.com\/index.php?rest_route=\/wp\/v2\/media\/11434"}],"wp:attachment":[{"href":"https:\/\/gazetaregionalna.com\/index.php?rest_route=%2Fwp%2Fv2%2Fmedia&parent=11429"}],"wp:term":[{"taxonomy":"category","embeddable":true,"href":"https:\/\/gazetaregionalna.com\/index.php?rest_route=%2Fwp%2Fv2%2Fcategories&post=11429"},{"taxonomy":"post_tag","embeddable":true,"href":"https:\/\/gazetaregionalna.com\/index.php?rest_route=%2Fwp%2Fv2%2Ftags&post=11429"}],"curies":[{"name":"wp","href":"https:\/\/api.w.org\/{rel}","templated":true}]}}