{"id":11424,"date":"2020-04-07T09:44:18","date_gmt":"2020-04-07T09:44:18","guid":{"rendered":"https:\/\/gazetaregionalna.com\/?p=11424"},"modified":"2020-04-07T09:44:21","modified_gmt":"2020-04-07T09:44:21","slug":"lezal-na-jezdni-przejechal-po-nim-samochod","status":"publish","type":"post","link":"https:\/\/gazetaregionalna.com\/?p=11424","title":{"rendered":"Le\u017ca\u0142 na jezdni, przejecha\u0142 po nim samoch\u00f3d"},"content":{"rendered":"\n<p>Do tragicznego w skutkach wypadku dosz\u0142o wczoraj p\u00f3\u017anym wieczorem w miejscowo\u015bci Ci\u0119\u017ckowice w powiecie radomszcza\u0144skim. Jad\u0105cy mercedesem sprinterem kierowca najecha\u0142 na le\u017c\u0105cego na jezdni m\u0119\u017cczyzn\u0119. Poszkodowany 45-latek zmar\u0142.<\/p>\n\n\n\n<p><br> Kierowca w chwili wypadku by\u0142 trze\u017awy. Jak zezna\u0142, zauwa\u017cy\u0142 le\u017c\u0105cego na drodze cz\u0142owieka  w ostatniej chwili, bo m\u0119\u017cczyzna nie mia\u0142 na ubraniu \u017cadnych odblask\u00f3w. <br> 52-letni kierowca pr\u00f3bowa\u0142 omin\u0105\u0107  m\u0119\u017cczyzn\u0119, ale manewr ten nie do ko\u0144ca si\u0119 niestety uda\u0142. <\/p>\n","protected":false},"excerpt":{"rendered":"<p>Do tragicznego w skutkach wypadku dosz\u0142o wczoraj p\u00f3\u017anym wieczorem w miejscowo\u015bci Ci\u0119\u017ckowice w powiecie radomszcza\u0144skim. Jad\u0105cy mercedesem sprinterem kierowca najecha\u0142 na le\u017c\u0105cego na jezdni<\/p>\n","protected":false},"author":7,"featured_media":9512,"comment_status":"open","ping_status":"open","sticky":false,"template":"","format":"standard","meta":{"_monsterinsights_skip_tracking":false,"_monsterinsights_sitenote_active":false,"_monsterinsights_sitenote_note":"","_monsterinsights_sitenote_category":0,"_uf_show_specific_survey":0,"_uf_disable_surveys":false,"footnotes":""},"categories":[94,28,2],"tags":[],"class_list":["post-11424","post","type-post","status-publish","format-standard","has-post-thumbnail","hentry","category-polecane","category-radomsko","category-wiadomosci"],"_links":{"self":[{"href":"https:\/\/gazetaregionalna.com\/index.php?rest_route=\/wp\/v2\/posts\/11424","targetHints":{"allow":["GET"]}}],"collection":[{"href":"https:\/\/gazetaregionalna.com\/index.php?rest_route=\/wp\/v2\/posts"}],"about":[{"href":"https:\/\/gazetaregionalna.com\/index.php?rest_route=\/wp\/v2\/types\/post"}],"author":[{"embeddable":true,"href":"https:\/\/gazetaregionalna.com\/index.php?rest_route=\/wp\/v2\/users\/7"}],"replies":[{"embeddable":true,"href":"https:\/\/gazetaregionalna.com\/index.php?rest_route=%2Fwp%2Fv2%2Fcomments&post=11424"}],"version-history":[{"count":1,"href":"https:\/\/gazetaregionalna.com\/index.php?rest_route=\/wp\/v2\/posts\/11424\/revisions"}],"predecessor-version":[{"id":11425,"href":"https:\/\/gazetaregionalna.com\/index.php?rest_route=\/wp\/v2\/posts\/11424\/revisions\/11425"}],"wp:featuredmedia":[{"embeddable":true,"href":"https:\/\/gazetaregionalna.com\/index.php?rest_route=\/wp\/v2\/media\/9512"}],"wp:attachment":[{"href":"https:\/\/gazetaregionalna.com\/index.php?rest_route=%2Fwp%2Fv2%2Fmedia&parent=11424"}],"wp:term":[{"taxonomy":"category","embeddable":true,"href":"https:\/\/gazetaregionalna.com\/index.php?rest_route=%2Fwp%2Fv2%2Fcategories&post=11424"},{"taxonomy":"post_tag","embeddable":true,"href":"https:\/\/gazetaregionalna.com\/index.php?rest_route=%2Fwp%2Fv2%2Ftags&post=11424"}],"curies":[{"name":"wp","href":"https:\/\/api.w.org\/{rel}","templated":true}]}}