{"id":1138,"date":"2018-11-23T11:00:50","date_gmt":"2018-11-23T11:00:50","guid":{"rendered":"http:\/\/gazetaregionalna.com\/?p=1138"},"modified":"2018-11-22T14:31:35","modified_gmt":"2018-11-22T14:31:35","slug":"spotkanie-z-krzysztofem-zanussim-oraz-projekcja-filmu-obce-cialo","status":"publish","type":"post","link":"https:\/\/gazetaregionalna.com\/?p=1138","title":{"rendered":"Spotkanie z Krzysztofem Zanussim oraz projekcja filmu \u201eObce cia\u0142o\u201d"},"content":{"rendered":"<p>&nbsp;<\/p>\n<p><span style=\"font-family: Times New Roman, serif;\">Wydarzenia takie jak spotkanie z wybitnym filmowcem i re\u017cyserem Krzysztofem Zanussim przechodzi do historii miejsca, kt\u00f3re mia\u0142o mo\u017cliwo\u015b\u0107 i zaszczyt przywita\u0107 go w swoich progach. 12.11.2018 roku na zaproszenie Burmistrza Miasta Lubli\u0144ca oraz gospodarza spotkania, Miejskiego Dom Kultury, mieszka\u0144cy naszego miasta mieli okazj\u0119 uczestniczy\u0107 w tym szczeg\u00f3lnym wydarzeniu.<\/span><\/p>\n<p><span style=\"font-family: Times New Roman, serif;\">Spotkanie by\u0142o tym bardziej wyj\u0105tkowe, \u017ce re\u017cyser przyjecha\u0142 specjalnie do Lubli\u0144ca tu\u017c po powrocie ze Stan\u00f3w Zjednoczonych. Pomimo trud\u00f3w podr\u00f3\u017cy, pe\u0142en werwy tw\u00f3rca uj\u0105\u0142 publiczno\u015b\u0107 nie tylko wysok\u0105 kultur\u0105 osobist\u0105 i ciep\u0142em, ale r\u00f3wnie\u017c bardzo trafnymi komentarzami dotycz\u0105cymi kondycji wsp\u00f3\u0142czesnego \u015bwiata kultury oraz anegdotami ze swojego \u017cycia oraz tw\u00f3rczo\u015bci. Wspaniale i z dowcipem opowiedziane historie dotyczy\u0142y zar\u00f3wno pocz\u0105tk\u00f3w kariery re\u017cyserskiej, licznych podr\u00f3\u017cy, ale tak\u017ce znamienitych artyst\u00f3w, z kt\u00f3rymi mia\u0142 okazj\u0119 wsp\u00f3\u0142pracowa\u0107.<\/span><\/p>\n<p><span style=\"font-family: Times New Roman, serif;\">Pytania publiczno\u015bci sprowokowa\u0142y re\u017cysera do wspania\u0142ych opowie\u015bci o swojej mamie, przyja\u017ani z nie\u017cyj\u0105cym ju\u017c wybitnym kompozytorem Wojciechem Kilarem, o przedziwnych zjawiskach socjologicznych obserwowanych podczas uczestnictwa w wydarzeniach kulturalnych na \u015bwiecie, a w szczeg\u00f3lno\u015bci w Azji, ale r\u00f3wnie\u017c do szalenie ciekawych refleksji nie tylko o sztuce, ale r\u00f3wnie\u017c o genetyce, przeznaczeniu oraz inspiracji do scenariuszy, kt\u00f3re tworzy po prostu \u017cycie, i kt\u00f3re w\u0142a\u015bnie inspiruje re\u017cysera do tworzenia kolejnych obraz\u00f3w filmowych.<\/span><\/p>\n<p><span style=\"font-family: Times New Roman, serif;\">Po trwaj\u0105cym ponad godzin\u0119 spotkaniu z wybitnym go\u015bciem, widownia rozsiad\u0142a si\u0119 w fotelach i rozpocz\u0119\u0142a udzia\u0142 w projekcji jego filmu \u201eObce cia\u0142o\u201d. Cisza po zako\u0144czeniu seansu wydawa\u0142a si\u0119 by\u0107 wymowna w kontek\u015bcie tego, o czym tw\u00f3rca m\u00f3wi\u0142 kilkadziesi\u0105t minut wcze\u015bniej i tym ja\u015bniejszy wydawa\u0142 si\u0119 przekaz historii, kt\u00f3r\u0105 mieli\u015bmy okazj\u0119 obejrze\u0107 na ekranie.<\/span><\/p>\n<p><span style=\"font-family: Times New Roman, serif;\">Niebawem do kin wchodzi nominowany m.in. do Z\u0142otych Lw\u00f3w najnowszy film Krzysztofa Zanussiego \u201eEter\u201d . Nie ma cienia w\u0105tpliwo\u015bci, \u017ce b\u0119dzie to oczekiwana premiera r\u00f3wnie\u017c w lublinieckim kinie.<\/span><\/p>\n<p>Fot. Czes\u0142awa W\u0142uka<\/p>\n","protected":false},"excerpt":{"rendered":"<p>&nbsp; Wydarzenia takie jak spotkanie z wybitnym filmowcem i re\u017cyserem Krzysztofem Zanussim przechodzi do historii miejsca, kt\u00f3re mia\u0142o mo\u017cliwo\u015b\u0107 i zaszczyt przywita\u0107 go w<\/p>\n","protected":false},"author":3,"featured_media":0,"comment_status":"open","ping_status":"closed","sticky":false,"template":"","format":"standard","meta":{"_monsterinsights_skip_tracking":false,"_monsterinsights_sitenote_active":false,"_monsterinsights_sitenote_note":"","_monsterinsights_sitenote_category":0,"_uf_show_specific_survey":0,"_uf_disable_surveys":false,"footnotes":""},"categories":[12,25,13],"tags":[],"class_list":["post-1138","post","type-post","status-publish","format-standard","hentry","category-kultura-i-rozrywka","category-lubliniec","category-wydarzenia"],"_links":{"self":[{"href":"https:\/\/gazetaregionalna.com\/index.php?rest_route=\/wp\/v2\/posts\/1138","targetHints":{"allow":["GET"]}}],"collection":[{"href":"https:\/\/gazetaregionalna.com\/index.php?rest_route=\/wp\/v2\/posts"}],"about":[{"href":"https:\/\/gazetaregionalna.com\/index.php?rest_route=\/wp\/v2\/types\/post"}],"author":[{"embeddable":true,"href":"https:\/\/gazetaregionalna.com\/index.php?rest_route=\/wp\/v2\/users\/3"}],"replies":[{"embeddable":true,"href":"https:\/\/gazetaregionalna.com\/index.php?rest_route=%2Fwp%2Fv2%2Fcomments&post=1138"}],"version-history":[{"count":3,"href":"https:\/\/gazetaregionalna.com\/index.php?rest_route=\/wp\/v2\/posts\/1138\/revisions"}],"predecessor-version":[{"id":1143,"href":"https:\/\/gazetaregionalna.com\/index.php?rest_route=\/wp\/v2\/posts\/1138\/revisions\/1143"}],"wp:attachment":[{"href":"https:\/\/gazetaregionalna.com\/index.php?rest_route=%2Fwp%2Fv2%2Fmedia&parent=1138"}],"wp:term":[{"taxonomy":"category","embeddable":true,"href":"https:\/\/gazetaregionalna.com\/index.php?rest_route=%2Fwp%2Fv2%2Fcategories&post=1138"},{"taxonomy":"post_tag","embeddable":true,"href":"https:\/\/gazetaregionalna.com\/index.php?rest_route=%2Fwp%2Fv2%2Ftags&post=1138"}],"curies":[{"name":"wp","href":"https:\/\/api.w.org\/{rel}","templated":true}]}}