{"id":113796,"date":"2023-09-22T12:17:00","date_gmt":"2023-09-22T12:17:00","guid":{"rendered":"https:\/\/gazetaregionalna.com\/?p=113796"},"modified":"2023-09-22T12:17:02","modified_gmt":"2023-09-22T12:17:02","slug":"zarki-4","status":"publish","type":"post","link":"https:\/\/gazetaregionalna.com\/?p=113796","title":{"rendered":"\u017barki. Przebudowa ulic Mokrej i Prostej zako\u0144czona"},"content":{"rendered":"\n<h4 class=\"wp-block-heading\"><strong>W mie\u015bcie \u017barki zako\u0144czono kolejn\u0105 inwestycj\u0119 poprawiaj\u0105c\u0105 stan infrastruktury drogowej. Przeprowadzono odbi\u00f3r techniczny przebudowanych&nbsp;ulic Mokrej i Prostej.<\/strong><\/h4>\n\n\n\n<p>Przebudowa&nbsp;ul. Mokrej oraz ul. Prostej w \u017barkach zosta\u0142a formalnie zako\u0144czona, przeprowadzono bowiem ostateczny odbi\u00f3r techniczny. &#8211; Warto\u015b\u0107 inwestycji&nbsp;to 673.631,78 z\u0142. Gmina \u017barki uzyska\u0142a o dofinansowanie z \u015brodk\u00f3w Programu Rozwoju Obszar\u00f3w Wiejskich &#8211;&nbsp;wyja\u015bnia Burmistrz Miasta i Gminy \u017barki Klemens Podlejski. &#8211; Mieszka\u0144cy dw\u00f3ch ulic zyskali nowe nawierzchnie na d\u0142ugo\u015bci 258 metr\u00f3w &#8211; dodaje.<\/p>\n\n\n\n<p>W ramach zadania wykonano: rozbi\u00f3rki istniej\u0105cych nawierzchni i roboty ziemne pod chodnik i zjazdy, przebudow\u0119 odwodnienia, wykonanie nowej podbudowy i nawierzchni jezdni i chodnik\u00f3w z kostki brukowej, wykonanie zjazd\u00f3w do istniej\u0105cych posesji.<\/p>\n\n\n\n<p>Wykonawc\u0105 rob\u00f3t by\u0142a firma Budomax Marcin Sieradzki z Jaskrowa.<\/p>\n\n\n\n<figure class=\"wp-block-gallery columns-3 is-cropped wp-block-gallery-1 is-layout-flex wp-block-gallery-is-layout-flex\"><ul class=\"blocks-gallery-grid\"><li class=\"blocks-gallery-item\"><figure><img decoding=\"async\" width=\"1024\" height=\"768\" data-src=\"https:\/\/gazetaregionalna.com\/wp-content\/uploads\/2023\/09\/odbior_01-1024x768.jpg\" alt=\"\" data-id=\"113813\" data-full-url=\"https:\/\/gazetaregionalna.com\/wp-content\/uploads\/2023\/09\/odbior_01-scaled.jpg\" data-link=\"https:\/\/gazetaregionalna.com\/?attachment_id=113813\" class=\"wp-image-113813 lazyload\" data-srcset=\"https:\/\/gazetaregionalna.com\/wp-content\/uploads\/2023\/09\/odbior_01-1024x768.jpg 1024w, https:\/\/gazetaregionalna.com\/wp-content\/uploads\/2023\/09\/odbior_01-300x225.jpg 300w, https:\/\/gazetaregionalna.com\/wp-content\/uploads\/2023\/09\/odbior_01-768x576.jpg 768w, https:\/\/gazetaregionalna.com\/wp-content\/uploads\/2023\/09\/odbior_01-1536x1152.jpg 1536w, https:\/\/gazetaregionalna.com\/wp-content\/uploads\/2023\/09\/odbior_01-2048x1536.jpg 2048w, https:\/\/gazetaregionalna.com\/wp-content\/uploads\/2023\/09\/odbior_01-696x522.jpg 696w, https:\/\/gazetaregionalna.com\/wp-content\/uploads\/2023\/09\/odbior_01-1068x801.jpg 1068w, https:\/\/gazetaregionalna.com\/wp-content\/uploads\/2023\/09\/odbior_01-1920x1440.jpg 1920w, https:\/\/gazetaregionalna.com\/wp-content\/uploads\/2023\/09\/odbior_01-560x420.jpg 560w, https:\/\/gazetaregionalna.com\/wp-content\/uploads\/2023\/09\/odbior_01-80x60.jpg 80w, https:\/\/gazetaregionalna.com\/wp-content\/uploads\/2023\/09\/odbior_01-265x198.jpg 265w, https:\/\/gazetaregionalna.com\/wp-content\/uploads\/2023\/09\/odbior_01-scaled.jpg 1600w\" data-sizes=\"(max-width: 1024px) 100vw, 1024px\" src=\"data:image\/svg+xml;base64,PHN2ZyB3aWR0aD0iMSIgaGVpZ2h0PSIxIiB4bWxucz0iaHR0cDovL3d3dy53My5vcmcvMjAwMC9zdmciPjwvc3ZnPg==\" style=\"--smush-placeholder-width: 1024px; --smush-placeholder-aspect-ratio: 1024\/768;\" \/><\/figure><\/li><li class=\"blocks-gallery-item\"><figure><img decoding=\"async\" width=\"768\" height=\"1024\" data-src=\"https:\/\/gazetaregionalna.com\/wp-content\/uploads\/2023\/09\/odbior_02-768x1024.jpg\" alt=\"\" data-id=\"113817\" data-full-url=\"https:\/\/gazetaregionalna.com\/wp-content\/uploads\/2023\/09\/odbior_02-scaled.jpg\" data-link=\"https:\/\/gazetaregionalna.com\/?attachment_id=113817\" class=\"wp-image-113817 lazyload\" data-srcset=\"https:\/\/gazetaregionalna.com\/wp-content\/uploads\/2023\/09\/odbior_02-768x1024.jpg 768w, https:\/\/gazetaregionalna.com\/wp-content\/uploads\/2023\/09\/odbior_02-225x300.jpg 225w, https:\/\/gazetaregionalna.com\/wp-content\/uploads\/2023\/09\/odbior_02-1152x1536.jpg 1152w, https:\/\/gazetaregionalna.com\/wp-content\/uploads\/2023\/09\/odbior_02-1536x2048.jpg 1536w, https:\/\/gazetaregionalna.com\/wp-content\/uploads\/2023\/09\/odbior_02-696x928.jpg 696w, https:\/\/gazetaregionalna.com\/wp-content\/uploads\/2023\/09\/odbior_02-1068x1424.jpg 1068w, https:\/\/gazetaregionalna.com\/wp-content\/uploads\/2023\/09\/odbior_02-1920x2560.jpg 1920w, https:\/\/gazetaregionalna.com\/wp-content\/uploads\/2023\/09\/odbior_02-315x420.jpg 315w, https:\/\/gazetaregionalna.com\/wp-content\/uploads\/2023\/09\/odbior_02-scaled.jpg 1200w\" data-sizes=\"(max-width: 768px) 100vw, 768px\" src=\"data:image\/svg+xml;base64,PHN2ZyB3aWR0aD0iMSIgaGVpZ2h0PSIxIiB4bWxucz0iaHR0cDovL3d3dy53My5vcmcvMjAwMC9zdmciPjwvc3ZnPg==\" style=\"--smush-placeholder-width: 768px; --smush-placeholder-aspect-ratio: 768\/1024;\" \/><\/figure><\/li><li class=\"blocks-gallery-item\"><figure><img decoding=\"async\" width=\"768\" height=\"1024\" data-src=\"https:\/\/gazetaregionalna.com\/wp-content\/uploads\/2023\/09\/odbior_04-1-768x1024.jpg\" alt=\"\" data-id=\"113821\" data-full-url=\"https:\/\/gazetaregionalna.com\/wp-content\/uploads\/2023\/09\/odbior_04-1-scaled.jpg\" data-link=\"https:\/\/gazetaregionalna.com\/?attachment_id=113821\" class=\"wp-image-113821 lazyload\" data-srcset=\"https:\/\/gazetaregionalna.com\/wp-content\/uploads\/2023\/09\/odbior_04-1-768x1024.jpg 768w, https:\/\/gazetaregionalna.com\/wp-content\/uploads\/2023\/09\/odbior_04-1-225x300.jpg 225w, https:\/\/gazetaregionalna.com\/wp-content\/uploads\/2023\/09\/odbior_04-1-1152x1536.jpg 1152w, https:\/\/gazetaregionalna.com\/wp-content\/uploads\/2023\/09\/odbior_04-1-1536x2048.jpg 1536w, https:\/\/gazetaregionalna.com\/wp-content\/uploads\/2023\/09\/odbior_04-1-696x928.jpg 696w, https:\/\/gazetaregionalna.com\/wp-content\/uploads\/2023\/09\/odbior_04-1-1068x1424.jpg 1068w, https:\/\/gazetaregionalna.com\/wp-content\/uploads\/2023\/09\/odbior_04-1-1920x2560.jpg 1920w, https:\/\/gazetaregionalna.com\/wp-content\/uploads\/2023\/09\/odbior_04-1-315x420.jpg 315w, https:\/\/gazetaregionalna.com\/wp-content\/uploads\/2023\/09\/odbior_04-1-scaled.jpg 1200w\" data-sizes=\"(max-width: 768px) 100vw, 768px\" src=\"data:image\/svg+xml;base64,PHN2ZyB3aWR0aD0iMSIgaGVpZ2h0PSIxIiB4bWxucz0iaHR0cDovL3d3dy53My5vcmcvMjAwMC9zdmciPjwvc3ZnPg==\" style=\"--smush-placeholder-width: 768px; --smush-placeholder-aspect-ratio: 768\/1024;\" \/><\/figure><\/li><\/ul><\/figure>\n\n\n\n<p>red., mat. UMiG \u017barki<\/p>\n\n\n\n<p>Czytaj tak\u017ce: <a href=\"https:\/\/gazetaregionalna.com\/podlesie-odnaleziono-ciala\/\">Tragedia pod Cz\u0119stochow\u0105. We wsi Podlesie odnaleziono cia\u0142a 44- i 52-latka<\/a><\/p>\n\n\n\n<figure class=\"wp-block-image size-large is-resized\"><img decoding=\"async\" data-src=\"https:\/\/gazetaregionalna.com\/wp-content\/uploads\/2023\/08\/patrzyk1-5.jpg\" alt=\"\" class=\"wp-image-111669 lazyload\" width=\"415\" height=\"339\" src=\"data:image\/svg+xml;base64,PHN2ZyB3aWR0aD0iMSIgaGVpZ2h0PSIxIiB4bWxucz0iaHR0cDovL3d3dy53My5vcmcvMjAwMC9zdmciPjwvc3ZnPg==\" style=\"--smush-placeholder-width: 415px; --smush-placeholder-aspect-ratio: 415\/339;\"><figcaption><a href=\"https:\/\/www.kotly-patrzyk.pl\/\" target=\"_blank\" rel=\"noreferrer noopener\">https:\/\/www.kotly-patrzyk.pl\/<\/a><br><a href=\"https:\/\/www.kotly-patrzyk.pl\/oferta\/pompy-ciepla\/\" target=\"_blank\" rel=\"noreferrer noopener\">https:\/\/www.kotly-patrzyk.pl\/oferta\/pompy-ciepla\/<\/a><\/figcaption><\/figure>\n","protected":false},"excerpt":{"rendered":"<p>W mie\u015bcie \u017barki zako\u0144czono kolejn\u0105 inwestycj\u0119 poprawiaj\u0105c\u0105 stan infrastruktury drogowej. Przeprowadzono odbi\u00f3r techniczny przebudowanych&nbsp;ulic Mokrej i Prostej. Przebudowa&nbsp;ul. Mokrej oraz ul. Prostej w \u017barkach<\/p>\n","protected":false},"author":5,"featured_media":113801,"comment_status":"closed","ping_status":"open","sticky":false,"template":"","format":"standard","meta":{"_monsterinsights_skip_tracking":false,"_monsterinsights_sitenote_active":false,"_monsterinsights_sitenote_note":"","_monsterinsights_sitenote_category":0,"_uf_show_specific_survey":0,"_uf_disable_surveys":false,"footnotes":""},"categories":[4,2],"tags":[8334,2590,3991],"class_list":["post-113796","post","type-post","status-publish","format-standard","has-post-thumbnail","hentry","category-region","category-wiadomosci","tag-klemens-podlejski","tag-miasto-i-gmina-zarki","tag-przebudowa-ulic"],"_links":{"self":[{"href":"https:\/\/gazetaregionalna.com\/index.php?rest_route=\/wp\/v2\/posts\/113796","targetHints":{"allow":["GET"]}}],"collection":[{"href":"https:\/\/gazetaregionalna.com\/index.php?rest_route=\/wp\/v2\/posts"}],"about":[{"href":"https:\/\/gazetaregionalna.com\/index.php?rest_route=\/wp\/v2\/types\/post"}],"author":[{"embeddable":true,"href":"https:\/\/gazetaregionalna.com\/index.php?rest_route=\/wp\/v2\/users\/5"}],"replies":[{"embeddable":true,"href":"https:\/\/gazetaregionalna.com\/index.php?rest_route=%2Fwp%2Fv2%2Fcomments&post=113796"}],"version-history":[{"count":4,"href":"https:\/\/gazetaregionalna.com\/index.php?rest_route=\/wp\/v2\/posts\/113796\/revisions"}],"predecessor-version":[{"id":113832,"href":"https:\/\/gazetaregionalna.com\/index.php?rest_route=\/wp\/v2\/posts\/113796\/revisions\/113832"}],"wp:featuredmedia":[{"embeddable":true,"href":"https:\/\/gazetaregionalna.com\/index.php?rest_route=\/wp\/v2\/media\/113801"}],"wp:attachment":[{"href":"https:\/\/gazetaregionalna.com\/index.php?rest_route=%2Fwp%2Fv2%2Fmedia&parent=113796"}],"wp:term":[{"taxonomy":"category","embeddable":true,"href":"https:\/\/gazetaregionalna.com\/index.php?rest_route=%2Fwp%2Fv2%2Fcategories&post=113796"},{"taxonomy":"post_tag","embeddable":true,"href":"https:\/\/gazetaregionalna.com\/index.php?rest_route=%2Fwp%2Fv2%2Ftags&post=113796"}],"curies":[{"name":"wp","href":"https:\/\/api.w.org\/{rel}","templated":true}]}}