{"id":113793,"date":"2023-09-22T11:55:20","date_gmt":"2023-09-22T11:55:20","guid":{"rendered":"https:\/\/gazetaregionalna.com\/?p=113793"},"modified":"2023-09-22T11:55:22","modified_gmt":"2023-09-22T11:55:22","slug":"zuzlowcy-tauron-wlokniarz-o-brazowy-medal-z-apatorem-pojada-w-niedziele","status":"publish","type":"post","link":"https:\/\/gazetaregionalna.com\/?p=113793","title":{"rendered":"\u017bu\u017clowcy Tauron W\u0142\u00f3kniarz o br\u0105zowy medal z Apatorem pojad\u0105 w niedziel\u0119"},"content":{"rendered":"\n<p>Planowany na sobot\u0119 rewan\u017cowy mecz Tauron W\u0142\u00f3kniarz Cz\u0119stochowa z Apatorem Toru\u0144 zosta\u0142 prze\u0142o\u017cony na niedziel\u0119. <\/p>\n\n\n\n<p>W pi\u0105tek w Pardubicach planowana jest runda SEC. Prognozy pogody nie s\u0105 optymistyczne, a termin rezerwowy to sobota. W czeskim turnieju pojad\u0105 zawodnicy cz\u0119stochowskiego klubu. Mecz W\u0142\u00f3kniarza z Apatorem planowany by\u0142 w sobot\u0119, ale w pi\u0105tek zosta\u0142 prze\u0142o\u017cony na niedziel\u0119 na godz. 16.<\/p>\n\n\n\n<p>AK, fot. AK<\/p>\n\n\n\n<figure class=\"wp-block-image size-large\"><img decoding=\"async\" width=\"1024\" height=\"683\" data-src=\"https:\/\/gazetaregionalna.com\/wp-content\/uploads\/2023\/05\/Wlokniarz-Apator-0000-2-1024x683.jpg\" alt=\"\" class=\"wp-image-107168 lazyload\" data-srcset=\"https:\/\/gazetaregionalna.com\/wp-content\/uploads\/2023\/05\/Wlokniarz-Apator-0000-2-1024x683.jpg 1024w, https:\/\/gazetaregionalna.com\/wp-content\/uploads\/2023\/05\/Wlokniarz-Apator-0000-2-300x200.jpg 300w, https:\/\/gazetaregionalna.com\/wp-content\/uploads\/2023\/05\/Wlokniarz-Apator-0000-2-768x512.jpg 768w, https:\/\/gazetaregionalna.com\/wp-content\/uploads\/2023\/05\/Wlokniarz-Apator-0000-2-1536x1024.jpg 1536w, https:\/\/gazetaregionalna.com\/wp-content\/uploads\/2023\/05\/Wlokniarz-Apator-0000-2-696x464.jpg 696w, https:\/\/gazetaregionalna.com\/wp-content\/uploads\/2023\/05\/Wlokniarz-Apator-0000-2-1068x712.jpg 1068w, https:\/\/gazetaregionalna.com\/wp-content\/uploads\/2023\/05\/Wlokniarz-Apator-0000-2-1920x1280.jpg 1920w, https:\/\/gazetaregionalna.com\/wp-content\/uploads\/2023\/05\/Wlokniarz-Apator-0000-2-630x420.jpg 630w, https:\/\/gazetaregionalna.com\/wp-content\/uploads\/2023\/05\/Wlokniarz-Apator-0000-2-scaled.jpg 1600w\" data-sizes=\"(max-width: 1024px) 100vw, 1024px\" src=\"data:image\/svg+xml;base64,PHN2ZyB3aWR0aD0iMSIgaGVpZ2h0PSIxIiB4bWxucz0iaHR0cDovL3d3dy53My5vcmcvMjAwMC9zdmciPjwvc3ZnPg==\" style=\"--smush-placeholder-width: 1024px; --smush-placeholder-aspect-ratio: 1024\/683;\" \/><\/figure>\n\n\n\n<figure class=\"wp-block-image size-large\"><img decoding=\"async\" width=\"300\" height=\"250\" data-src=\"https:\/\/gazetaregionalna.com\/wp-content\/uploads\/2022\/04\/DMK-9.jpg\" alt=\"\" class=\"wp-image-77216 lazyload\" src=\"data:image\/svg+xml;base64,PHN2ZyB3aWR0aD0iMSIgaGVpZ2h0PSIxIiB4bWxucz0iaHR0cDovL3d3dy53My5vcmcvMjAwMC9zdmciPjwvc3ZnPg==\" style=\"--smush-placeholder-width: 300px; --smush-placeholder-aspect-ratio: 300\/250;\"><\/figure>\n","protected":false},"excerpt":{"rendered":"<p>Planowany na sobot\u0119 rewan\u017cowy mecz Tauron W\u0142\u00f3kniarz Cz\u0119stochowa z Apatorem Toru\u0144 zosta\u0142 prze\u0142o\u017cony na niedziel\u0119. W pi\u0105tek w Pardubicach planowana jest runda SEC. Prognozy<\/p>\n","protected":false},"author":15,"featured_media":107168,"comment_status":"closed","ping_status":"open","sticky":false,"template":"","format":"standard","meta":{"_monsterinsights_skip_tracking":false,"_monsterinsights_sitenote_active":false,"_monsterinsights_sitenote_note":"","_monsterinsights_sitenote_category":0,"_uf_show_specific_survey":0,"_uf_disable_surveys":false,"footnotes":""},"categories":[5,7],"tags":[],"class_list":["post-113793","post","type-post","status-publish","format-standard","has-post-thumbnail","hentry","category-sport","category-zuzel"],"_links":{"self":[{"href":"https:\/\/gazetaregionalna.com\/index.php?rest_route=\/wp\/v2\/posts\/113793","targetHints":{"allow":["GET"]}}],"collection":[{"href":"https:\/\/gazetaregionalna.com\/index.php?rest_route=\/wp\/v2\/posts"}],"about":[{"href":"https:\/\/gazetaregionalna.com\/index.php?rest_route=\/wp\/v2\/types\/post"}],"author":[{"embeddable":true,"href":"https:\/\/gazetaregionalna.com\/index.php?rest_route=\/wp\/v2\/users\/15"}],"replies":[{"embeddable":true,"href":"https:\/\/gazetaregionalna.com\/index.php?rest_route=%2Fwp%2Fv2%2Fcomments&post=113793"}],"version-history":[{"count":1,"href":"https:\/\/gazetaregionalna.com\/index.php?rest_route=\/wp\/v2\/posts\/113793\/revisions"}],"predecessor-version":[{"id":113795,"href":"https:\/\/gazetaregionalna.com\/index.php?rest_route=\/wp\/v2\/posts\/113793\/revisions\/113795"}],"wp:featuredmedia":[{"embeddable":true,"href":"https:\/\/gazetaregionalna.com\/index.php?rest_route=\/wp\/v2\/media\/107168"}],"wp:attachment":[{"href":"https:\/\/gazetaregionalna.com\/index.php?rest_route=%2Fwp%2Fv2%2Fmedia&parent=113793"}],"wp:term":[{"taxonomy":"category","embeddable":true,"href":"https:\/\/gazetaregionalna.com\/index.php?rest_route=%2Fwp%2Fv2%2Fcategories&post=113793"},{"taxonomy":"post_tag","embeddable":true,"href":"https:\/\/gazetaregionalna.com\/index.php?rest_route=%2Fwp%2Fv2%2Ftags&post=113793"}],"curies":[{"name":"wp","href":"https:\/\/api.w.org\/{rel}","templated":true}]}}