{"id":113784,"date":"2023-09-22T11:23:30","date_gmt":"2023-09-22T11:23:30","guid":{"rendered":"https:\/\/gazetaregionalna.com\/?p=113784"},"modified":"2023-09-22T11:23:32","modified_gmt":"2023-09-22T11:23:32","slug":"ju-jitsu","status":"publish","type":"post","link":"https:\/\/gazetaregionalna.com\/?p=113784","title":{"rendered":"Puchar \u015awiata w ju-jitsu sportowym. Znakomity wyst\u0119p reprezentant\u00f3w klubu Musashi \u017barki Letnisko"},"content":{"rendered":"\n<h4 class=\"wp-block-heading\"><strong>W po\u0142owie wrze\u015bnia w miejscowo\u015bci Podgorica w Czarnog\u00f3rze odbywa\u0142y si\u0119 zawody Pucharu \u015awiata w ju-jitsu sportowym. Bardzo dobrze spisali si\u0119 reprezentuj\u0105cy klub Musashi \u017barki Letnisko Wojciech Trefu\u0144 i Jakub Kulak.<\/strong><\/h4>\n\n\n\n<p>Zawodnicy Klubu Musashi \u017barki Letnisko Jakub Kulak i Wojtek Trefu\u0144 brali udzia\u0142 w zawodach rangi Pucharu \u015awiata w ju-jitsu sportowym, na kt\u00f3ry pojechali&nbsp;wraz z Kadr\u0105 Polskiego Zwi\u0105zku Ju-Jitsu Sportowego. Zawody odbywa\u0142y si\u0119 w Czarnog\u00f3rze w miejscowo\u015bci Podgorica.<br>Reprezentanci klubu Musashi z \u017barek Letnisko rywalizowali z czo\u0142\u00f3wk\u0105 \u015bwiata w ju-jitsu.<\/p>\n\n\n\n<figure class=\"wp-block-image size-large is-resized\"><img decoding=\"async\" data-src=\"https:\/\/gazetaregionalna.com\/wp-content\/uploads\/2023\/09\/IMG_0021.jpg\" alt=\"\" class=\"wp-image-113787 lazyload\" width=\"530\" height=\"272\" src=\"data:image\/svg+xml;base64,PHN2ZyB3aWR0aD0iMSIgaGVpZ2h0PSIxIiB4bWxucz0iaHR0cDovL3d3dy53My5vcmcvMjAwMC9zdmciPjwvc3ZnPg==\" style=\"--smush-placeholder-width: 530px; --smush-placeholder-aspect-ratio: 530\/272;\"><\/figure>\n\n\n\n<p>W pierwszym dniu w konkurencji ne-waza, czyli walka w parterze swoje zmagania rozpocz\u0105\u0142 Kuba Kulak w kategorii U16. W pierwszej walce Kuba podda\u0142 swojego przeciwnika z Czarnog\u00f3ry duszeniem. Niestety, kolejne walki przebiega\u0142y z przewag\u0105 na stron\u0119 przeciwnik\u00f3w z Grecji i Ukrainy. Ne-waze Kuba Kulak uko\u0144czy\u0142 na czwartym miejscu, ale zwa\u017cywszy, \u017ce w zawodach tej rangi dopiero pocz\u0105tkuje, jest to du\u017ce osi\u0105gni\u0119cie i wysoka pozycja.<\/p>\n\n\n\n<p>Wojciech Trefu\u0144 rozpocz\u0105\u0142 swoje starty p\u00f3\u017anym wieczorem, po kilkugodzinnym op\u00f3\u017anieniu. &nbsp;Walczy\u0142 w fightingu kategorii U18 i spisa\u0142 si\u0119 znakomicie. Pokona\u0142 dw\u00f3ch zawodnik\u00f3w z Czarnog\u00f3ry zdobywaj\u0105c z\u0142oty medal w Pucharze \u015awiata!<\/p>\n\n\n\n<p>Kolejny dzie\u0144 dobrze rozpocz\u0105\u0142 Jakub Kulak, niestety kontuzja wyklucza\u0142a go z kolejnych walk.<\/p>\n\n\n\n<figure class=\"wp-block-image size-large is-resized\"><img decoding=\"async\" data-src=\"https:\/\/gazetaregionalna.com\/wp-content\/uploads\/2023\/09\/IMG_0007-768x1024.jpg\" alt=\"\" class=\"wp-image-113788 lazyload\" width=\"524\" height=\"693\" src=\"data:image\/svg+xml;base64,PHN2ZyB3aWR0aD0iMSIgaGVpZ2h0PSIxIiB4bWxucz0iaHR0cDovL3d3dy53My5vcmcvMjAwMC9zdmciPjwvc3ZnPg==\" style=\"--smush-placeholder-width: 524px; --smush-placeholder-aspect-ratio: 524\/693;\"><\/figure>\n\n\n\n<p>Wieczorem tego samego dnia w konkurencji ne-waza startuje Wojciech Trefu\u0144. Zaczyna od pora\u017cki na punkty z Grekiem. W kolejnej walce pokonuje zawodnika z Czarnog\u00f3ry przez poddanie. Nast\u0119pna walka na korzy\u015b\u0107 zawodnika z Rumunii, kt\u00f3ry wygrywa t\u0119 kategori\u0119. Wojtek ko\u0144czy ne-waze z br\u0105zowym medalem!<\/p>\n\n\n\n<p>Zaanga\u017cowanie, ci\u0119\u017cka praca, systematyczne treningi, wytrwa\u0142o\u015b\u0107 i dyscyplina oraz znakomita praca trenerska zaowocowa\u0142y dwoma medalami i czwartym miejscem na turnieju tej rangi.<\/p>\n\n\n\n<p>Wyjazd zawodnik\u00f3w na Puchar \u015awiata dzi\u0119ki wsparciu Gminy Poraj.<\/p>\n\n\n\n<p>\u0141\u0105cznie&nbsp; reprezentanci Polski zdobyli 69 medali w tym: 17 z\u0142otych, 22 srebrne, 30 br\u0105zowych W klasyfikacji medalowej uplasowali\u015bmy si\u0119 na 5. miejscu w\u015br\u00f3d 24 dru\u017cyn narodowych.<\/p>\n\n\n\n<figure class=\"wp-block-image size-large\"><img decoding=\"async\" width=\"768\" height=\"1024\" data-src=\"https:\/\/gazetaregionalna.com\/wp-content\/uploads\/2023\/09\/IMG_0006-768x1024.jpg\" alt=\"\" class=\"wp-image-113789 lazyload\" data-srcset=\"https:\/\/gazetaregionalna.com\/wp-content\/uploads\/2023\/09\/IMG_0006-768x1024.jpg 768w, https:\/\/gazetaregionalna.com\/wp-content\/uploads\/2023\/09\/IMG_0006-225x300.jpg 225w, https:\/\/gazetaregionalna.com\/wp-content\/uploads\/2023\/09\/IMG_0006-1152x1536.jpg 1152w, https:\/\/gazetaregionalna.com\/wp-content\/uploads\/2023\/09\/IMG_0006-696x928.jpg 696w, https:\/\/gazetaregionalna.com\/wp-content\/uploads\/2023\/09\/IMG_0006-1068x1424.jpg 1068w, https:\/\/gazetaregionalna.com\/wp-content\/uploads\/2023\/09\/IMG_0006-315x420.jpg 315w, https:\/\/gazetaregionalna.com\/wp-content\/uploads\/2023\/09\/IMG_0006-scaled.jpg 1200w\" data-sizes=\"(max-width: 768px) 100vw, 768px\" src=\"data:image\/svg+xml;base64,PHN2ZyB3aWR0aD0iMSIgaGVpZ2h0PSIxIiB4bWxucz0iaHR0cDovL3d3dy53My5vcmcvMjAwMC9zdmciPjwvc3ZnPg==\" style=\"--smush-placeholder-width: 768px; --smush-placeholder-aspect-ratio: 768\/1024;\" \/><\/figure>\n\n\n\n<p>red., mat. Klub Musashi \u017barki Letnisko<\/p>\n\n\n\n<p>Czytaj tak\u017ce: <a href=\"https:\/\/gazetaregionalna.com\/exact-systems-hematologicznych-drugi-w-memoriale-janusza-sikorskiego\/\">Exact Systems Hemarpol drugi w Memoriale Janusza Sikorskiego<\/a><\/p>\n\n\n\n<figure class=\"wp-block-image size-large is-resized\"><img decoding=\"async\" data-src=\"https:\/\/gazetaregionalna.com\/wp-content\/uploads\/2023\/08\/patrzyk1-5.jpg\" alt=\"\" class=\"wp-image-111669 lazyload\" width=\"415\" height=\"339\" src=\"data:image\/svg+xml;base64,PHN2ZyB3aWR0aD0iMSIgaGVpZ2h0PSIxIiB4bWxucz0iaHR0cDovL3d3dy53My5vcmcvMjAwMC9zdmciPjwvc3ZnPg==\" style=\"--smush-placeholder-width: 415px; --smush-placeholder-aspect-ratio: 415\/339;\"><figcaption><a href=\"https:\/\/www.kotly-patrzyk.pl\/\" target=\"_blank\" rel=\"noreferrer noopener\">https:\/\/www.kotly-patrzyk.pl\/<\/a><br><a href=\"https:\/\/www.kotly-patrzyk.pl\/oferta\/pompy-ciepla\/\" target=\"_blank\" rel=\"noreferrer noopener\">https:\/\/www.kotly-patrzyk.pl\/oferta\/pompy-ciepla\/<\/a><\/figcaption><\/figure>\n","protected":false},"excerpt":{"rendered":"<p>W po\u0142owie wrze\u015bnia w miejscowo\u015bci Podgorica w Czarnog\u00f3rze odbywa\u0142y si\u0119 zawody Pucharu \u015awiata w ju-jitsu sportowym. Bardzo dobrze spisali si\u0119 reprezentuj\u0105cy klub Musashi \u017barki<\/p>\n","protected":false},"author":5,"featured_media":113786,"comment_status":"closed","ping_status":"open","sticky":false,"template":"","format":"standard","meta":{"_monsterinsights_skip_tracking":false,"_monsterinsights_sitenote_active":false,"_monsterinsights_sitenote_note":"","_monsterinsights_sitenote_category":0,"_uf_show_specific_survey":0,"_uf_disable_surveys":false,"footnotes":""},"categories":[5,11],"tags":[905,8355,8354],"class_list":["post-113784","post","type-post","status-publish","format-standard","has-post-thumbnail","hentry","category-sport","category-pozostale","tag-gmina-poraj","tag-musashi-zarki-letnisko","tag-sztuki-walki"],"_links":{"self":[{"href":"https:\/\/gazetaregionalna.com\/index.php?rest_route=\/wp\/v2\/posts\/113784","targetHints":{"allow":["GET"]}}],"collection":[{"href":"https:\/\/gazetaregionalna.com\/index.php?rest_route=\/wp\/v2\/posts"}],"about":[{"href":"https:\/\/gazetaregionalna.com\/index.php?rest_route=\/wp\/v2\/types\/post"}],"author":[{"embeddable":true,"href":"https:\/\/gazetaregionalna.com\/index.php?rest_route=\/wp\/v2\/users\/5"}],"replies":[{"embeddable":true,"href":"https:\/\/gazetaregionalna.com\/index.php?rest_route=%2Fwp%2Fv2%2Fcomments&post=113784"}],"version-history":[{"count":2,"href":"https:\/\/gazetaregionalna.com\/index.php?rest_route=\/wp\/v2\/posts\/113784\/revisions"}],"predecessor-version":[{"id":113790,"href":"https:\/\/gazetaregionalna.com\/index.php?rest_route=\/wp\/v2\/posts\/113784\/revisions\/113790"}],"wp:featuredmedia":[{"embeddable":true,"href":"https:\/\/gazetaregionalna.com\/index.php?rest_route=\/wp\/v2\/media\/113786"}],"wp:attachment":[{"href":"https:\/\/gazetaregionalna.com\/index.php?rest_route=%2Fwp%2Fv2%2Fmedia&parent=113784"}],"wp:term":[{"taxonomy":"category","embeddable":true,"href":"https:\/\/gazetaregionalna.com\/index.php?rest_route=%2Fwp%2Fv2%2Fcategories&post=113784"},{"taxonomy":"post_tag","embeddable":true,"href":"https:\/\/gazetaregionalna.com\/index.php?rest_route=%2Fwp%2Fv2%2Ftags&post=113784"}],"curies":[{"name":"wp","href":"https:\/\/api.w.org\/{rel}","templated":true}]}}