{"id":113143,"date":"2023-09-11T20:19:53","date_gmt":"2023-09-11T20:19:53","guid":{"rendered":"https:\/\/gazetaregionalna.com\/?p=113143"},"modified":"2023-09-11T20:20:42","modified_gmt":"2023-09-11T20:20:42","slug":"szczepienia-przeciwko-grypie","status":"publish","type":"post","link":"https:\/\/gazetaregionalna.com\/?p=113143","title":{"rendered":"Cz\u0119stochowa. Bezp\u0142atne szczepienia przeciwko grypie. Kto mo\u017ce z nich skorzysta\u0107?"},"content":{"rendered":"\n<h2 class=\"wp-block-heading\">Cz\u0119stochowianki i cz\u0119stochowianie mog\u0105 wzi\u0105\u0107 udzia\u0142 w bezp\u0142atnym programie zdrowotnym. Szczepienia przeciwko grypie przeznaczone s\u0105 dla os\u00f3b z grup szczeg\u00f3lnego ryzyka, w tym os\u00f3b powy\u017cej 65. r. \u017c. <\/h2>\n\n\n\n<p>&#8222;Szczepienia ochronne przeciw grypie dla mieszka\u0144c\u00f3w Cz\u0119stochowy z grup szczeg\u00f3lnego ryzyka na lata 2014-2018-kontynuacja programu na lata 2019-2023\u201d to miejski program polityki zdrowotnej. G\u0142\u00f3wnym celem jest zapobieganie zachorowaniom na gryp\u0119 w\u015br\u00f3d mieszkanek i mieszka\u0144c\u00f3w Cz\u0119stochowy oraz popularyzacja szczepie\u0144. Do udzia\u0142u w nim zach\u0119ca prezydent miasta Krzysztof Matyjaszczyk.<br><br>Program szczepie\u0144 przeciw grypie kierowany jest do zameldowanych w Cz\u0119stochowie os\u00f3b z grup szczeg\u00f3lnego ryzyka. To mieszka\u0144cy w wieku powy\u017cej 65. roku \u017cycia (wed\u0142ug rocznika urodzenia), m\u0142odzie\u017c do lat 18, chora na schorzenia przewlek\u0142e i nowotworowe, a tak\u017ce dzieci ucz\u0119szczaj\u0105cych do cz\u0119stochowskich przedszkoli<br><br>Program realizuje Przychodnia Lekarska ,,P\u00f3\u0142noc\u201d przy ul. Andersa 12 (tel. 34 362 44 94, 660 781 815). Wsp\u00f3\u0142pracuj\u0105 z ni\u0105: Zak\u0142ad Us\u0142ug Medycznych \u201eKiedrzy\u0144ska\u201d (ul. Kiedrzy\u0144ska 81a, tel. 34 325 61 33), Przychodnia Lekarska \u201ePo\u0142udnie\u201d (ul. Mireckiego 29a, tel. 34 323 21 53), Przychodnia Rodzinna \u201eEuro-Med\u201d (ul. 3 Maja 16, tel. 34 361 27 62), Przychodnia Rodzinna \u201eEuro-Medicus\u201d (ul. Kopalniana 4, tel. 34 365\u00a0 96 25),<br>Przychodnia Lekarska Rocha 250\u00a0 (ul. Rocha 250, tel. 34 34 362 72 12), Przychodnia Lekarska \u201eArs Medica&#8221; Bis (ul. Mo\u015bcickiego 7, tel. 34 372 10 50), Przychodnia Lekarska \u201eMedicom Bis&#8221; (ul. Pu\u017caka 5, tel. 34 362 33 54), NZOZ Przychodnia Lekarska \u201eNord Med\u201d (ul. Micha\u0142owskiego 6, tel. 34 322 06 70).<\/p>\n\n\n\n<p>Przed wizyt\u0105 w przychodni najlepiej zadzwoni\u0107 do danej plac\u00f3wki, by um\u00f3wi\u0107 si\u0119 na szczepienie. Akcja trwa do wyczerpania zapas\u00f3w.<\/p>\n\n\n\n<p><strong>Jakie programy medyczne obowi\u0105zuj\u0105 r\u00f3wnie\u017c w Cz\u0119stochowie?<\/strong><\/p>\n\n\n\n<p>Jeszcze we wrze\u015bniu mieszka\u0144cy b\u0119d\u0105 mogli skorzysta\u0107 z kolejnego programu zdrowotnego &#8222;Program profilaktycznych szczepie\u0144 przeciwko pneumokokom dla os\u00f3b 55+ mieszka\u0144c\u00f3w Cz\u0119stochowy na lata 2021-2026&#8221;. Szczeg\u00f3\u0142y b\u0119d\u0105 znane ju\u017c wkr\u00f3tce.<br><br>Aktualnie realizowany jest m.in. program, &#8222;Badania przesiewowe pod k\u0105tem zaburze\u0144 ze spektrum autyzmu u 2-letnich dzieci mieszka\u0144c\u00f3w Miasta Cz\u0119stochowy&#8221;. Obejmuje on badania przesiewowe, diagnostyk\u0119 pog\u0142\u0119bion\u0105 oraz\u00a0badania ADOS potwierdzaj\u0105ce spektrum autyzmu u dzieci od 18. do 35. miesi\u0105ca \u017cycia. Realizatorem jest Fundacja \u201ePrimo Diagnosis\u201d przy ul. Su\u0142kowskiego 3\/7 lok.13 (tel. 692 429 428, 507 120 231).<br><br>Mo\u017cna r\u00f3wnie\u017c skorzysta\u0107 z programu &#8222;Diagnostyka w\u0142\u00f3knienia i marsko\u015bci w\u0105troby w grupie chorych na cukrzyc\u0119 i stany przedcukrzycowe zagro\u017conych niealkoholow\u0105 st\u0142uszczeniow\u0105 chorob\u0105 w\u0105troby (NAFLD)&#8221;, realizowanego dla os\u00f3b chorych na cukrzyc\u0119 i stany przedcukrzycowe zagro\u017conych niealkoholow\u0105 st\u0142uszczeniow\u0105 chorob\u0105 w\u0105troby (NAFLD). Dzi\u0119ki niemu pacjenci maj\u0105 wykonan\u0105 kompleksowa diagnostyk\u0119 w\u0105troby &#8211; elastoskopia wraz z podstawowymi badaniami laboratoryjnymi. Program realizuje Intermax Sp. z o.o. przy ul. Szymanowskiego 3a. Miejscem realizacji \u015bwiadcze\u0144 jest NZOZ Inter-Med przy ul.1 Maja 27 (tel. 34 324 55 26, 787 653 980).<\/p>\n\n\n\n<p><strong>mat. UM Cz\u0119stochowy<\/strong><\/p>\n","protected":false},"excerpt":{"rendered":"<p>Cz\u0119stochowianki i cz\u0119stochowianie mog\u0105 wzi\u0105\u0107 udzia\u0142 w bezp\u0142atnym programie zdrowotnym. Szczepienia przeciwko grypie przeznaczone s\u0105 dla os\u00f3b z grup szczeg\u00f3lnego ryzyka, w tym os\u00f3b<\/p>\n","protected":false},"author":11,"featured_media":113149,"comment_status":"closed","ping_status":"open","sticky":false,"template":"","format":"standard","meta":{"_monsterinsights_skip_tracking":false,"_monsterinsights_sitenote_active":false,"_monsterinsights_sitenote_note":"","_monsterinsights_sitenote_category":0,"_uf_show_specific_survey":0,"_uf_disable_surveys":false,"footnotes":""},"categories":[37,3,94,2],"tags":[144,8326,5905],"class_list":["post-113143","post","type-post","status-publish","format-standard","has-post-thumbnail","hentry","category-zdrowie","category-czestochowa-informacje","category-polecane","category-wiadomosci","tag-czestochowa","tag-miejski-program","tag-szczepienia-przeciwko-grypie"],"_links":{"self":[{"href":"https:\/\/gazetaregionalna.com\/index.php?rest_route=\/wp\/v2\/posts\/113143","targetHints":{"allow":["GET"]}}],"collection":[{"href":"https:\/\/gazetaregionalna.com\/index.php?rest_route=\/wp\/v2\/posts"}],"about":[{"href":"https:\/\/gazetaregionalna.com\/index.php?rest_route=\/wp\/v2\/types\/post"}],"author":[{"embeddable":true,"href":"https:\/\/gazetaregionalna.com\/index.php?rest_route=\/wp\/v2\/users\/11"}],"replies":[{"embeddable":true,"href":"https:\/\/gazetaregionalna.com\/index.php?rest_route=%2Fwp%2Fv2%2Fcomments&post=113143"}],"version-history":[{"count":3,"href":"https:\/\/gazetaregionalna.com\/index.php?rest_route=\/wp\/v2\/posts\/113143\/revisions"}],"predecessor-version":[{"id":113148,"href":"https:\/\/gazetaregionalna.com\/index.php?rest_route=\/wp\/v2\/posts\/113143\/revisions\/113148"}],"wp:featuredmedia":[{"embeddable":true,"href":"https:\/\/gazetaregionalna.com\/index.php?rest_route=\/wp\/v2\/media\/113149"}],"wp:attachment":[{"href":"https:\/\/gazetaregionalna.com\/index.php?rest_route=%2Fwp%2Fv2%2Fmedia&parent=113143"}],"wp:term":[{"taxonomy":"category","embeddable":true,"href":"https:\/\/gazetaregionalna.com\/index.php?rest_route=%2Fwp%2Fv2%2Fcategories&post=113143"},{"taxonomy":"post_tag","embeddable":true,"href":"https:\/\/gazetaregionalna.com\/index.php?rest_route=%2Fwp%2Fv2%2Ftags&post=113143"}],"curies":[{"name":"wp","href":"https:\/\/api.w.org\/{rel}","templated":true}]}}