{"id":113140,"date":"2023-09-11T18:11:10","date_gmt":"2023-09-11T18:11:10","guid":{"rendered":"https:\/\/gazetaregionalna.com\/?p=113140"},"modified":"2023-09-11T18:11:11","modified_gmt":"2023-09-11T18:11:11","slug":"zuzlowcy-tauron-wlokniarz-pierwszy-mecz-o-brazowy-medal-pojada-w-toruniu-rewanz-w-czestochowie","status":"publish","type":"post","link":"https:\/\/gazetaregionalna.com\/?p=113140","title":{"rendered":"\u017bu\u017clowcy Tauron W\u0142\u00f3kniarz pierwszy mecz o br\u0105zowy medal pojad\u0105 w Toruniu. Rewan\u017c w Cz\u0119stochowie"},"content":{"rendered":"\n<p>\u017bu\u017clowcy Tauron W\u0142\u00f3kniarz Cz\u0119stochowa przegrali p\u00f3\u0142fina\u0142ow\u0105 rywalizacj\u0119 z Motorem Lublin i na koniec sezonu zmierz\u0105 si\u0119 z Apatorem Toru\u0144 o br\u0105zowy medal.<\/p>\n\n\n\n<p>Pierwszy mecz odb\u0119dzie si\u0119 17 wrze\u015bnia w Toruniu. Rewan\u017c odb\u0119dzie si\u0119 23 sierpnia na torze w Cz\u0119stochowie. W Cz\u0119stochowie odb\u0119dzie si\u0119 te\u017c dekoracja i wr\u0119czenie br\u0105zowych medali.<\/p>\n\n\n\n<p>AK, fot: AK<\/p>\n\n\n\n<figure class=\"wp-block-image size-large\"><img decoding=\"async\" width=\"1024\" height=\"683\" data-src=\"https:\/\/gazetaregionalna.com\/wp-content\/uploads\/2023\/05\/Wlokniarz-Apator-4-2-1024x683.jpg\" alt=\"\" class=\"wp-image-107174 lazyload\" data-srcset=\"https:\/\/gazetaregionalna.com\/wp-content\/uploads\/2023\/05\/Wlokniarz-Apator-4-2-1024x683.jpg 1024w, https:\/\/gazetaregionalna.com\/wp-content\/uploads\/2023\/05\/Wlokniarz-Apator-4-2-300x200.jpg 300w, https:\/\/gazetaregionalna.com\/wp-content\/uploads\/2023\/05\/Wlokniarz-Apator-4-2-768x512.jpg 768w, https:\/\/gazetaregionalna.com\/wp-content\/uploads\/2023\/05\/Wlokniarz-Apator-4-2-1536x1024.jpg 1536w, https:\/\/gazetaregionalna.com\/wp-content\/uploads\/2023\/05\/Wlokniarz-Apator-4-2-696x464.jpg 696w, https:\/\/gazetaregionalna.com\/wp-content\/uploads\/2023\/05\/Wlokniarz-Apator-4-2-1068x712.jpg 1068w, https:\/\/gazetaregionalna.com\/wp-content\/uploads\/2023\/05\/Wlokniarz-Apator-4-2-1920x1280.jpg 1920w, https:\/\/gazetaregionalna.com\/wp-content\/uploads\/2023\/05\/Wlokniarz-Apator-4-2-630x420.jpg 630w, https:\/\/gazetaregionalna.com\/wp-content\/uploads\/2023\/05\/Wlokniarz-Apator-4-2-scaled.jpg 1600w\" data-sizes=\"(max-width: 1024px) 100vw, 1024px\" src=\"data:image\/svg+xml;base64,PHN2ZyB3aWR0aD0iMSIgaGVpZ2h0PSIxIiB4bWxucz0iaHR0cDovL3d3dy53My5vcmcvMjAwMC9zdmciPjwvc3ZnPg==\" style=\"--smush-placeholder-width: 1024px; --smush-placeholder-aspect-ratio: 1024\/683;\" \/><\/figure>\n\n\n\n<figure class=\"wp-block-image size-large\"><img decoding=\"async\" width=\"300\" height=\"250\" data-src=\"https:\/\/gazetaregionalna.com\/wp-content\/uploads\/2022\/04\/DMK-5.jpg\" alt=\"\" class=\"wp-image-77213 lazyload\" src=\"data:image\/svg+xml;base64,PHN2ZyB3aWR0aD0iMSIgaGVpZ2h0PSIxIiB4bWxucz0iaHR0cDovL3d3dy53My5vcmcvMjAwMC9zdmciPjwvc3ZnPg==\" style=\"--smush-placeholder-width: 300px; --smush-placeholder-aspect-ratio: 300\/250;\"><\/figure>\n\n\n\n<figure class=\"wp-block-image size-large\"><img decoding=\"async\" width=\"1024\" height=\"683\" data-src=\"https:\/\/gazetaregionalna.com\/wp-content\/uploads\/2023\/05\/Wlokniarz-Apator-000000-2-1024x683.jpg\" alt=\"\" class=\"wp-image-107166 lazyload\" data-srcset=\"https:\/\/gazetaregionalna.com\/wp-content\/uploads\/2023\/05\/Wlokniarz-Apator-000000-2-1024x683.jpg 1024w, https:\/\/gazetaregionalna.com\/wp-content\/uploads\/2023\/05\/Wlokniarz-Apator-000000-2-300x200.jpg 300w, https:\/\/gazetaregionalna.com\/wp-content\/uploads\/2023\/05\/Wlokniarz-Apator-000000-2-768x512.jpg 768w, https:\/\/gazetaregionalna.com\/wp-content\/uploads\/2023\/05\/Wlokniarz-Apator-000000-2-1536x1024.jpg 1536w, https:\/\/gazetaregionalna.com\/wp-content\/uploads\/2023\/05\/Wlokniarz-Apator-000000-2-696x464.jpg 696w, https:\/\/gazetaregionalna.com\/wp-content\/uploads\/2023\/05\/Wlokniarz-Apator-000000-2-1068x712.jpg 1068w, https:\/\/gazetaregionalna.com\/wp-content\/uploads\/2023\/05\/Wlokniarz-Apator-000000-2-1920x1280.jpg 1920w, https:\/\/gazetaregionalna.com\/wp-content\/uploads\/2023\/05\/Wlokniarz-Apator-000000-2-630x420.jpg 630w, https:\/\/gazetaregionalna.com\/wp-content\/uploads\/2023\/05\/Wlokniarz-Apator-000000-2-scaled.jpg 1600w\" data-sizes=\"(max-width: 1024px) 100vw, 1024px\" src=\"data:image\/svg+xml;base64,PHN2ZyB3aWR0aD0iMSIgaGVpZ2h0PSIxIiB4bWxucz0iaHR0cDovL3d3dy53My5vcmcvMjAwMC9zdmciPjwvc3ZnPg==\" style=\"--smush-placeholder-width: 1024px; --smush-placeholder-aspect-ratio: 1024\/683;\" \/><\/figure>\n","protected":false},"excerpt":{"rendered":"<p>\u017bu\u017clowcy Tauron W\u0142\u00f3kniarz Cz\u0119stochowa przegrali p\u00f3\u0142fina\u0142ow\u0105 rywalizacj\u0119 z Motorem Lublin i na koniec sezonu zmierz\u0105 si\u0119 z Apatorem Toru\u0144 o br\u0105zowy medal. Pierwszy mecz<\/p>\n","protected":false},"author":15,"featured_media":107174,"comment_status":"closed","ping_status":"open","sticky":false,"template":"","format":"standard","meta":{"_monsterinsights_skip_tracking":false,"_monsterinsights_sitenote_active":false,"_monsterinsights_sitenote_note":"","_monsterinsights_sitenote_category":0,"_uf_show_specific_survey":0,"_uf_disable_surveys":false,"footnotes":""},"categories":[5,7],"tags":[],"class_list":["post-113140","post","type-post","status-publish","format-standard","has-post-thumbnail","hentry","category-sport","category-zuzel"],"_links":{"self":[{"href":"https:\/\/gazetaregionalna.com\/index.php?rest_route=\/wp\/v2\/posts\/113140","targetHints":{"allow":["GET"]}}],"collection":[{"href":"https:\/\/gazetaregionalna.com\/index.php?rest_route=\/wp\/v2\/posts"}],"about":[{"href":"https:\/\/gazetaregionalna.com\/index.php?rest_route=\/wp\/v2\/types\/post"}],"author":[{"embeddable":true,"href":"https:\/\/gazetaregionalna.com\/index.php?rest_route=\/wp\/v2\/users\/15"}],"replies":[{"embeddable":true,"href":"https:\/\/gazetaregionalna.com\/index.php?rest_route=%2Fwp%2Fv2%2Fcomments&post=113140"}],"version-history":[{"count":1,"href":"https:\/\/gazetaregionalna.com\/index.php?rest_route=\/wp\/v2\/posts\/113140\/revisions"}],"predecessor-version":[{"id":113141,"href":"https:\/\/gazetaregionalna.com\/index.php?rest_route=\/wp\/v2\/posts\/113140\/revisions\/113141"}],"wp:featuredmedia":[{"embeddable":true,"href":"https:\/\/gazetaregionalna.com\/index.php?rest_route=\/wp\/v2\/media\/107174"}],"wp:attachment":[{"href":"https:\/\/gazetaregionalna.com\/index.php?rest_route=%2Fwp%2Fv2%2Fmedia&parent=113140"}],"wp:term":[{"taxonomy":"category","embeddable":true,"href":"https:\/\/gazetaregionalna.com\/index.php?rest_route=%2Fwp%2Fv2%2Fcategories&post=113140"},{"taxonomy":"post_tag","embeddable":true,"href":"https:\/\/gazetaregionalna.com\/index.php?rest_route=%2Fwp%2Fv2%2Ftags&post=113140"}],"curies":[{"name":"wp","href":"https:\/\/api.w.org\/{rel}","templated":true}]}}