{"id":113077,"date":"2023-09-10T21:11:19","date_gmt":"2023-09-10T21:11:19","guid":{"rendered":"https:\/\/gazetaregionalna.com\/?p=113077"},"modified":"2023-09-10T21:11:21","modified_gmt":"2023-09-10T21:11:21","slug":"200-wyprawek-nowy-rok-szkolny","status":"publish","type":"post","link":"https:\/\/gazetaregionalna.com\/?p=113077","title":{"rendered":"Cz\u0119stochowa. 200 szkolnych wyprawek na nowy rok szkolny"},"content":{"rendered":"\n<h2 class=\"wp-block-heading\">7 wrze\u015bnia w Filharmonii Cz\u0119stochowskiej odby\u0142 si\u0119 fina\u0142 akcji \u201eNowy plecak na nowy rok szkolny\u201d. Za jej spraw\u0105 200 dzieci z rodzin potrzebuj\u0105cych wsparcia otrzyma\u0142o plecaki szkolne z pe\u0142nym wyposa\u017ceniem.<\/h2>\n\n\n\n<p>To ju\u017c 22. edycja akcji &#8222;Nowy plecak na nowy rok szkolny&#8221;. W tym roku dzi\u0119ki darczy\u0144com zebrano fundusze na zakup 200 wyprawek szkolnych.<\/p>\n\n\n\n<p>Najm\u0142odszym plecaki wr\u0119cza\u0142 prezydent Cz\u0119stochowy Krzysztof Matyjaszczyk wraz z przewodnicz\u0105cym Rady Miasta Zbigniewem Niesmacznym oraz pos\u0142em Zdzis\u0142awem Wolskim. Po cz\u0119\u015bci oficjalnej dzieci i ich opiekunowie obejrzeli \u201eBa\u015bniowy koncert\u201d. Zabrzmia\u0142y w\u00f3wczas najpi\u0119kniejsze przeboje z film\u00f3w Disney&#8217;a, a wykona\u0142a je m\u0142odzie\u017c cz\u0119stochowskich szk\u00f3\u0142 \u015brednich.<\/p>\n\n\n\n<p>W pakowaniu plecak\u00f3w pomagali cz\u0142onkinie i cz\u0142onkowie Mi\u0119dzys\u0105siedzkiego Klubu Seniora wsp\u00f3\u0142pracuj\u0105cy z Fundacj\u0105 Dla Rozwoju.<\/p>\n\n\n\n<p><strong>red., mat. UM Cz\u0119stochowy<\/strong><\/p>\n\n\n\n<figure class=\"wp-block-gallery columns-3 is-cropped wp-block-gallery-1 is-layout-flex wp-block-gallery-is-layout-flex\"><ul class=\"blocks-gallery-grid\"><li class=\"blocks-gallery-item\"><figure><a href=\"https:\/\/gazetaregionalna.com\/wp-content\/uploads\/2023\/09\/wy9-scaled.jpg\"><img decoding=\"async\" width=\"1024\" height=\"682\" data-src=\"https:\/\/gazetaregionalna.com\/wp-content\/uploads\/2023\/09\/wy9-1024x682.jpg\" alt=\"\" data-id=\"113099\" data-full-url=\"https:\/\/gazetaregionalna.com\/wp-content\/uploads\/2023\/09\/wy9-scaled.jpg\" data-link=\"https:\/\/gazetaregionalna.com\/?attachment_id=113099\" class=\"wp-image-113099 lazyload\" data-srcset=\"https:\/\/gazetaregionalna.com\/wp-content\/uploads\/2023\/09\/wy9-1024x682.jpg 1024w, https:\/\/gazetaregionalna.com\/wp-content\/uploads\/2023\/09\/wy9-300x200.jpg 300w, https:\/\/gazetaregionalna.com\/wp-content\/uploads\/2023\/09\/wy9-768x511.jpg 768w, https:\/\/gazetaregionalna.com\/wp-content\/uploads\/2023\/09\/wy9-1536x1022.jpg 1536w, https:\/\/gazetaregionalna.com\/wp-content\/uploads\/2023\/09\/wy9-696x463.jpg 696w, https:\/\/gazetaregionalna.com\/wp-content\/uploads\/2023\/09\/wy9-1068x711.jpg 1068w, https:\/\/gazetaregionalna.com\/wp-content\/uploads\/2023\/09\/wy9-1920x1278.jpg 1920w, https:\/\/gazetaregionalna.com\/wp-content\/uploads\/2023\/09\/wy9-631x420.jpg 631w, https:\/\/gazetaregionalna.com\/wp-content\/uploads\/2023\/09\/wy9-scaled.jpg 1600w\" data-sizes=\"(max-width: 1024px) 100vw, 1024px\" src=\"data:image\/svg+xml;base64,PHN2ZyB3aWR0aD0iMSIgaGVpZ2h0PSIxIiB4bWxucz0iaHR0cDovL3d3dy53My5vcmcvMjAwMC9zdmciPjwvc3ZnPg==\" style=\"--smush-placeholder-width: 1024px; --smush-placeholder-aspect-ratio: 1024\/682;\" \/><\/a><\/figure><\/li><li class=\"blocks-gallery-item\"><figure><a href=\"https:\/\/gazetaregionalna.com\/wp-content\/uploads\/2023\/09\/wy8-scaled.jpg\"><img decoding=\"async\" width=\"1024\" height=\"682\" data-src=\"https:\/\/gazetaregionalna.com\/wp-content\/uploads\/2023\/09\/wy8-1024x682.jpg\" alt=\"\" data-id=\"113098\" data-full-url=\"https:\/\/gazetaregionalna.com\/wp-content\/uploads\/2023\/09\/wy8-scaled.jpg\" data-link=\"https:\/\/gazetaregionalna.com\/?attachment_id=113098\" class=\"wp-image-113098 lazyload\" data-srcset=\"https:\/\/gazetaregionalna.com\/wp-content\/uploads\/2023\/09\/wy8-1024x682.jpg 1024w, https:\/\/gazetaregionalna.com\/wp-content\/uploads\/2023\/09\/wy8-300x200.jpg 300w, https:\/\/gazetaregionalna.com\/wp-content\/uploads\/2023\/09\/wy8-768x511.jpg 768w, https:\/\/gazetaregionalna.com\/wp-content\/uploads\/2023\/09\/wy8-1536x1022.jpg 1536w, https:\/\/gazetaregionalna.com\/wp-content\/uploads\/2023\/09\/wy8-696x463.jpg 696w, https:\/\/gazetaregionalna.com\/wp-content\/uploads\/2023\/09\/wy8-1068x711.jpg 1068w, https:\/\/gazetaregionalna.com\/wp-content\/uploads\/2023\/09\/wy8-1920x1278.jpg 1920w, https:\/\/gazetaregionalna.com\/wp-content\/uploads\/2023\/09\/wy8-631x420.jpg 631w, https:\/\/gazetaregionalna.com\/wp-content\/uploads\/2023\/09\/wy8-scaled.jpg 1600w\" data-sizes=\"(max-width: 1024px) 100vw, 1024px\" src=\"data:image\/svg+xml;base64,PHN2ZyB3aWR0aD0iMSIgaGVpZ2h0PSIxIiB4bWxucz0iaHR0cDovL3d3dy53My5vcmcvMjAwMC9zdmciPjwvc3ZnPg==\" style=\"--smush-placeholder-width: 1024px; --smush-placeholder-aspect-ratio: 1024\/682;\" \/><\/a><\/figure><\/li><li class=\"blocks-gallery-item\"><figure><a href=\"https:\/\/gazetaregionalna.com\/wp-content\/uploads\/2023\/09\/wy7-scaled.jpg\"><img decoding=\"async\" width=\"1024\" height=\"682\" data-src=\"https:\/\/gazetaregionalna.com\/wp-content\/uploads\/2023\/09\/wy7-1024x682.jpg\" alt=\"\" data-id=\"113097\" data-full-url=\"https:\/\/gazetaregionalna.com\/wp-content\/uploads\/2023\/09\/wy7-scaled.jpg\" data-link=\"https:\/\/gazetaregionalna.com\/?attachment_id=113097\" class=\"wp-image-113097 lazyload\" data-srcset=\"https:\/\/gazetaregionalna.com\/wp-content\/uploads\/2023\/09\/wy7-1024x682.jpg 1024w, https:\/\/gazetaregionalna.com\/wp-content\/uploads\/2023\/09\/wy7-300x200.jpg 300w, https:\/\/gazetaregionalna.com\/wp-content\/uploads\/2023\/09\/wy7-768x511.jpg 768w, https:\/\/gazetaregionalna.com\/wp-content\/uploads\/2023\/09\/wy7-1536x1022.jpg 1536w, https:\/\/gazetaregionalna.com\/wp-content\/uploads\/2023\/09\/wy7-696x463.jpg 696w, https:\/\/gazetaregionalna.com\/wp-content\/uploads\/2023\/09\/wy7-1068x711.jpg 1068w, https:\/\/gazetaregionalna.com\/wp-content\/uploads\/2023\/09\/wy7-1920x1278.jpg 1920w, https:\/\/gazetaregionalna.com\/wp-content\/uploads\/2023\/09\/wy7-631x420.jpg 631w, https:\/\/gazetaregionalna.com\/wp-content\/uploads\/2023\/09\/wy7-scaled.jpg 1600w\" data-sizes=\"(max-width: 1024px) 100vw, 1024px\" src=\"data:image\/svg+xml;base64,PHN2ZyB3aWR0aD0iMSIgaGVpZ2h0PSIxIiB4bWxucz0iaHR0cDovL3d3dy53My5vcmcvMjAwMC9zdmciPjwvc3ZnPg==\" style=\"--smush-placeholder-width: 1024px; --smush-placeholder-aspect-ratio: 1024\/682;\" \/><\/a><\/figure><\/li><li class=\"blocks-gallery-item\"><figure><a href=\"https:\/\/gazetaregionalna.com\/wp-content\/uploads\/2023\/09\/wy6-scaled.jpg\"><img decoding=\"async\" width=\"1024\" height=\"682\" data-src=\"https:\/\/gazetaregionalna.com\/wp-content\/uploads\/2023\/09\/wy6-1024x682.jpg\" alt=\"\" data-id=\"113096\" data-full-url=\"https:\/\/gazetaregionalna.com\/wp-content\/uploads\/2023\/09\/wy6-scaled.jpg\" data-link=\"https:\/\/gazetaregionalna.com\/?attachment_id=113096\" class=\"wp-image-113096 lazyload\" data-srcset=\"https:\/\/gazetaregionalna.com\/wp-content\/uploads\/2023\/09\/wy6-1024x682.jpg 1024w, https:\/\/gazetaregionalna.com\/wp-content\/uploads\/2023\/09\/wy6-300x200.jpg 300w, https:\/\/gazetaregionalna.com\/wp-content\/uploads\/2023\/09\/wy6-768x511.jpg 768w, https:\/\/gazetaregionalna.com\/wp-content\/uploads\/2023\/09\/wy6-1536x1022.jpg 1536w, https:\/\/gazetaregionalna.com\/wp-content\/uploads\/2023\/09\/wy6-696x463.jpg 696w, https:\/\/gazetaregionalna.com\/wp-content\/uploads\/2023\/09\/wy6-1068x711.jpg 1068w, https:\/\/gazetaregionalna.com\/wp-content\/uploads\/2023\/09\/wy6-1920x1278.jpg 1920w, https:\/\/gazetaregionalna.com\/wp-content\/uploads\/2023\/09\/wy6-631x420.jpg 631w, https:\/\/gazetaregionalna.com\/wp-content\/uploads\/2023\/09\/wy6-scaled.jpg 1600w\" data-sizes=\"(max-width: 1024px) 100vw, 1024px\" src=\"data:image\/svg+xml;base64,PHN2ZyB3aWR0aD0iMSIgaGVpZ2h0PSIxIiB4bWxucz0iaHR0cDovL3d3dy53My5vcmcvMjAwMC9zdmciPjwvc3ZnPg==\" style=\"--smush-placeholder-width: 1024px; --smush-placeholder-aspect-ratio: 1024\/682;\" \/><\/a><\/figure><\/li><li class=\"blocks-gallery-item\"><figure><a href=\"https:\/\/gazetaregionalna.com\/wp-content\/uploads\/2023\/09\/wy-scaled.jpg\"><img decoding=\"async\" width=\"1024\" height=\"682\" data-src=\"https:\/\/gazetaregionalna.com\/wp-content\/uploads\/2023\/09\/wy-1024x682.jpg\" alt=\"\" data-id=\"113091\" data-full-url=\"https:\/\/gazetaregionalna.com\/wp-content\/uploads\/2023\/09\/wy-scaled.jpg\" data-link=\"https:\/\/gazetaregionalna.com\/?attachment_id=113091\" class=\"wp-image-113091 lazyload\" data-srcset=\"https:\/\/gazetaregionalna.com\/wp-content\/uploads\/2023\/09\/wy-1024x682.jpg 1024w, https:\/\/gazetaregionalna.com\/wp-content\/uploads\/2023\/09\/wy-300x200.jpg 300w, https:\/\/gazetaregionalna.com\/wp-content\/uploads\/2023\/09\/wy-768x511.jpg 768w, https:\/\/gazetaregionalna.com\/wp-content\/uploads\/2023\/09\/wy-1536x1022.jpg 1536w, https:\/\/gazetaregionalna.com\/wp-content\/uploads\/2023\/09\/wy-696x463.jpg 696w, https:\/\/gazetaregionalna.com\/wp-content\/uploads\/2023\/09\/wy-1068x711.jpg 1068w, https:\/\/gazetaregionalna.com\/wp-content\/uploads\/2023\/09\/wy-1920x1278.jpg 1920w, https:\/\/gazetaregionalna.com\/wp-content\/uploads\/2023\/09\/wy-631x420.jpg 631w, https:\/\/gazetaregionalna.com\/wp-content\/uploads\/2023\/09\/wy-scaled.jpg 1600w\" data-sizes=\"(max-width: 1024px) 100vw, 1024px\" src=\"data:image\/svg+xml;base64,PHN2ZyB3aWR0aD0iMSIgaGVpZ2h0PSIxIiB4bWxucz0iaHR0cDovL3d3dy53My5vcmcvMjAwMC9zdmciPjwvc3ZnPg==\" style=\"--smush-placeholder-width: 1024px; --smush-placeholder-aspect-ratio: 1024\/682;\" \/><\/a><\/figure><\/li><li class=\"blocks-gallery-item\"><figure><a href=\"https:\/\/gazetaregionalna.com\/wp-content\/uploads\/2023\/09\/wy5-scaled.jpg\"><img decoding=\"async\" width=\"1024\" height=\"683\" data-src=\"https:\/\/gazetaregionalna.com\/wp-content\/uploads\/2023\/09\/wy5-1024x683.jpg\" alt=\"\" data-id=\"113095\" data-full-url=\"https:\/\/gazetaregionalna.com\/wp-content\/uploads\/2023\/09\/wy5-scaled.jpg\" data-link=\"https:\/\/gazetaregionalna.com\/?attachment_id=113095\" class=\"wp-image-113095 lazyload\" data-srcset=\"https:\/\/gazetaregionalna.com\/wp-content\/uploads\/2023\/09\/wy5-1024x683.jpg 1024w, https:\/\/gazetaregionalna.com\/wp-content\/uploads\/2023\/09\/wy5-300x200.jpg 300w, https:\/\/gazetaregionalna.com\/wp-content\/uploads\/2023\/09\/wy5-768x512.jpg 768w, https:\/\/gazetaregionalna.com\/wp-content\/uploads\/2023\/09\/wy5-1536x1024.jpg 1536w, https:\/\/gazetaregionalna.com\/wp-content\/uploads\/2023\/09\/wy5-696x464.jpg 696w, https:\/\/gazetaregionalna.com\/wp-content\/uploads\/2023\/09\/wy5-1068x712.jpg 1068w, https:\/\/gazetaregionalna.com\/wp-content\/uploads\/2023\/09\/wy5-1920x1280.jpg 1920w, https:\/\/gazetaregionalna.com\/wp-content\/uploads\/2023\/09\/wy5-630x420.jpg 630w, https:\/\/gazetaregionalna.com\/wp-content\/uploads\/2023\/09\/wy5-scaled.jpg 1600w\" data-sizes=\"(max-width: 1024px) 100vw, 1024px\" src=\"data:image\/svg+xml;base64,PHN2ZyB3aWR0aD0iMSIgaGVpZ2h0PSIxIiB4bWxucz0iaHR0cDovL3d3dy53My5vcmcvMjAwMC9zdmciPjwvc3ZnPg==\" style=\"--smush-placeholder-width: 1024px; --smush-placeholder-aspect-ratio: 1024\/683;\" \/><\/a><\/figure><\/li><li class=\"blocks-gallery-item\"><figure><a href=\"https:\/\/gazetaregionalna.com\/wp-content\/uploads\/2023\/09\/wy2-scaled.jpg\"><img decoding=\"async\" width=\"1024\" height=\"682\" data-src=\"https:\/\/gazetaregionalna.com\/wp-content\/uploads\/2023\/09\/wy2-1024x682.jpg\" alt=\"\" data-id=\"113092\" data-full-url=\"https:\/\/gazetaregionalna.com\/wp-content\/uploads\/2023\/09\/wy2-scaled.jpg\" data-link=\"https:\/\/gazetaregionalna.com\/?attachment_id=113092\" class=\"wp-image-113092 lazyload\" data-srcset=\"https:\/\/gazetaregionalna.com\/wp-content\/uploads\/2023\/09\/wy2-1024x682.jpg 1024w, https:\/\/gazetaregionalna.com\/wp-content\/uploads\/2023\/09\/wy2-300x200.jpg 300w, https:\/\/gazetaregionalna.com\/wp-content\/uploads\/2023\/09\/wy2-768x511.jpg 768w, https:\/\/gazetaregionalna.com\/wp-content\/uploads\/2023\/09\/wy2-1536x1022.jpg 1536w, https:\/\/gazetaregionalna.com\/wp-content\/uploads\/2023\/09\/wy2-696x463.jpg 696w, https:\/\/gazetaregionalna.com\/wp-content\/uploads\/2023\/09\/wy2-1068x711.jpg 1068w, https:\/\/gazetaregionalna.com\/wp-content\/uploads\/2023\/09\/wy2-1920x1278.jpg 1920w, https:\/\/gazetaregionalna.com\/wp-content\/uploads\/2023\/09\/wy2-631x420.jpg 631w, https:\/\/gazetaregionalna.com\/wp-content\/uploads\/2023\/09\/wy2-scaled.jpg 1600w\" data-sizes=\"(max-width: 1024px) 100vw, 1024px\" src=\"data:image\/svg+xml;base64,PHN2ZyB3aWR0aD0iMSIgaGVpZ2h0PSIxIiB4bWxucz0iaHR0cDovL3d3dy53My5vcmcvMjAwMC9zdmciPjwvc3ZnPg==\" style=\"--smush-placeholder-width: 1024px; --smush-placeholder-aspect-ratio: 1024\/682;\" \/><\/a><\/figure><\/li><li class=\"blocks-gallery-item\"><figure><a href=\"https:\/\/gazetaregionalna.com\/wp-content\/uploads\/2023\/09\/wy10-scaled.jpg\"><img decoding=\"async\" width=\"1024\" height=\"683\" data-src=\"https:\/\/gazetaregionalna.com\/wp-content\/uploads\/2023\/09\/wy10-1024x683.jpg\" alt=\"\" data-id=\"113100\" data-full-url=\"https:\/\/gazetaregionalna.com\/wp-content\/uploads\/2023\/09\/wy10-scaled.jpg\" data-link=\"https:\/\/gazetaregionalna.com\/?attachment_id=113100\" class=\"wp-image-113100 lazyload\" data-srcset=\"https:\/\/gazetaregionalna.com\/wp-content\/uploads\/2023\/09\/wy10-1024x683.jpg 1024w, https:\/\/gazetaregionalna.com\/wp-content\/uploads\/2023\/09\/wy10-300x200.jpg 300w, https:\/\/gazetaregionalna.com\/wp-content\/uploads\/2023\/09\/wy10-768x512.jpg 768w, https:\/\/gazetaregionalna.com\/wp-content\/uploads\/2023\/09\/wy10-1536x1024.jpg 1536w, https:\/\/gazetaregionalna.com\/wp-content\/uploads\/2023\/09\/wy10-696x464.jpg 696w, https:\/\/gazetaregionalna.com\/wp-content\/uploads\/2023\/09\/wy10-1068x712.jpg 1068w, https:\/\/gazetaregionalna.com\/wp-content\/uploads\/2023\/09\/wy10-1920x1280.jpg 1920w, https:\/\/gazetaregionalna.com\/wp-content\/uploads\/2023\/09\/wy10-630x420.jpg 630w, https:\/\/gazetaregionalna.com\/wp-content\/uploads\/2023\/09\/wy10-scaled.jpg 1600w\" data-sizes=\"(max-width: 1024px) 100vw, 1024px\" src=\"data:image\/svg+xml;base64,PHN2ZyB3aWR0aD0iMSIgaGVpZ2h0PSIxIiB4bWxucz0iaHR0cDovL3d3dy53My5vcmcvMjAwMC9zdmciPjwvc3ZnPg==\" style=\"--smush-placeholder-width: 1024px; --smush-placeholder-aspect-ratio: 1024\/683;\" \/><\/a><\/figure><\/li><li class=\"blocks-gallery-item\"><figure><a href=\"https:\/\/gazetaregionalna.com\/wp-content\/uploads\/2023\/09\/wy4-scaled.jpg\"><img decoding=\"async\" width=\"1024\" height=\"682\" data-src=\"https:\/\/gazetaregionalna.com\/wp-content\/uploads\/2023\/09\/wy4-1024x682.jpg\" alt=\"\" data-id=\"113094\" data-full-url=\"https:\/\/gazetaregionalna.com\/wp-content\/uploads\/2023\/09\/wy4-scaled.jpg\" data-link=\"https:\/\/gazetaregionalna.com\/?attachment_id=113094\" class=\"wp-image-113094 lazyload\" data-srcset=\"https:\/\/gazetaregionalna.com\/wp-content\/uploads\/2023\/09\/wy4-1024x682.jpg 1024w, https:\/\/gazetaregionalna.com\/wp-content\/uploads\/2023\/09\/wy4-300x200.jpg 300w, https:\/\/gazetaregionalna.com\/wp-content\/uploads\/2023\/09\/wy4-768x511.jpg 768w, https:\/\/gazetaregionalna.com\/wp-content\/uploads\/2023\/09\/wy4-1536x1022.jpg 1536w, https:\/\/gazetaregionalna.com\/wp-content\/uploads\/2023\/09\/wy4-696x463.jpg 696w, https:\/\/gazetaregionalna.com\/wp-content\/uploads\/2023\/09\/wy4-1068x711.jpg 1068w, https:\/\/gazetaregionalna.com\/wp-content\/uploads\/2023\/09\/wy4-1920x1278.jpg 1920w, https:\/\/gazetaregionalna.com\/wp-content\/uploads\/2023\/09\/wy4-631x420.jpg 631w, https:\/\/gazetaregionalna.com\/wp-content\/uploads\/2023\/09\/wy4-scaled.jpg 1600w\" data-sizes=\"(max-width: 1024px) 100vw, 1024px\" src=\"data:image\/svg+xml;base64,PHN2ZyB3aWR0aD0iMSIgaGVpZ2h0PSIxIiB4bWxucz0iaHR0cDovL3d3dy53My5vcmcvMjAwMC9zdmciPjwvc3ZnPg==\" style=\"--smush-placeholder-width: 1024px; --smush-placeholder-aspect-ratio: 1024\/682;\" \/><\/a><\/figure><\/li><\/ul><figcaption class=\"blocks-gallery-caption\">Akcja &#8222;Nowy plecak na nowy rok szkolny&#8221; (fot. \u0141ukasz Kolewi\u0144ski\/UM Cz\u0119stochowy)<\/figcaption><\/figure>\n","protected":false},"excerpt":{"rendered":"<p>7 wrze\u015bnia w Filharmonii Cz\u0119stochowskiej odby\u0142 si\u0119 fina\u0142 akcji \u201eNowy plecak na nowy rok szkolny\u201d. Za jej spraw\u0105 200 dzieci z rodzin potrzebuj\u0105cych wsparcia<\/p>\n","protected":false},"author":11,"featured_media":113093,"comment_status":"closed","ping_status":"open","sticky":false,"template":"","format":"standard","meta":{"_monsterinsights_skip_tracking":false,"_monsterinsights_sitenote_active":false,"_monsterinsights_sitenote_note":"","_monsterinsights_sitenote_category":0,"_uf_show_specific_survey":0,"_uf_disable_surveys":false,"footnotes":""},"categories":[41,3,2],"tags":[555,8323],"class_list":["post-113077","post","type-post","status-publish","format-standard","has-post-thumbnail","hentry","category-edukacja","category-czestochowa-informacje","category-wiadomosci","tag-akcja","tag-nowy-plecak-na-nowy-rok-szkolny"],"_links":{"self":[{"href":"https:\/\/gazetaregionalna.com\/index.php?rest_route=\/wp\/v2\/posts\/113077","targetHints":{"allow":["GET"]}}],"collection":[{"href":"https:\/\/gazetaregionalna.com\/index.php?rest_route=\/wp\/v2\/posts"}],"about":[{"href":"https:\/\/gazetaregionalna.com\/index.php?rest_route=\/wp\/v2\/types\/post"}],"author":[{"embeddable":true,"href":"https:\/\/gazetaregionalna.com\/index.php?rest_route=\/wp\/v2\/users\/11"}],"replies":[{"embeddable":true,"href":"https:\/\/gazetaregionalna.com\/index.php?rest_route=%2Fwp%2Fv2%2Fcomments&post=113077"}],"version-history":[{"count":4,"href":"https:\/\/gazetaregionalna.com\/index.php?rest_route=\/wp\/v2\/posts\/113077\/revisions"}],"predecessor-version":[{"id":113102,"href":"https:\/\/gazetaregionalna.com\/index.php?rest_route=\/wp\/v2\/posts\/113077\/revisions\/113102"}],"wp:featuredmedia":[{"embeddable":true,"href":"https:\/\/gazetaregionalna.com\/index.php?rest_route=\/wp\/v2\/media\/113093"}],"wp:attachment":[{"href":"https:\/\/gazetaregionalna.com\/index.php?rest_route=%2Fwp%2Fv2%2Fmedia&parent=113077"}],"wp:term":[{"taxonomy":"category","embeddable":true,"href":"https:\/\/gazetaregionalna.com\/index.php?rest_route=%2Fwp%2Fv2%2Fcategories&post=113077"},{"taxonomy":"post_tag","embeddable":true,"href":"https:\/\/gazetaregionalna.com\/index.php?rest_route=%2Fwp%2Fv2%2Ftags&post=113077"}],"curies":[{"name":"wp","href":"https:\/\/api.w.org\/{rel}","templated":true}]}}