{"id":1130,"date":"2018-11-22T14:00:11","date_gmt":"2018-11-22T14:00:11","guid":{"rendered":"http:\/\/gazetaregionalna.com\/?p=1130"},"modified":"2018-11-22T14:00:11","modified_gmt":"2018-11-22T14:00:11","slug":"promocja-zimowa-w-oknoplast-wybrane-okna-mozna-kupic-az-do-46-taniej","status":"publish","type":"post","link":"https:\/\/gazetaregionalna.com\/?p=1130","title":{"rendered":"Promocja zimowa w OKNOPLAST \u2013 wybrane okna mo\u017cna kupi\u0107 a\u017c do 46% taniej"},"content":{"rendered":"<p>&nbsp;<\/p>\n<p><span style=\"font-family: Times New Roman, serif;\">Wyb\u00f3r najwy\u017cszej jako\u015bci okien i drzwi, kt\u00f3rych zakup nie zrujnuje naszego portfela, cz\u0119sto jest wyj\u0105tkowo trudnym wyzwaniem. Wychodz\u0105c naprzeciw tym trudno\u015bciom, OKNOPLAST ponownie ods\u0142ania promocj\u0119 zimow\u0105, dzi\u0119ki kt\u00f3rej mo\u017cemy kupi\u0107 wszystkie systemy okienne i drzwi tarasowe marki w wybranych kolorach a\u017c do 46% taniej. <\/span><\/p>\n<p><span style=\"font-family: Times New Roman, serif;\">Akcja promocyjna obejmuje wszystkie systemy okienne i drzwi tarasowe marki. Znajduj\u0105 si\u0119 w\u015br\u00f3d nich takie innowacyjne produkty, jak PROLUX czy PIXEL, kt\u00f3re wpuszczaj\u0105 do pomieszcze\u0144 a\u017c do 22% wi\u0119cej \u015bwiat\u0142a. Z du\u017cym rabatem kupimy r\u00f3wnie\u017c tarasowe HST, kt\u00f3rych konstrukcja umo\u017cliwia tworzenie spektakularnych przeszkle\u0144. Dodatkowo w ofercie zimowej mo\u017cemy zdecydowa\u0107 si\u0119 na drzwi tarasowe PSK oraz PSK-Z, zapewniaj\u0105ce du\u017c\u0105 szczelno\u015b\u0107 oraz funkcjonalno\u015b\u0107. Promocja dotyczy ponadto system\u00f3w energooszcz\u0119dnych Winergetic Premium i Winergetic Standard, a tak\u017ce systemu Koncept, kt\u00f3ry wprowadzi do domu klasyczny, ponadczasowy charakter. <\/span><\/p>\n<p>\u2013 <span style=\"font-family: Times New Roman, serif;\">W tym roku po raz kolejny ruszyli\u015bmy z promocj\u0105 zimow\u0105. Okna mo\u017cna wymienia\u0107 przez ca\u0142y rok i nie jest to czasoch\u0142onny proces, dlatego warto rozwa\u017cy\u0107 go tak\u017ce teraz \u2013 m\u00f3wi Magdalena Cedro-Czubaj, Dyrektor Marketingu Grupy OKNOPLAST. \u2013 Co istotne, to w\u0142a\u015bnie na prze\u0142omie jesieni i zimy rachunki za ogrzewanie znacz\u0105co wzrastaj\u0105. Stolarka, kt\u00f3ra z biegiem lat straci\u0142a swoje termoizolacyjne w\u0142a\u015bciwo\u015bci, nie zapewni odpowiedniej temperatury w pomieszczeniach, dlatego chcemy zaproponowa\u0107 naszym klientom rozwi\u0105zanie, kt\u00f3re pozwoli im zaoszcz\u0119dzi zar\u00f3wno na wymianie okien, jak i na utrzymaniu ciep\u0142a w domu. Promocja jest tak\u017ce \u015bwietn\u0105 szans\u0105 zakupu stolarki otworowej w okazyjnej cenie do nowo powsta\u0142ych dom\u00f3w. <\/span><\/p>\n<p><span style=\"font-family: Times New Roman, serif;\">Promocja zimowa Grupy OKNOPLAST trwa od 12 listopada 2018 do 14 grudnia 2018.<\/span><\/p>\n","protected":false},"excerpt":{"rendered":"<p>&nbsp; Wyb\u00f3r najwy\u017cszej jako\u015bci okien i drzwi, kt\u00f3rych zakup nie zrujnuje naszego portfela, cz\u0119sto jest wyj\u0105tkowo trudnym wyzwaniem. Wychodz\u0105c naprzeciw tym trudno\u015bciom, OKNOPLAST ponownie<\/p>\n","protected":false},"author":3,"featured_media":0,"comment_status":"open","ping_status":"closed","sticky":false,"template":"","format":"standard","meta":{"_monsterinsights_skip_tracking":false,"_monsterinsights_sitenote_active":false,"_monsterinsights_sitenote_note":"","_monsterinsights_sitenote_category":0,"_uf_show_specific_survey":0,"_uf_disable_surveys":false,"footnotes":""},"categories":[20,17,32],"tags":[],"class_list":["post-1130","post","type-post","status-publish","format-standard","hentry","category-budownictwo","category-dom","category-wyposazenie-wnetrz"],"_links":{"self":[{"href":"https:\/\/gazetaregionalna.com\/index.php?rest_route=\/wp\/v2\/posts\/1130","targetHints":{"allow":["GET"]}}],"collection":[{"href":"https:\/\/gazetaregionalna.com\/index.php?rest_route=\/wp\/v2\/posts"}],"about":[{"href":"https:\/\/gazetaregionalna.com\/index.php?rest_route=\/wp\/v2\/types\/post"}],"author":[{"embeddable":true,"href":"https:\/\/gazetaregionalna.com\/index.php?rest_route=\/wp\/v2\/users\/3"}],"replies":[{"embeddable":true,"href":"https:\/\/gazetaregionalna.com\/index.php?rest_route=%2Fwp%2Fv2%2Fcomments&post=1130"}],"version-history":[{"count":1,"href":"https:\/\/gazetaregionalna.com\/index.php?rest_route=\/wp\/v2\/posts\/1130\/revisions"}],"predecessor-version":[{"id":1132,"href":"https:\/\/gazetaregionalna.com\/index.php?rest_route=\/wp\/v2\/posts\/1130\/revisions\/1132"}],"wp:attachment":[{"href":"https:\/\/gazetaregionalna.com\/index.php?rest_route=%2Fwp%2Fv2%2Fmedia&parent=1130"}],"wp:term":[{"taxonomy":"category","embeddable":true,"href":"https:\/\/gazetaregionalna.com\/index.php?rest_route=%2Fwp%2Fv2%2Fcategories&post=1130"},{"taxonomy":"post_tag","embeddable":true,"href":"https:\/\/gazetaregionalna.com\/index.php?rest_route=%2Fwp%2Fv2%2Ftags&post=1130"}],"curies":[{"name":"wp","href":"https:\/\/api.w.org\/{rel}","templated":true}]}}