{"id":11243,"date":"2020-04-01T07:42:13","date_gmt":"2020-04-01T07:42:13","guid":{"rendered":"https:\/\/gazetaregionalna.com\/?p=11243"},"modified":"2020-04-01T07:42:16","modified_gmt":"2020-04-01T07:42:16","slug":"pierwsza-ofiara-smiertelna-koronawirusa-z-czestochowy","status":"publish","type":"post","link":"https:\/\/gazetaregionalna.com\/?p=11243","title":{"rendered":"Pierwsza ofiara \u015bmiertelna koronawirusa z Cz\u0119stochowy"},"content":{"rendered":"\n<h2 class=\"wp-block-heading\"> W szpitalu zaka\u017anym w Tychach zmar\u0142 68-letni mieszkaniec Cz\u0119stochowy, u kt\u00f3rego stwierdzono koronawirusa.<\/h2>\n\n\n\n<p> Jak informuj\u0105 s\u0142u\u017cby wojewody, m\u0119\u017cczyzna trafi\u0142 na oddzia\u0142 obserwacyjno-zaka\u017any 22 marca.<\/p>\n\n\n\n<ul class=\"wp-block-list\"><li><em>Wczoraj jego stan zdrowia gwa\u0142townie si\u0119 pogorszy\u0142, pacjenta przeniesiono wi\u0119c na OIOM &#8211;<\/em> przekaza\u0142a Alina Kucharzewska, rzeczniczka wojewody. &#8211; <em>Niestety nie uda\u0142o si\u0119 uratowa\u0107 jego \u017cycia. M\u0119\u017cczyzna mia\u0142 choroby wsp\u00f3\u0142istniej\u0105ce.<\/em><br> Z ostatniej informacji przekazanej przez s\u0142u\u017cby wojewody wynika, \u017ce od wczoraj w wojew\u00f3dztwie \u015bl\u0105skim wykryto kolejnych osiem przypadk\u00f3w koronawirusa. Chorzy pochodz\u0105 z powiat\u00f3w: raciborskiego, tarnog\u00f3rskiego, a tak\u017ce z Gliwic.<\/li><\/ul>\n","protected":false},"excerpt":{"rendered":"<p>W szpitalu zaka\u017anym w Tychach zmar\u0142 68-letni mieszkaniec Cz\u0119stochowy, u kt\u00f3rego stwierdzono koronawirusa. Jak informuj\u0105 s\u0142u\u017cby wojewody, m\u0119\u017cczyzna trafi\u0142 na oddzia\u0142 obserwacyjno-zaka\u017any 22 marca.<\/p>\n","protected":false},"author":7,"featured_media":10692,"comment_status":"open","ping_status":"open","sticky":false,"template":"","format":"standard","meta":{"_monsterinsights_skip_tracking":false,"_monsterinsights_sitenote_active":false,"_monsterinsights_sitenote_note":"","_monsterinsights_sitenote_category":0,"_uf_show_specific_survey":0,"_uf_disable_surveys":false,"footnotes":""},"categories":[94,3,2],"tags":[],"class_list":["post-11243","post","type-post","status-publish","format-standard","has-post-thumbnail","hentry","category-polecane","category-czestochowa-informacje","category-wiadomosci"],"_links":{"self":[{"href":"https:\/\/gazetaregionalna.com\/index.php?rest_route=\/wp\/v2\/posts\/11243","targetHints":{"allow":["GET"]}}],"collection":[{"href":"https:\/\/gazetaregionalna.com\/index.php?rest_route=\/wp\/v2\/posts"}],"about":[{"href":"https:\/\/gazetaregionalna.com\/index.php?rest_route=\/wp\/v2\/types\/post"}],"author":[{"embeddable":true,"href":"https:\/\/gazetaregionalna.com\/index.php?rest_route=\/wp\/v2\/users\/7"}],"replies":[{"embeddable":true,"href":"https:\/\/gazetaregionalna.com\/index.php?rest_route=%2Fwp%2Fv2%2Fcomments&post=11243"}],"version-history":[{"count":1,"href":"https:\/\/gazetaregionalna.com\/index.php?rest_route=\/wp\/v2\/posts\/11243\/revisions"}],"predecessor-version":[{"id":11244,"href":"https:\/\/gazetaregionalna.com\/index.php?rest_route=\/wp\/v2\/posts\/11243\/revisions\/11244"}],"wp:featuredmedia":[{"embeddable":true,"href":"https:\/\/gazetaregionalna.com\/index.php?rest_route=\/wp\/v2\/media\/10692"}],"wp:attachment":[{"href":"https:\/\/gazetaregionalna.com\/index.php?rest_route=%2Fwp%2Fv2%2Fmedia&parent=11243"}],"wp:term":[{"taxonomy":"category","embeddable":true,"href":"https:\/\/gazetaregionalna.com\/index.php?rest_route=%2Fwp%2Fv2%2Fcategories&post=11243"},{"taxonomy":"post_tag","embeddable":true,"href":"https:\/\/gazetaregionalna.com\/index.php?rest_route=%2Fwp%2Fv2%2Ftags&post=11243"}],"curies":[{"name":"wp","href":"https:\/\/api.w.org\/{rel}","templated":true}]}}