{"id":112080,"date":"2023-08-28T07:39:03","date_gmt":"2023-08-28T07:39:03","guid":{"rendered":"https:\/\/gazetaregionalna.com\/?p=112080"},"modified":"2023-08-28T07:39:05","modified_gmt":"2023-08-28T07:39:05","slug":"alpakoterapia","status":"publish","type":"post","link":"https:\/\/gazetaregionalna.com\/?p=112080","title":{"rendered":"Alpakoterapia: \u0141\u0105czenie Natury z Terapi\u0105 dla Ducha i Cia\u0142a"},"content":{"rendered":"\n<h4 class=\"wp-block-heading\"><strong>W dzisiejszym szybkim tempie \u017cycia, gdzie stres i napi\u0119cie s\u0105 nieod\u0142\u0105cznymi towarzyszami, coraz wi\u0119ksz\u0105 popularno\u015b\u0107 zdobywaj\u0105 r\u00f3\u017cnorodne formy terapii oparte na relaksie i blisko\u015bci z natur\u0105. Jedn\u0105 z najbardziej nietypowych i fascynuj\u0105cych opcji jest alpakoterapia.<\/strong><\/h4>\n\n\n\n<p>To wyj\u0105tkowa metoda terapeutyczna, kt\u00f3ra \u0142\u0105czy w sobie ciep\u0142o kontaktu z alpakami oraz dobroczynny wp\u0142yw natury, przynosz\u0105c korzy\u015bci zar\u00f3wno dla zdrowia psychicznego, jak i fizycznego.<\/p>\n\n\n\n<h5 class=\"wp-block-heading\">Alpaki: Przyjaciele natury<\/h5>\n\n\n\n<p>Alpaki, pochodz\u0105ce z region\u00f3w Ameryki Po\u0142udniowej, od wiek\u00f3w by\u0142y hodowane przez rdzennych mieszka\u0144c\u00f3w jako \u017ar\u00f3d\u0142o mi\u0119sa, we\u0142ny i sk\u00f3r. Jednak ich \u0142agodny charakter, delikatno\u015b\u0107 i przyjazne usposobienie sprawi\u0142y, \u017ce sta\u0142y si\u0119 tak\u017ce doskona\u0142ymi towarzyszami ludzi. To zwierz\u0119ta stworzone do bycia blisko cz\u0142owieka, maj\u0105ce zdolno\u015b\u0107 nawi\u0105zywania silnych wi\u0119zi emocjonalnych.<\/p>\n\n\n\n<h4 class=\"wp-block-heading\">Alpakoterapia: Co to jest?<\/h4>\n\n\n\n<p>Alpakoterapia to forma terapii oparta na interakcji mi\u0119dzy lud\u017ami a alpakami. Osoby uczestnicz\u0105ce w sesjach alpakoterapii maj\u0105 okazj\u0119 do bezpo\u015bredniego kontaktu z tymi uroczymi zwierz\u0119tami, karmienia ich, g\u0142askania oraz spacer\u00f3w w ich towarzystwie. W trakcie sesji alpaki dzia\u0142aj\u0105 jak naturalny relaksant, redukuj\u0105c napi\u0119cie nerwowe i przynosz\u0105c uczucie spokoju.<\/p>\n\n\n\n<p>Terapia ta jest prowadzona zazwyczaj przez do\u015bwiadczonych terapeut\u00f3w, kt\u00f3rzy umiej\u0119tnie wykorzystuj\u0105 interakcj\u0119 z alpakami w celu osi\u0105gni\u0119cia okre\u015blonych cel\u00f3w terapeutycznych. Mog\u0105 to by\u0107 cele zwi\u0105zane z redukcj\u0105 stresu, popraw\u0105 samopoczucia, zwi\u0119kszeniem poczucia pewno\u015bci siebie czy nawet pomoc\u0105 w terapii os\u00f3b z r\u00f3\u017cnymi zaburzeniami psychicznymi.<\/p>\n\n\n\n<h5 class=\"wp-block-heading\">Korzy\u015bci dla zdrowia psychicznego<\/h5>\n\n\n\n<p>Alpakoterapia oferuje wiele korzy\u015bci dla zdrowia psychicznego. Pierwsza z nich to redukcja stresu i napi\u0119cia. Kontakt z alpakami wywo\u0142uje uczucie przyjemno\u015bci i relaksu, co prowadzi do obni\u017cenia poziomu kortyzolu &#8211; hormonu stresu. Regularne sesje alpakoterapii mog\u0105 pom\u00f3c w utrzymaniu zdrowego poziomu stresu i lepszej odporno\u015bci na codzienne wyzwania.<\/p>\n\n\n\n<p>Kolejn\u0105 istotn\u0105 korzy\u015bci\u0105 jest poprawa samopoczucia i nastroju. Blisko\u015b\u0107 z natur\u0105 oraz pozytywne oddzia\u0142ywanie alpak mog\u0105 wywo\u0142a\u0107 uczucie rado\u015bci i zadowolenia. To zw\u0142aszcza istotne dla os\u00f3b borykaj\u0105cych si\u0119 z depresj\u0105, l\u0119kiem czy innymi zaburzeniami nastroju.<\/p>\n\n\n\n<p>Alpakoterapia mo\u017ce r\u00f3wnie\u017c wspomaga\u0107 terapi\u0119 os\u00f3b z traum\u0105 czy zaburzeniami emocjonalnymi. Kontakt z alpakami mo\u017ce dzia\u0142a\u0107 terapeutycznie, pomagaj\u0105c w budowaniu zaufania, otwieraniu si\u0119 na relacje oraz redukcji objaw\u00f3w zwi\u0105zanych z traum\u0105.<\/p>\n\n\n\n<h5 class=\"wp-block-heading\">Korzy\u015bci fizyczne<\/h5>\n\n\n\n<p>Opr\u00f3cz korzy\u015bci dla zdrowia psychicznego, alpakoterapia ma tak\u017ce pozytywny wp\u0142yw na zdrowie fizyczne. Spacer w towarzystwie alpak to forma aktywno\u015bci fizycznej, kt\u00f3ra mo\u017ce wspom\u00f3c utrzymanie zdrowej wagi, poprawi\u0107 kr\u0105\u017cenie krwi i og\u00f3ln\u0105 kondycj\u0119 organizmu. Ponadto, samo g\u0142askanie i kontakt z alpakami mo\u017ce stymulowa\u0107 wydzielanie endorfin &#8211; hormon\u00f3w szcz\u0119\u015bcia.<\/p>\n\n\n\n<h5 class=\"wp-block-heading\">Dla kogo jest alpakoterapia?<\/h5>\n\n\n\n<p>Alpakoterapia jest skierowana do r\u00f3\u017cnych grup os\u00f3b. Mo\u017ce by\u0107 szczeg\u00f3lnie korzystna dla:<\/p>\n\n\n\n<ol class=\"wp-block-list\" type=\"1\"><li><strong>Os\u00f3b z zaburzeniami psychicznymi<\/strong>: Alpakoterapia mo\u017ce by\u0107 uzupe\u0142niaj\u0105c\u0105 form\u0105 terapii dla os\u00f3b z depresj\u0105, l\u0119kiem, stresem pourazowym czy innymi zaburzeniami psychicznymi.<\/li><li><strong>Os\u00f3b z problemami relacyjnymi<\/strong>: Kontakt z alpakami mo\u017ce pom\u00f3c w budowaniu umiej\u0119tno\u015bci komunikacyjnych, zaufania i otwierania si\u0119 na relacje.<\/li><li><strong>Dzieci<\/strong>: Alpakoterapia mo\u017ce by\u0107 stosowana w terapii dzieci z r\u00f3\u017cnymi trudno\u015bciami emocjonalnymi czy rozwojowymi. Kontakt z alpakami mo\u017ce by\u0107 mniej gro\u017any i bardziej przyst\u0119pny dla dzieci ni\u017c tradycyjna terapia.<\/li><li><strong>Os\u00f3b wypalonych zawodowo<\/strong>: Osoby zm\u0119czone stresem w pracy mog\u0105 znale\u017a\u0107 w alpakoterapii odskoczni\u0119 od codziennych obowi\u0105zk\u00f3w i sposobno\u015b\u0107 do odpr\u0119\u017cenia.<\/li><\/ol>\n\n\n\n<h5 class=\"wp-block-heading\">Podsumowanie<\/h5>\n\n\n\n<p>Alpakoterapia to unikalna metoda terapeutyczna, kt\u00f3ra wykorzystuje pozytywny wp\u0142yw kontaktu z alpakami oraz blisko\u015bci z natur\u0105 w celu poprawy zdrowia psychicznego i fizycznego. Korzy\u015bci tej formy terapii s\u0105 liczne: od redukcji stresu i poprawy nastroju po wsparcie w terapii os\u00f3b z traum\u0105 czy zaburzeniami psychicznymi. Dla wielu os\u00f3b kontakt z alpakami mo\u017ce okaza\u0107 si\u0119 \u017ar\u00f3d\u0142em g\u0142\u0119bokiego relaksu i pozytywnych emocji. Niezwyk\u0142a zdolno\u015b\u0107 alpak do nawi\u0105zywania relacji i oddzia\u0142ywania terapeutycznego sprawia, \u017ce alpakoterapia jest coraz bardziej doceniana przez osoby poszukuj\u0105ce naturalnych metod poprawy zdrowia i dobrej jako\u015bci \u017cycia.<\/p>\n\n\n\n<p>Artyku\u0142 napisany przy wsp\u00f3\u0142pracy z <a href=\"https:\/\/lesnyzakatek.org\/alpakoterapia\" target=\"_blank\" rel=\"noopener\">LesnyZakatek.org<\/a><\/p>\n","protected":false},"excerpt":{"rendered":"<p>W dzisiejszym szybkim tempie \u017cycia, gdzie stres i napi\u0119cie s\u0105 nieod\u0142\u0105cznymi towarzyszami, coraz wi\u0119ksz\u0105 popularno\u015b\u0107 zdobywaj\u0105 r\u00f3\u017cnorodne formy terapii oparte na relaksie i blisko\u015bci<\/p>\n","protected":false},"author":5,"featured_media":112082,"comment_status":"closed","ping_status":"open","sticky":false,"template":"","format":"standard","meta":{"_monsterinsights_skip_tracking":false,"_monsterinsights_sitenote_active":false,"_monsterinsights_sitenote_note":"","_monsterinsights_sitenote_category":0,"_uf_show_specific_survey":0,"_uf_disable_surveys":false,"footnotes":""},"categories":[37,94,19],"tags":[6349,2409,6537],"class_list":["post-112080","post","type-post","status-publish","format-standard","has-post-thumbnail","hentry","category-zdrowie","category-polecane","category-zdrowie-i-uroda","tag-alpaki","tag-terapia","tag-zdrowie-psychiczne"],"_links":{"self":[{"href":"https:\/\/gazetaregionalna.com\/index.php?rest_route=\/wp\/v2\/posts\/112080","targetHints":{"allow":["GET"]}}],"collection":[{"href":"https:\/\/gazetaregionalna.com\/index.php?rest_route=\/wp\/v2\/posts"}],"about":[{"href":"https:\/\/gazetaregionalna.com\/index.php?rest_route=\/wp\/v2\/types\/post"}],"author":[{"embeddable":true,"href":"https:\/\/gazetaregionalna.com\/index.php?rest_route=\/wp\/v2\/users\/5"}],"replies":[{"embeddable":true,"href":"https:\/\/gazetaregionalna.com\/index.php?rest_route=%2Fwp%2Fv2%2Fcomments&post=112080"}],"version-history":[{"count":1,"href":"https:\/\/gazetaregionalna.com\/index.php?rest_route=\/wp\/v2\/posts\/112080\/revisions"}],"predecessor-version":[{"id":112081,"href":"https:\/\/gazetaregionalna.com\/index.php?rest_route=\/wp\/v2\/posts\/112080\/revisions\/112081"}],"wp:featuredmedia":[{"embeddable":true,"href":"https:\/\/gazetaregionalna.com\/index.php?rest_route=\/wp\/v2\/media\/112082"}],"wp:attachment":[{"href":"https:\/\/gazetaregionalna.com\/index.php?rest_route=%2Fwp%2Fv2%2Fmedia&parent=112080"}],"wp:term":[{"taxonomy":"category","embeddable":true,"href":"https:\/\/gazetaregionalna.com\/index.php?rest_route=%2Fwp%2Fv2%2Fcategories&post=112080"},{"taxonomy":"post_tag","embeddable":true,"href":"https:\/\/gazetaregionalna.com\/index.php?rest_route=%2Fwp%2Fv2%2Ftags&post=112080"}],"curies":[{"name":"wp","href":"https:\/\/api.w.org\/{rel}","templated":true}]}}