{"id":111846,"date":"2023-08-21T20:22:31","date_gmt":"2023-08-21T20:22:31","guid":{"rendered":"https:\/\/gazetaregionalna.com\/?p=111846"},"modified":"2023-08-21T20:22:33","modified_gmt":"2023-08-21T20:22:33","slug":"maciej-malenczuk-w-klubie-politechnik","status":"publish","type":"post","link":"https:\/\/gazetaregionalna.com\/?p=111846","title":{"rendered":"Maciej Male\u0144czuk wyst\u0105pi w cz\u0119stochowskim Klubie Politechnik. Sprzeda\u017c bilet\u00f3w ju\u017c trwa!"},"content":{"rendered":"\n<h2 class=\"wp-block-heading\">Maciej Male\u0144czuk wraca na cz\u0119stochowsk\u0105 scen\u0119. Tym razem wyst\u0105pi w Akademickim Centrum Kultury (Klubie Politechnik). Koncert zaplanowano na wtorek, 24 pa\u017adziernika. Zaprasza Studio Super. Sprzeda\u017c bilet\u00f3w ju\u017c trwa!<\/h2>\n\n\n\n<p>Male\u0144czuk + \u201eRhythm section\u201d to recital, kt\u00f3ry jest retrospekcj\u0105 dotychczasowych dokona\u0144 Artysty uzupe\u0142niony sekcj\u0105 rytmiczn\u0105. Sk\u0142ada si\u0119 z zestawu pie\u015bni zar\u00f3wno ulicznych jak i p\u00f3\u017aniejszych dokona\u0144 Macieja Male\u0144czuka, kt\u00f3re zyska\u0142y mu olbrzymi\u0105 sympati\u0119 i popularno\u015b\u0107 w\u015br\u00f3d wyrobionej cz\u0119\u015bci publiczno\u015bci. Bliski bezpo\u015bredni kontakt z widowni\u0105, szczery, niezak\u0142\u00f3cony przekaz tekstu &#8211; po prostu Male\u0144czuk w czystej postaci. TEN, o kt\u00f3rym si\u0119 m\u00f3wi nie do podrobienia, naturalny, dowcipny, czasem brutalny &#8211; bo takie jest \u017cycie! <\/p>\n\n\n\n<p>Nie zabraknie wi\u0119c pie\u015bni: &#8222;Ostatnia Nocka&#8221;, &#8222;Tango Libido&#8221;, &#8222;S\u0142ugi za szlugi&#8221;, &#8222;Synu&#8221; czy &#8222;Dawna Dziewczyno&#8221;. S\u0142ynny ju\u017c Male\u0144czuk &#8222;Koncert Solo&#8221; z kolegami z sekcji rytmicznej to najnowsza wersja show, aby urozmaici\u0107 i podzieli\u0107 si\u0119 przestrzeni\u0105 na scenie. Do tego oryginalny styl gry na gitarze i nieska\u017cona niczym &#8222;Wolno\u015b\u0107 S\u0142owa&#8221;.<\/p>\n\n\n\n<p>To wszystko ju\u017c 24 pa\u017adziernika. Miejscem wydarzenia b\u0119dzie Akademickie Centrum Kultury (Klub Politechnik) przy al. Armii Krajowej 23\/25.<br>Otwarcie bram zaplanowano na godz. 19, a koncert rozpocznie si\u0119 o godz. 20. Zaprasza <a href=\"https:\/\/www.facebook.com\/studiosuperkrk\" target=\"_blank\" rel=\"noopener\">Studio Super<\/a>.<\/p>\n\n\n\n<p><br>Bilety: <br><a href=\"https:\/\/stage24.pl\/events\/malenczuk-rhythm-section-sala-akademickiego-centrum-kultury-1402?fbclid=IwAR0SDVCtwWF6Ia5aHY2DuP1MCveBEuNCAaZ7KzkT0YNK4WSoqycQuHTq-Dw\" rel=\"noreferrer noopener\" target=\"_blank\">https:\/\/stage24.pl\/&#8230;\/malenczuk-rhythm-section-sala&#8230;<\/a><br><a href=\"https:\/\/www.biletomat.pl\/bilety\/malenczuk-rhythm-section-czestochowa-14227?fbclid=IwAR1G1vgilV6RWgPYUGEtonkFxOtuefF9o5GD8nFAUwZZTTOB4vCK-Iz4vLw\" rel=\"noreferrer noopener\" target=\"_blank\">https:\/\/www.biletomat.pl\/&#8230;\/malenczuk-rhythm-section&#8230;<\/a><\/p>\n\n\n\n<p><strong>red., mat. organizatora<\/strong><\/p>\n","protected":false},"excerpt":{"rendered":"<p>Maciej Male\u0144czuk wraca na cz\u0119stochowsk\u0105 scen\u0119. Tym razem wyst\u0105pi w Akademickim Centrum Kultury (Klubie Politechnik). Koncert zaplanowano na wtorek, 24 pa\u017adziernika. Zaprasza Studio Super.<\/p>\n","protected":false},"author":11,"featured_media":111864,"comment_status":"closed","ping_status":"open","sticky":false,"template":"","format":"standard","meta":{"_monsterinsights_skip_tracking":false,"_monsterinsights_sitenote_active":false,"_monsterinsights_sitenote_note":"","_monsterinsights_sitenote_category":0,"_uf_show_specific_survey":0,"_uf_disable_surveys":false,"footnotes":""},"categories":[12,3,2],"tags":[],"class_list":["post-111846","post","type-post","status-publish","format-standard","has-post-thumbnail","hentry","category-kultura-i-rozrywka","category-czestochowa-informacje","category-wiadomosci"],"_links":{"self":[{"href":"https:\/\/gazetaregionalna.com\/index.php?rest_route=\/wp\/v2\/posts\/111846","targetHints":{"allow":["GET"]}}],"collection":[{"href":"https:\/\/gazetaregionalna.com\/index.php?rest_route=\/wp\/v2\/posts"}],"about":[{"href":"https:\/\/gazetaregionalna.com\/index.php?rest_route=\/wp\/v2\/types\/post"}],"author":[{"embeddable":true,"href":"https:\/\/gazetaregionalna.com\/index.php?rest_route=\/wp\/v2\/users\/11"}],"replies":[{"embeddable":true,"href":"https:\/\/gazetaregionalna.com\/index.php?rest_route=%2Fwp%2Fv2%2Fcomments&post=111846"}],"version-history":[{"count":2,"href":"https:\/\/gazetaregionalna.com\/index.php?rest_route=\/wp\/v2\/posts\/111846\/revisions"}],"predecessor-version":[{"id":111865,"href":"https:\/\/gazetaregionalna.com\/index.php?rest_route=\/wp\/v2\/posts\/111846\/revisions\/111865"}],"wp:featuredmedia":[{"embeddable":true,"href":"https:\/\/gazetaregionalna.com\/index.php?rest_route=\/wp\/v2\/media\/111864"}],"wp:attachment":[{"href":"https:\/\/gazetaregionalna.com\/index.php?rest_route=%2Fwp%2Fv2%2Fmedia&parent=111846"}],"wp:term":[{"taxonomy":"category","embeddable":true,"href":"https:\/\/gazetaregionalna.com\/index.php?rest_route=%2Fwp%2Fv2%2Fcategories&post=111846"},{"taxonomy":"post_tag","embeddable":true,"href":"https:\/\/gazetaregionalna.com\/index.php?rest_route=%2Fwp%2Fv2%2Ftags&post=111846"}],"curies":[{"name":"wp","href":"https:\/\/api.w.org\/{rel}","templated":true}]}}