{"id":111407,"date":"2023-08-12T08:13:40","date_gmt":"2023-08-12T08:13:40","guid":{"rendered":"https:\/\/gazetaregionalna.com\/?p=111407"},"modified":"2023-08-12T08:13:41","modified_gmt":"2023-08-12T08:13:41","slug":"tauron-wlokniarz-rozpoczyna-play-off-w-gorzowie-ze-stala","status":"publish","type":"post","link":"https:\/\/gazetaregionalna.com\/?p=111407","title":{"rendered":"Tauron W\u0142\u00f3kniarz rozpoczyna play-off w Gorzowie ze Stal\u0105"},"content":{"rendered":"\n<p>\u017bu\u017clowcy Tauron W\u0142\u00f3kniarz Cz\u0119stochowa rozpoczynaj\u0105 walk\u0119 w play-off. Cz\u0119stochowianie zaj\u0119li po rundzie zasadniczej 4. miejsce i o awans do p\u00f3\u0142fina\u0142u PGE Ekstraligi rywalizowa\u0107 b\u0119d\u0105 z 3. Stal\u0105 Gorz\u00f3w. Pierwszy mecz ju\u017c w niedziel\u0119 w Gorzowie, a rewan\u017c 20 sierpnia w Cz\u0119stochowie.<\/p>\n\n\n\n<p>Do rywalizacji w play-off w tym sezonie PGE Ekstralig przyst\u0105pi a\u017c 6 dru\u017cyn. 1. pojedzie z 6., 2. z 5., a 3. z 4. Gospodarzem pierwszego meczu jest zesp\u00f3\u0142 ni\u017cej sklasyfikowany, a organizatorem rewan\u017cu b\u0119dzie zesp\u00f3\u0142 wy\u017cej sklasyfikowany. Wyj\u0105tkiem b\u0119dzie mecz Stali Gorz\u00f3w. Zesp\u00f3\u0142 ten 19 sierpnia b\u0119dzie gospodarzem IME U19 i wiadomo by\u0142o, \u017ce je\u015bli zajmie 3. miejsce w PGE Ekstralidze to wyj\u0105tkowo pierwszy mecz rozegra 13 sierpnia u siebie&#8230;<\/p>\n\n\n\n<p>Dru\u017cyna trenera Lecha K\u0119dziory rund\u0119 zasadnicz\u0105 zako\u0144czy\u0142a na 4. pozycji. To zdecydowanie poni\u017cej oczekiwa\u0144, bo kibice \u201eLw\u00f3w\u201d liczyli na wi\u0119cej. Cz\u0119stochowscy \u017cu\u017clowcy w 14 meczach odnie\u015bli 6 zwyci\u0119stw, 3 mecze zremisowali i doznali 5 pora\u017cek. Szczeg\u00f3lnie \u201ebol\u0105\u201d dwa remisy z przedostatnim GKM-em Grudzi\u0105dz.<\/p>\n\n\n\n<p>Do p\u00f3\u0142fina\u0142\u00f3w PGE Ekstraligi awansuj\u0105 zwyci\u0119zcy z \u0107wier\u0107fina\u0142owych par: Betard Sparta Wroc\u0142aw \u2013 Fogo Unia Leszno, Motor Lublin \u2013 Apator Toru\u0144 i Stal Gorz\u00f3w \u2013 Tauron W\u0142\u00f3kniarz Cz\u0119stochowa. Stawk\u0119 p\u00f3\u0142finalist\u00f3w uzupe\u0142ni przegrany, kt\u00f3ry b\u0119dzie mia\u0142 najlepszy bilans punkt\u00f3w lub ma\u0142ych punkcik\u00f3w&#8230; Niedzielny mecz w Gorzowie zaplanowany jest o godz. 16:30, natomiast wszystkie rewan\u017ce 20 sierpnia maj\u0105 rozpocz\u0105\u0107 si\u0119 dok\u0142adnie o godz. 19:15.<\/p>\n\n\n\n<p>Cz\u0119stochowianie mog\u0105 si\u0119 czu\u0107 jednak jako zesp\u00f3\u0142 wy\u017cej notowany, bo przez zawirowania organizacyjne Stali rewan\u017cowe spotkanie odb\u0119dzie si\u0119 w Cz\u0119stochowie, mimo i\u017c Tauron W\u0142\u00f3kniarz zaj\u0105\u0142 ni\u017csze miejsce na koniec rundy zasadniczej w PGE Ekstralidze.<\/p>\n\n\n\n<p>MR-K, AK, fot: AK<\/p>\n\n\n\n<p>Awizowane sk\u0142ady <\/p>\n\n\n\n<p><strong>TAURON W\u0142\u00f3kniarz Cz\u0119stochowa<\/strong><br><strong>1.&nbsp;<\/strong>Leon Madsen<br><strong>2.&nbsp;<\/strong>Jakub Mi\u015bkowiak<br><strong>3.<\/strong>&nbsp;Kacper Woryna<br><strong>4.<\/strong>&nbsp;Maksym Drabik<br><strong>5.<\/strong>&nbsp;Mikkel Michelsen<br><strong>6.<\/strong>&nbsp;Kajetan Kupiec<br><strong>7.<\/strong>&nbsp;Kacper Halkiewicz<\/p>\n\n\n\n<p><strong>EBUT.PL Stal Gorz\u00f3w<br>9.\u00a0<\/strong>Szymon Wo\u017aniak<br><strong>10.\u00a0<\/strong>Oskar Fajfer<br><strong>11.\u00a0<\/strong>Martin Vaculik<br><strong>12.\u00a0<\/strong>Wiktor Jasi\u0144ski<br><strong>13.\u00a0<\/strong>Anders Thomsen<br><strong>14.\u00a0<\/strong>Oskar Paluch<br><strong>15.\u00a0<\/strong>Jakub Stojanowski<\/p>\n\n\n\n<figure class=\"wp-block-image size-large\"><img decoding=\"async\" width=\"1024\" height=\"683\" data-src=\"https:\/\/gazetaregionalna.com\/wp-content\/uploads\/2023\/04\/Wlokniarz-Stal-00-2-1024x683.jpg\" alt=\"\" class=\"wp-image-105009 lazyload\" data-srcset=\"https:\/\/gazetaregionalna.com\/wp-content\/uploads\/2023\/04\/Wlokniarz-Stal-00-2-1024x683.jpg 1024w, https:\/\/gazetaregionalna.com\/wp-content\/uploads\/2023\/04\/Wlokniarz-Stal-00-2-300x200.jpg 300w, https:\/\/gazetaregionalna.com\/wp-content\/uploads\/2023\/04\/Wlokniarz-Stal-00-2-768x512.jpg 768w, https:\/\/gazetaregionalna.com\/wp-content\/uploads\/2023\/04\/Wlokniarz-Stal-00-2-1536x1024.jpg 1536w, https:\/\/gazetaregionalna.com\/wp-content\/uploads\/2023\/04\/Wlokniarz-Stal-00-2-696x464.jpg 696w, https:\/\/gazetaregionalna.com\/wp-content\/uploads\/2023\/04\/Wlokniarz-Stal-00-2-1068x712.jpg 1068w, https:\/\/gazetaregionalna.com\/wp-content\/uploads\/2023\/04\/Wlokniarz-Stal-00-2-1920x1280.jpg 1920w, https:\/\/gazetaregionalna.com\/wp-content\/uploads\/2023\/04\/Wlokniarz-Stal-00-2-630x420.jpg 630w, https:\/\/gazetaregionalna.com\/wp-content\/uploads\/2023\/04\/Wlokniarz-Stal-00-2-scaled.jpg 1600w\" data-sizes=\"(max-width: 1024px) 100vw, 1024px\" src=\"data:image\/svg+xml;base64,PHN2ZyB3aWR0aD0iMSIgaGVpZ2h0PSIxIiB4bWxucz0iaHR0cDovL3d3dy53My5vcmcvMjAwMC9zdmciPjwvc3ZnPg==\" style=\"--smush-placeholder-width: 1024px; --smush-placeholder-aspect-ratio: 1024\/683;\" \/><\/figure>\n\n\n\n<figure class=\"wp-block-image size-large\"><img decoding=\"async\" width=\"300\" height=\"250\" data-src=\"https:\/\/gazetaregionalna.com\/wp-content\/uploads\/2022\/04\/DMK-3.jpg\" alt=\"\" class=\"wp-image-77211 lazyload\" src=\"data:image\/svg+xml;base64,PHN2ZyB3aWR0aD0iMSIgaGVpZ2h0PSIxIiB4bWxucz0iaHR0cDovL3d3dy53My5vcmcvMjAwMC9zdmciPjwvc3ZnPg==\" style=\"--smush-placeholder-width: 300px; --smush-placeholder-aspect-ratio: 300\/250;\"><\/figure>\n\n\n\n<figure class=\"wp-block-image size-large\"><img decoding=\"async\" width=\"1024\" height=\"683\" data-src=\"https:\/\/gazetaregionalna.com\/wp-content\/uploads\/2023\/04\/Wlokniarz-Stal-000-2-1024x683.jpg\" alt=\"\" class=\"wp-image-105008 lazyload\" data-srcset=\"https:\/\/gazetaregionalna.com\/wp-content\/uploads\/2023\/04\/Wlokniarz-Stal-000-2-1024x683.jpg 1024w, https:\/\/gazetaregionalna.com\/wp-content\/uploads\/2023\/04\/Wlokniarz-Stal-000-2-300x200.jpg 300w, https:\/\/gazetaregionalna.com\/wp-content\/uploads\/2023\/04\/Wlokniarz-Stal-000-2-768x512.jpg 768w, https:\/\/gazetaregionalna.com\/wp-content\/uploads\/2023\/04\/Wlokniarz-Stal-000-2-1536x1024.jpg 1536w, https:\/\/gazetaregionalna.com\/wp-content\/uploads\/2023\/04\/Wlokniarz-Stal-000-2-696x464.jpg 696w, https:\/\/gazetaregionalna.com\/wp-content\/uploads\/2023\/04\/Wlokniarz-Stal-000-2-1068x712.jpg 1068w, https:\/\/gazetaregionalna.com\/wp-content\/uploads\/2023\/04\/Wlokniarz-Stal-000-2-1920x1280.jpg 1920w, https:\/\/gazetaregionalna.com\/wp-content\/uploads\/2023\/04\/Wlokniarz-Stal-000-2-630x420.jpg 630w, https:\/\/gazetaregionalna.com\/wp-content\/uploads\/2023\/04\/Wlokniarz-Stal-000-2-scaled.jpg 1600w\" data-sizes=\"(max-width: 1024px) 100vw, 1024px\" src=\"data:image\/svg+xml;base64,PHN2ZyB3aWR0aD0iMSIgaGVpZ2h0PSIxIiB4bWxucz0iaHR0cDovL3d3dy53My5vcmcvMjAwMC9zdmciPjwvc3ZnPg==\" style=\"--smush-placeholder-width: 1024px; --smush-placeholder-aspect-ratio: 1024\/683;\" \/><\/figure>\n","protected":false},"excerpt":{"rendered":"<p>\u017bu\u017clowcy Tauron W\u0142\u00f3kniarz Cz\u0119stochowa rozpoczynaj\u0105 walk\u0119 w play-off. Cz\u0119stochowianie zaj\u0119li po rundzie zasadniczej 4. miejsce i o awans do p\u00f3\u0142fina\u0142u PGE Ekstraligi rywalizowa\u0107 b\u0119d\u0105<\/p>\n","protected":false},"author":15,"featured_media":105009,"comment_status":"closed","ping_status":"open","sticky":false,"template":"","format":"standard","meta":{"_monsterinsights_skip_tracking":false,"_monsterinsights_sitenote_active":false,"_monsterinsights_sitenote_note":"","_monsterinsights_sitenote_category":0,"_uf_show_specific_survey":0,"_uf_disable_surveys":false,"footnotes":""},"categories":[5,7],"tags":[],"class_list":["post-111407","post","type-post","status-publish","format-standard","has-post-thumbnail","hentry","category-sport","category-zuzel"],"_links":{"self":[{"href":"https:\/\/gazetaregionalna.com\/index.php?rest_route=\/wp\/v2\/posts\/111407","targetHints":{"allow":["GET"]}}],"collection":[{"href":"https:\/\/gazetaregionalna.com\/index.php?rest_route=\/wp\/v2\/posts"}],"about":[{"href":"https:\/\/gazetaregionalna.com\/index.php?rest_route=\/wp\/v2\/types\/post"}],"author":[{"embeddable":true,"href":"https:\/\/gazetaregionalna.com\/index.php?rest_route=\/wp\/v2\/users\/15"}],"replies":[{"embeddable":true,"href":"https:\/\/gazetaregionalna.com\/index.php?rest_route=%2Fwp%2Fv2%2Fcomments&post=111407"}],"version-history":[{"count":1,"href":"https:\/\/gazetaregionalna.com\/index.php?rest_route=\/wp\/v2\/posts\/111407\/revisions"}],"predecessor-version":[{"id":111409,"href":"https:\/\/gazetaregionalna.com\/index.php?rest_route=\/wp\/v2\/posts\/111407\/revisions\/111409"}],"wp:featuredmedia":[{"embeddable":true,"href":"https:\/\/gazetaregionalna.com\/index.php?rest_route=\/wp\/v2\/media\/105009"}],"wp:attachment":[{"href":"https:\/\/gazetaregionalna.com\/index.php?rest_route=%2Fwp%2Fv2%2Fmedia&parent=111407"}],"wp:term":[{"taxonomy":"category","embeddable":true,"href":"https:\/\/gazetaregionalna.com\/index.php?rest_route=%2Fwp%2Fv2%2Fcategories&post=111407"},{"taxonomy":"post_tag","embeddable":true,"href":"https:\/\/gazetaregionalna.com\/index.php?rest_route=%2Fwp%2Fv2%2Ftags&post=111407"}],"curies":[{"name":"wp","href":"https:\/\/api.w.org\/{rel}","templated":true}]}}