{"id":111317,"date":"2023-08-11T09:02:13","date_gmt":"2023-08-11T09:02:13","guid":{"rendered":"https:\/\/gazetaregionalna.com\/?p=111317"},"modified":"2023-08-29T10:45:22","modified_gmt":"2023-08-29T10:45:22","slug":"ciagnikow","status":"publish","type":"post","link":"https:\/\/gazetaregionalna.com\/?p=111317","title":{"rendered":"Zlot Ci\u0105gnik\u00f3w i Samor\u00f3bek Jarosz\u00f3w 2023"},"content":{"rendered":"\n<h3 class=\"wp-block-heading\"><strong>Pasjonaci ci\u0105gnik\u00f3w i samor\u00f3bek spotkaj\u0105 si\u0119 2 wrze\u015bnia na zlocie w miejscowo\u015bci Jarosz\u00f3w na terenie Gminy \u017barki. Wst\u0119p jest wolny.<\/strong><\/h3>\n\n\n\n<p>Mi\u0142o\u015bnicy traktor\u00f3w i wszelkiej ma\u015bci samor\u00f3bek b\u0119d\u0105 mieli wyj\u0105tkow\u0105 okazj\u0119 do zaprezentowania swoich pojazd\u00f3w i wymiany do\u015bwiadcze\u0144 na zlocie w Jaroszowie. Na to nietypowe wydarzenie organizatorzy zapraszaj\u0105 w sobot\u0119, 2 wrze\u015bnia. Rozpocz\u0119cie zaplanowano na godz. 15 przy \u015bwie\u00adtli\u00adcy w Ja\u00adro\u00adszo\u00adwie. Na uczestnik\u00f3w imprezy b\u0119d\u0105 czeka\u0142y liczne atrakcje. Przygotowano m.in. kon\u00adkur\u00adsy dla w\u0142a\u00ad\u015bci\u00adcie\u00adli po\u00adjaz\u00add\u00f3w, pokazy dla widz\u00f3w oraz stoiska gastronomiczne z kie\u0142\u00adba\u00ads\u0105 z gril\u00adla, cia\u00adstami, napojami, po\u00adpcornem i wat\u0105 cu\u00adkro\u00adw\u0105. &nbsp;<\/p>\n\n\n\n<figure class=\"wp-block-image size-large is-resized\"><img decoding=\"async\" data-src=\"https:\/\/gazetaregionalna.com\/wp-content\/uploads\/2023\/08\/52357887867_a70da2efd3_o-1024x683.jpg\" alt=\"\" class=\"wp-image-111323 lazyload\" width=\"528\" height=\"347\" src=\"data:image\/svg+xml;base64,PHN2ZyB3aWR0aD0iMSIgaGVpZ2h0PSIxIiB4bWxucz0iaHR0cDovL3d3dy53My5vcmcvMjAwMC9zdmciPjwvc3ZnPg==\" style=\"--smush-placeholder-width: 528px; --smush-placeholder-aspect-ratio: 528\/347;\"><\/figure>\n\n\n\n<p>Pa\u00adtro\u00adnat nad wydarzeniem obj\u0105\u0142 Bur\u00admistrz Mia\u00adsta i Gminy \u017barki Kle\u00admens Pod\u00adlej\u00adski, za\u015b za organizacj\u0119 zlotu odpowiadaj\u0105 miesz\u00adka\u0144\u00adcy Ja\u00adro\u00adszo\u00adwa, radna Rady Miej\u00adskiej Jo\u00adlan\u00adta Ci\u00adcho\u0144, so\u0142\u00adtys Ja\u00adro\u00adszo\u00adwa Marcin Bielawski i so\u0142\u00adtys Su\u00adli\u00adszo\u00adwic Da\u00adriusz Ci\u00adcho\u0144.<\/p>\n\n\n\n<p>red., fot. flickr, mat. <a href=\"https:\/\/www.facebook.com\/GminaZarki\" target=\"_blank\" rel=\"noopener\">UMiG \u017barki<\/a><\/p>\n\n\n\n<figure class=\"wp-block-image size-large is-resized\"><img decoding=\"async\" data-src=\"https:\/\/gazetaregionalna.com\/wp-content\/uploads\/2023\/08\/2023_jaroszow_ciagniki-791x1024.jpg\" alt=\"\" class=\"wp-image-112179 lazyload\" width=\"420\" height=\"544\" data-srcset=\"https:\/\/gazetaregionalna.com\/wp-content\/uploads\/2023\/08\/2023_jaroszow_ciagniki-791x1024.jpg 791w, https:\/\/gazetaregionalna.com\/wp-content\/uploads\/2023\/08\/2023_jaroszow_ciagniki-232x300.jpg 232w, https:\/\/gazetaregionalna.com\/wp-content\/uploads\/2023\/08\/2023_jaroszow_ciagniki-768x994.jpg 768w, https:\/\/gazetaregionalna.com\/wp-content\/uploads\/2023\/08\/2023_jaroszow_ciagniki-1187x1536.jpg 1187w, https:\/\/gazetaregionalna.com\/wp-content\/uploads\/2023\/08\/2023_jaroszow_ciagniki-696x901.jpg 696w, https:\/\/gazetaregionalna.com\/wp-content\/uploads\/2023\/08\/2023_jaroszow_ciagniki-1068x1383.jpg 1068w, https:\/\/gazetaregionalna.com\/wp-content\/uploads\/2023\/08\/2023_jaroszow_ciagniki-324x420.jpg 324w, https:\/\/gazetaregionalna.com\/wp-content\/uploads\/2023\/08\/2023_jaroszow_ciagniki-scaled.jpg 1236w\" data-sizes=\"(max-width: 420px) 100vw, 420px\" src=\"data:image\/svg+xml;base64,PHN2ZyB3aWR0aD0iMSIgaGVpZ2h0PSIxIiB4bWxucz0iaHR0cDovL3d3dy53My5vcmcvMjAwMC9zdmciPjwvc3ZnPg==\" style=\"--smush-placeholder-width: 420px; --smush-placeholder-aspect-ratio: 420\/544;\" \/><\/figure>\n\n\n\n<p>Czytaj tak\u017ce: <a href=\"https:\/\/gazetaregionalna.com\/gmina-zarki-2\/\">Turystyczna Gmina \u017barki zaprasza na rodzinne weekendy<\/a><\/p>\n\n\n\n<figure class=\"wp-block-image size-large is-resized\"><img decoding=\"async\" data-src=\"https:\/\/gazetaregionalna.com\/wp-content\/uploads\/2023\/08\/patrzyk1.jpg\" alt=\"\" class=\"wp-image-111311 lazyload\" width=\"527\" height=\"437\" src=\"data:image\/svg+xml;base64,PHN2ZyB3aWR0aD0iMSIgaGVpZ2h0PSIxIiB4bWxucz0iaHR0cDovL3d3dy53My5vcmcvMjAwMC9zdmciPjwvc3ZnPg==\" style=\"--smush-placeholder-width: 527px; --smush-placeholder-aspect-ratio: 527\/437;\"><figcaption><a href=\"https:\/\/www.kotly-patrzyk.pl\/\" target=\"_blank\" rel=\"noreferrer noopener\">https:\/\/www.kotly-patrzyk.pl\/<\/a><br><a href=\"https:\/\/www.kotly-patrzyk.pl\/oferta\/pompy-ciepla\/\" target=\"_blank\" rel=\"noreferrer noopener\">https:\/\/www.kotly-patrzyk.pl\/oferta\/pompy-ciepla\/<\/a><\/figcaption><\/figure>\n","protected":false},"excerpt":{"rendered":"<p>Pasjonaci ci\u0105gnik\u00f3w i samor\u00f3bek spotkaj\u0105 si\u0119 2 wrze\u015bnia na zlocie w miejscowo\u015bci Jarosz\u00f3w na terenie Gminy \u017barki. Wst\u0119p jest wolny. Mi\u0142o\u015bnicy traktor\u00f3w i wszelkiej<\/p>\n","protected":false},"author":5,"featured_media":111321,"comment_status":"closed","ping_status":"open","sticky":false,"template":"","format":"standard","meta":{"_monsterinsights_skip_tracking":false,"_monsterinsights_sitenote_active":false,"_monsterinsights_sitenote_note":"","_monsterinsights_sitenote_category":0,"_uf_show_specific_survey":0,"_uf_disable_surveys":false,"footnotes":""},"categories":[4,2],"tags":[8192,8191,8193],"class_list":["post-111317","post","type-post","status-publish","format-standard","has-post-thumbnail","hentry","category-region","category-wiadomosci","tag-samorobka","tag-traktor","tag-zlot-ciagnikow"],"_links":{"self":[{"href":"https:\/\/gazetaregionalna.com\/index.php?rest_route=\/wp\/v2\/posts\/111317","targetHints":{"allow":["GET"]}}],"collection":[{"href":"https:\/\/gazetaregionalna.com\/index.php?rest_route=\/wp\/v2\/posts"}],"about":[{"href":"https:\/\/gazetaregionalna.com\/index.php?rest_route=\/wp\/v2\/types\/post"}],"author":[{"embeddable":true,"href":"https:\/\/gazetaregionalna.com\/index.php?rest_route=\/wp\/v2\/users\/5"}],"replies":[{"embeddable":true,"href":"https:\/\/gazetaregionalna.com\/index.php?rest_route=%2Fwp%2Fv2%2Fcomments&post=111317"}],"version-history":[{"count":9,"href":"https:\/\/gazetaregionalna.com\/index.php?rest_route=\/wp\/v2\/posts\/111317\/revisions"}],"predecessor-version":[{"id":112183,"href":"https:\/\/gazetaregionalna.com\/index.php?rest_route=\/wp\/v2\/posts\/111317\/revisions\/112183"}],"wp:featuredmedia":[{"embeddable":true,"href":"https:\/\/gazetaregionalna.com\/index.php?rest_route=\/wp\/v2\/media\/111321"}],"wp:attachment":[{"href":"https:\/\/gazetaregionalna.com\/index.php?rest_route=%2Fwp%2Fv2%2Fmedia&parent=111317"}],"wp:term":[{"taxonomy":"category","embeddable":true,"href":"https:\/\/gazetaregionalna.com\/index.php?rest_route=%2Fwp%2Fv2%2Fcategories&post=111317"},{"taxonomy":"post_tag","embeddable":true,"href":"https:\/\/gazetaregionalna.com\/index.php?rest_route=%2Fwp%2Fv2%2Ftags&post=111317"}],"curies":[{"name":"wp","href":"https:\/\/api.w.org\/{rel}","templated":true}]}}