{"id":111275,"date":"2023-08-10T14:59:27","date_gmt":"2023-08-10T14:59:27","guid":{"rendered":"https:\/\/gazetaregionalna.com\/?p=111275"},"modified":"2023-08-10T14:59:36","modified_gmt":"2023-08-10T14:59:36","slug":"skra-czestochowa-znowu-gra-u-siebie","status":"publish","type":"post","link":"https:\/\/gazetaregionalna.com\/?p=111275","title":{"rendered":"Skra Cz\u0119stochowa znowu gra u siebie"},"content":{"rendered":"\n<p>W 4. kolejce spotka\u0144 2. ligi pi\u0142karze Skry Cz\u0119stochowa zmierz\u0105 si\u0119 w pi\u0105tek przy ul. Loreta\u0144skiej z Olimpi\u0105 Elbl\u0105g.<\/p>\n\n\n\n<p>Rozgrywki w 2. lidze rozkr\u0119caj\u0105 si\u0119. Pi\u0142karze w weekend rozegraj\u0105 4. kolejk\u0119 spotka\u0144. Skra w pi\u0105tek o godz. 19 podejmuje Olimpi\u0119 Elbl\u0105g.<\/p>\n\n\n\n<p>Cz\u0119stochowscy pi\u0142karze po 3 meczach maj\u0105 na koncie 6 punkt\u00f3w i zajmuj\u0105 4. miejsce. Do prowadz\u0105cej Wis\u0142y Pu\u0142awy Skra traci jeden punkt.<\/p>\n\n\n\n<p>Olimpia w dotychczasowych meczach zdoby\u0142a 4 punkty co daje jej 12. pozycj\u0119. Kibice Skry licz\u0105, \u017ce dru\u017cyna wykorzysta atut w\u0142asnego boiska i wygra trzeci mecz z rz\u0119du&#8230;<\/p>\n\n\n\n<p>Pocz\u0105tek pi\u0105tkowego spotkania zaplanowano o godz. 19. Mecz odb\u0119dzie si\u0119 bez udzia\u0142u kibic\u00f3w.<\/p>\n\n\n\n<p>AK, fot: AK<\/p>\n\n\n\n<figure class=\"wp-block-image size-large\"><img decoding=\"async\" width=\"1024\" height=\"643\" data-src=\"https:\/\/gazetaregionalna.com\/wp-content\/uploads\/2023\/07\/Skra-1-1024x643.jpg\" alt=\"\" class=\"wp-image-110589 lazyload\" data-srcset=\"https:\/\/gazetaregionalna.com\/wp-content\/uploads\/2023\/07\/Skra-1-1024x643.jpg 1024w, https:\/\/gazetaregionalna.com\/wp-content\/uploads\/2023\/07\/Skra-1-300x188.jpg 300w, https:\/\/gazetaregionalna.com\/wp-content\/uploads\/2023\/07\/Skra-1-768x482.jpg 768w, https:\/\/gazetaregionalna.com\/wp-content\/uploads\/2023\/07\/Skra-1-1536x965.jpg 1536w, https:\/\/gazetaregionalna.com\/wp-content\/uploads\/2023\/07\/Skra-1-2048x1286.jpg 2048w, https:\/\/gazetaregionalna.com\/wp-content\/uploads\/2023\/07\/Skra-1-696x437.jpg 696w, https:\/\/gazetaregionalna.com\/wp-content\/uploads\/2023\/07\/Skra-1-1068x671.jpg 1068w, https:\/\/gazetaregionalna.com\/wp-content\/uploads\/2023\/07\/Skra-1-1920x1206.jpg 1920w, https:\/\/gazetaregionalna.com\/wp-content\/uploads\/2023\/07\/Skra-1-669x420.jpg 669w, https:\/\/gazetaregionalna.com\/wp-content\/uploads\/2023\/07\/Skra-1-scaled.jpg 1600w\" data-sizes=\"(max-width: 1024px) 100vw, 1024px\" src=\"data:image\/svg+xml;base64,PHN2ZyB3aWR0aD0iMSIgaGVpZ2h0PSIxIiB4bWxucz0iaHR0cDovL3d3dy53My5vcmcvMjAwMC9zdmciPjwvc3ZnPg==\" style=\"--smush-placeholder-width: 1024px; --smush-placeholder-aspect-ratio: 1024\/643;\" \/><\/figure>\n\n\n\n<figure class=\"wp-block-image size-large\"><img decoding=\"async\" width=\"300\" height=\"250\" data-src=\"https:\/\/gazetaregionalna.com\/wp-content\/uploads\/2022\/10\/DMK11.jpg\" alt=\"\" class=\"wp-image-95727 lazyload\" src=\"data:image\/svg+xml;base64,PHN2ZyB3aWR0aD0iMSIgaGVpZ2h0PSIxIiB4bWxucz0iaHR0cDovL3d3dy53My5vcmcvMjAwMC9zdmciPjwvc3ZnPg==\" style=\"--smush-placeholder-width: 300px; --smush-placeholder-aspect-ratio: 300\/250;\"><\/figure>\n\n\n\n<figure class=\"wp-block-image size-large\"><img decoding=\"async\" width=\"1024\" height=\"683\" data-src=\"https:\/\/gazetaregionalna.com\/wp-content\/uploads\/2023\/07\/Skra-3-2-1024x683.jpg\" alt=\"\" class=\"wp-image-110591 lazyload\" data-srcset=\"https:\/\/gazetaregionalna.com\/wp-content\/uploads\/2023\/07\/Skra-3-2-1024x683.jpg 1024w, https:\/\/gazetaregionalna.com\/wp-content\/uploads\/2023\/07\/Skra-3-2-300x200.jpg 300w, https:\/\/gazetaregionalna.com\/wp-content\/uploads\/2023\/07\/Skra-3-2-768x512.jpg 768w, https:\/\/gazetaregionalna.com\/wp-content\/uploads\/2023\/07\/Skra-3-2-1536x1024.jpg 1536w, https:\/\/gazetaregionalna.com\/wp-content\/uploads\/2023\/07\/Skra-3-2-696x464.jpg 696w, https:\/\/gazetaregionalna.com\/wp-content\/uploads\/2023\/07\/Skra-3-2-1068x712.jpg 1068w, https:\/\/gazetaregionalna.com\/wp-content\/uploads\/2023\/07\/Skra-3-2-1920x1280.jpg 1920w, https:\/\/gazetaregionalna.com\/wp-content\/uploads\/2023\/07\/Skra-3-2-630x420.jpg 630w, https:\/\/gazetaregionalna.com\/wp-content\/uploads\/2023\/07\/Skra-3-2-scaled.jpg 1600w\" data-sizes=\"(max-width: 1024px) 100vw, 1024px\" src=\"data:image\/svg+xml;base64,PHN2ZyB3aWR0aD0iMSIgaGVpZ2h0PSIxIiB4bWxucz0iaHR0cDovL3d3dy53My5vcmcvMjAwMC9zdmciPjwvc3ZnPg==\" style=\"--smush-placeholder-width: 1024px; --smush-placeholder-aspect-ratio: 1024\/683;\" \/><\/figure>\n","protected":false},"excerpt":{"rendered":"<p>W 4. kolejce spotka\u0144 2. ligi pi\u0142karze Skry Cz\u0119stochowa zmierz\u0105 si\u0119 w pi\u0105tek przy ul. Loreta\u0144skiej z Olimpi\u0105 Elbl\u0105g. Rozgrywki w 2. lidze rozkr\u0119caj\u0105<\/p>\n","protected":false},"author":15,"featured_media":110589,"comment_status":"closed","ping_status":"open","sticky":false,"template":"","format":"standard","meta":{"_monsterinsights_skip_tracking":false,"_monsterinsights_sitenote_active":false,"_monsterinsights_sitenote_note":"","_monsterinsights_sitenote_category":0,"_uf_show_specific_survey":0,"_uf_disable_surveys":false,"footnotes":""},"categories":[5,6],"tags":[],"class_list":["post-111275","post","type-post","status-publish","format-standard","has-post-thumbnail","hentry","category-sport","category-pilka-nozna"],"_links":{"self":[{"href":"https:\/\/gazetaregionalna.com\/index.php?rest_route=\/wp\/v2\/posts\/111275","targetHints":{"allow":["GET"]}}],"collection":[{"href":"https:\/\/gazetaregionalna.com\/index.php?rest_route=\/wp\/v2\/posts"}],"about":[{"href":"https:\/\/gazetaregionalna.com\/index.php?rest_route=\/wp\/v2\/types\/post"}],"author":[{"embeddable":true,"href":"https:\/\/gazetaregionalna.com\/index.php?rest_route=\/wp\/v2\/users\/15"}],"replies":[{"embeddable":true,"href":"https:\/\/gazetaregionalna.com\/index.php?rest_route=%2Fwp%2Fv2%2Fcomments&post=111275"}],"version-history":[{"count":1,"href":"https:\/\/gazetaregionalna.com\/index.php?rest_route=\/wp\/v2\/posts\/111275\/revisions"}],"predecessor-version":[{"id":111276,"href":"https:\/\/gazetaregionalna.com\/index.php?rest_route=\/wp\/v2\/posts\/111275\/revisions\/111276"}],"wp:featuredmedia":[{"embeddable":true,"href":"https:\/\/gazetaregionalna.com\/index.php?rest_route=\/wp\/v2\/media\/110589"}],"wp:attachment":[{"href":"https:\/\/gazetaregionalna.com\/index.php?rest_route=%2Fwp%2Fv2%2Fmedia&parent=111275"}],"wp:term":[{"taxonomy":"category","embeddable":true,"href":"https:\/\/gazetaregionalna.com\/index.php?rest_route=%2Fwp%2Fv2%2Fcategories&post=111275"},{"taxonomy":"post_tag","embeddable":true,"href":"https:\/\/gazetaregionalna.com\/index.php?rest_route=%2Fwp%2Fv2%2Ftags&post=111275"}],"curies":[{"name":"wp","href":"https:\/\/api.w.org\/{rel}","templated":true}]}}