{"id":111261,"date":"2023-08-10T13:31:35","date_gmt":"2023-08-10T13:31:35","guid":{"rendered":"https:\/\/gazetaregionalna.com\/?p=111261"},"modified":"2023-08-11T14:03:21","modified_gmt":"2023-08-11T14:03:21","slug":"dni-trzezwosci","status":"publish","type":"post","link":"https:\/\/gazetaregionalna.com\/?p=111261","title":{"rendered":"II Cz\u0119stochowskie Dni Trze\u017awo\u015bci potrwaj\u0105 do 18 sierpnia. Masz problem, przyjd\u017a po pomoc!"},"content":{"rendered":"\n<h4 class=\"wp-block-heading\"><strong>Sierpie\u0144 to tradycyjnie miesi\u0105c po\u015bwi\u0119cony promowaniu abstynencji. Wszystkich zainteresowanych oraz potrzebuj\u0105cych pomocy<\/strong> <strong>Urz\u0105d Miasta i Miejska Komisja Rozwi\u0105zywania Problem\u00f3w Alkoholowych w Cz\u0119stochowie zaprasza od dzi\u015b do 18 sierpnia do skorzystania z bezp\u0142atnych dy\u017cur\u00f3w terapeut\u00f3w i os\u00f3b pomagaj\u0105cych rozwi\u0105zywa\u0107 problemy alkoholowe w ramach II Dni Trze\u017awo\u015bci.<\/strong><\/h4>\n\n\n\n<p>Miasto Cz\u0119stochowa, wsp\u00f3lnie z partnerami, kolejny raz podejmuje dzia\u0142ania maj\u0105ce na celu u\u015bwiadomienie i ukazanie pozytywnych aspekt\u00f3w \u017cycia w trze\u017awo\u015bci oraz przykrych skutk\u00f3w nadu\u017cywania alkoholu. Organizatorzy podkre\u015blaj\u0105, \u017ce abstynencja mo\u017ce zmniejszy\u0107 problemy natury psychicznej, negatywne stany emocjonalne, a tak\u017ce mo\u017ce by\u0107 drog\u0105 do naprawy relacji rodzinnych, kole\u017ce\u0144skich, przyjacielskich i zawodowych.<\/p>\n\n\n\n<figure class=\"wp-block-image size-large is-resized\"><img decoding=\"async\" data-src=\"https:\/\/gazetaregionalna.com\/wp-content\/uploads\/2023\/08\/2-1-1024x682.jpg\" alt=\"Dni Trze\u017awo\u015bci\" class=\"wp-image-111266 lazyload\" width=\"529\" height=\"352\" data-srcset=\"https:\/\/gazetaregionalna.com\/wp-content\/uploads\/2023\/08\/2-1-1024x682.jpg 1024w, https:\/\/gazetaregionalna.com\/wp-content\/uploads\/2023\/08\/2-1-300x200.jpg 300w, https:\/\/gazetaregionalna.com\/wp-content\/uploads\/2023\/08\/2-1-768x511.jpg 768w, https:\/\/gazetaregionalna.com\/wp-content\/uploads\/2023\/08\/2-1-696x463.jpg 696w, https:\/\/gazetaregionalna.com\/wp-content\/uploads\/2023\/08\/2-1-1068x711.jpg 1068w, https:\/\/gazetaregionalna.com\/wp-content\/uploads\/2023\/08\/2-1-631x420.jpg 631w, https:\/\/gazetaregionalna.com\/wp-content\/uploads\/2023\/08\/2-1.jpg 1277w\" data-sizes=\"(max-width: 529px) 100vw, 529px\" src=\"data:image\/svg+xml;base64,PHN2ZyB3aWR0aD0iMSIgaGVpZ2h0PSIxIiB4bWxucz0iaHR0cDovL3d3dy53My5vcmcvMjAwMC9zdmciPjwvc3ZnPg==\" style=\"--smush-placeholder-width: 529px; --smush-placeholder-aspect-ratio: 529\/352;\" \/><figcaption>II Cz\u0119stochowskie Dni Trze\u017awo\u015bci<\/figcaption><\/figure>\n\n\n\n<p>Program II Cz\u0119stochowskich Dni Trze\u017awo\u015bci obejmuje szereg inicjatyw realizowanych przez instytucje dzia\u0142aj\u0105ce w obszarze przeciwdzia\u0142ania uzale\u017cnieniom i przemocy, m.in.:<\/p>\n\n\n\n<p>Miejsk\u0105 Komisj\u0119 Rozwi\u0105zywania Problem\u00f3w Alkoholowych w Cz\u0119stochowie:<\/p>\n\n\n\n<ul class=\"wp-block-list\"><li>specjalne dy\u017cury cz\u0142onk\u00f3w MKRPA w godz. 15.30-17 dla os\u00f3b z problemem uzale\u017cnienia i przemocy oraz os\u00f3b potrzebuj\u0105cych pomocy (wskazanie mo\u017cliwo\u015bci rozwi\u0105zania problem\u00f3w),<\/li><li>informacje dotycz\u0105ce dost\u0119pnych na terenie miasta Cz\u0119stochowa form wsparcia dla os\u00f3b dotkni\u0119tych uzale\u017cnieniem i przemoc\u0105,<\/li><\/ul>\n\n\n\n<p>O\u015brodek Pomocy Osobom z Problemami Alkoholowymi w Cz\u0119stochowie:<\/p>\n\n\n\n<ul class=\"wp-block-list\"><li>rozmowy z osobami opuszczaj\u0105cymi O\u015brodek o szkodliwo\u015bci nadu\u017cywania napoj\u00f3w alkoholowych oraz motywuj\u0105ce do podj\u0119cia leczenia odwykowego,<\/li><li>porady prawne i psychologiczno-pedagogiczne,<\/li><li>praca telefonu pomocowo-informacyjny dla os\u00f3b uzale\u017cnionych i wsp\u00f3\u0142uzale\u017cnionych pod numerem 34\/366-48-00,<\/li><li>praca Punktu Konsultacyjnego dla os\u00f3b uzale\u017cnionych od alkoholu,<\/li><\/ul>\n\n\n\n<p>Miejski O\u015brodek Pomocy Spo\u0142ecznej w Cz\u0119stochowie:<\/p>\n\n\n\n<ul class=\"wp-block-list\"><li>prelekcje na temat przeciwdzia\u0142ania uzale\u017cnieniom i przemocy prowadzone przez pracownik\u00f3w, wsparcie rodzin z problemem uzale\u017cnie\u0144 i przemocy,<\/li><li>rozmowy motywuj\u0105ce do podj\u0119cia leczenia odwykowego,<\/li><li>pomoc osobom uzale\u017cnionym od alkoholu i b\u0119d\u0105cym w kryzysie bezdomno\u015bci,<\/li><\/ul>\n\n\n\n<p>Kluby\/stowarzyszenia abstynenckie:<\/p>\n\n\n\n<ul class=\"wp-block-list\"><li>akcja \u201eOtwarte drzwi\u201d,<\/li><li>wsparcie dla os\u00f3b wsp\u00f3\u0142uzale\u017cnionych,<\/li><li>pomoc terapeuty uzale\u017cnie\u0144 w wykonaniu \u201epierwszego\u201d i \u201edrugiego kroku\u201d,<\/li><li>warsztaty umiej\u0119tno\u015bci spo\u0142ecznych prowadzone przez psychologa \u2013 specjalist\u0119 terapii uzale\u017cnie\u0144 dla os\u00f3b uzale\u017cnionych od alkoholu i zagro\u017conych uzale\u017cnieniem, pij\u0105cych w spos\u00f3b szkodliwy,<\/li><\/ul>\n\n\n\n<p>Fundacja Chrze\u015bcija\u0144ska \u201eAdullam\u201d:<\/p>\n\n\n\n<ul class=\"wp-block-list\"><li>warsztaty edukacyjne z certyfikowanym terapeut\u0105 uzale\u017cnie\u0144, <\/li><li>impreza integracyjna przy grillu,<\/li><\/ul>\n\n\n\n<p>Stowarzyszenie na Rzecz Pomocy Dziecku i Rodzinie \u201eDla Rodziny\u201d&nbsp;<\/p>\n\n\n\n<ul class=\"wp-block-list\"><li>spotkanie dla rodzic\u00f3w pn. \u201eProfilaktyka i zapobieganie uzale\u017cnieniom w\u015br\u00f3d dzieci i m\u0142odzie\u017cy\u201d,<\/li><\/ul>\n\n\n\n<p>Komend\u0119 Miejsk\u0105 Policji w Cz\u0119stochowie i Komisariaty Policji:&nbsp;<\/p>\n\n\n\n<ul class=\"wp-block-list\"><li>dzia\u0142ania wspieraj\u0105ce trze\u017awo\u015b\u0107 w dzielnicach miasta,<\/li><\/ul>\n\n\n\n<p>Stra\u017c Miejsk\u0105 w Cz\u0119stochowie:<\/p>\n\n\n\n<ul class=\"wp-block-list\"><li>interwencje zwi\u0105zane ze spo\u017cywaniem alkoholu w miejscach publicznych oraz w zwi\u0105zku z niew\u0142a\u015bciwym zachowaniem os\u00f3b b\u0119d\u0105cych pod jego wp\u0142ywem.<\/li><\/ul>\n\n\n\n<h5 class=\"wp-block-heading\">II Cz\u0119stochowskie Dni Trze\u017awo\u015bci organizuj\u0105: <\/h5>\n\n\n\n<p>Wydzia\u0142 Polityki Spo\u0142ecznej Urz\u0119du Miasta Cz\u0119stochowy oraz Miejska Komisja Rozwi\u0105zywania Problem\u00f3w Alkoholowych przy wsp\u00f3\u0142udziale Miejskiego O\u015brodka Pomocy Spo\u0142ecznej, O\u015brodka Pomocy Osobom z Problemami Alkoholowymi, Stowarzyszenia Abstynenckiego \u201eP\u00f3\u0142noc\u201d, Fundacji Chrze\u015bcija\u0144skiej \u201eAdullam\u201d, Fundacji dla Rozwoju,&nbsp;Stowarzyszenia na Rzecz Pomocy Dziecku i Rodzinie \u201eDla Rodziny\u201d, Stra\u017cy Miejskiej i Komendy Miejskiej Policji.<\/p>\n\n\n\n<p>Szczeg\u00f3\u0142owe informacje na stronach organizator\u00f3w i wsp\u00f3\u0142organizator\u00f3w.<\/p>\n\n\n\n<figure class=\"wp-block-image size-large is-resized\"><img decoding=\"async\" data-src=\"https:\/\/gazetaregionalna.com\/wp-content\/uploads\/2023\/08\/68387-724x1024.jpg\" alt=\"Dni Trze\u017awo\u015bci\" class=\"wp-image-111269 lazyload\" width=\"538\" height=\"760\" data-srcset=\"https:\/\/gazetaregionalna.com\/wp-content\/uploads\/2023\/08\/68387-724x1024.jpg 724w, https:\/\/gazetaregionalna.com\/wp-content\/uploads\/2023\/08\/68387-212x300.jpg 212w, https:\/\/gazetaregionalna.com\/wp-content\/uploads\/2023\/08\/68387-768x1086.jpg 768w, https:\/\/gazetaregionalna.com\/wp-content\/uploads\/2023\/08\/68387-1086x1536.jpg 1086w, https:\/\/gazetaregionalna.com\/wp-content\/uploads\/2023\/08\/68387-1448x2048.jpg 1448w, https:\/\/gazetaregionalna.com\/wp-content\/uploads\/2023\/08\/68387-696x984.jpg 696w, https:\/\/gazetaregionalna.com\/wp-content\/uploads\/2023\/08\/68387-1068x1510.jpg 1068w, https:\/\/gazetaregionalna.com\/wp-content\/uploads\/2023\/08\/68387-1920x2715.jpg 1920w, https:\/\/gazetaregionalna.com\/wp-content\/uploads\/2023\/08\/68387-297x420.jpg 297w, https:\/\/gazetaregionalna.com\/wp-content\/uploads\/2023\/08\/68387-scaled.jpg 1131w\" data-sizes=\"(max-width: 538px) 100vw, 538px\" src=\"data:image\/svg+xml;base64,PHN2ZyB3aWR0aD0iMSIgaGVpZ2h0PSIxIiB4bWxucz0iaHR0cDovL3d3dy53My5vcmcvMjAwMC9zdmciPjwvc3ZnPg==\" style=\"--smush-placeholder-width: 538px; --smush-placeholder-aspect-ratio: 538\/760;\" \/><figcaption>II Cz\u0119stochowskie Dni Trze\u017awo\u015bci &#8211; program akcji<\/figcaption><\/figure>\n\n\n\n<p>red., mat. <a href=\"https:\/\/www.facebook.com\/czewa\" target=\"_blank\" rel=\"noopener\">UM Cz\u0119stochowy<\/a><\/p>\n\n\n\n<p>Czytaj tak\u017ce: <a href=\"https:\/\/gazetaregionalna.com\/4heroes-2\/\">Akcja krwiodawstwa 4HEROES ponownie w Cz\u0119stochowie<\/a><\/p>\n","protected":false},"excerpt":{"rendered":"<p>Sierpie\u0144 to tradycyjnie miesi\u0105c po\u015bwi\u0119cony promowaniu abstynencji. Wszystkich zainteresowanych oraz potrzebuj\u0105cych pomocy Urz\u0105d Miasta i Miejska Komisja Rozwi\u0105zywania Problem\u00f3w Alkoholowych w Cz\u0119stochowie zaprasza od<\/p>\n","protected":false},"author":5,"featured_media":111265,"comment_status":"closed","ping_status":"open","sticky":false,"template":"","format":"standard","meta":{"_monsterinsights_skip_tracking":false,"_monsterinsights_sitenote_active":false,"_monsterinsights_sitenote_note":"","_monsterinsights_sitenote_category":0,"_uf_show_specific_survey":0,"_uf_disable_surveys":false,"footnotes":""},"categories":[2,3],"tags":[8184,8185,8186,4375],"class_list":["post-111261","post","type-post","status-publish","format-standard","has-post-thumbnail","hentry","category-wiadomosci","category-czestochowa-informacje","tag-abstynencja","tag-alkoholizm","tag-nalog","tag-uzywki"],"_links":{"self":[{"href":"https:\/\/gazetaregionalna.com\/index.php?rest_route=\/wp\/v2\/posts\/111261","targetHints":{"allow":["GET"]}}],"collection":[{"href":"https:\/\/gazetaregionalna.com\/index.php?rest_route=\/wp\/v2\/posts"}],"about":[{"href":"https:\/\/gazetaregionalna.com\/index.php?rest_route=\/wp\/v2\/types\/post"}],"author":[{"embeddable":true,"href":"https:\/\/gazetaregionalna.com\/index.php?rest_route=\/wp\/v2\/users\/5"}],"replies":[{"embeddable":true,"href":"https:\/\/gazetaregionalna.com\/index.php?rest_route=%2Fwp%2Fv2%2Fcomments&post=111261"}],"version-history":[{"count":8,"href":"https:\/\/gazetaregionalna.com\/index.php?rest_route=\/wp\/v2\/posts\/111261\/revisions"}],"predecessor-version":[{"id":111372,"href":"https:\/\/gazetaregionalna.com\/index.php?rest_route=\/wp\/v2\/posts\/111261\/revisions\/111372"}],"wp:featuredmedia":[{"embeddable":true,"href":"https:\/\/gazetaregionalna.com\/index.php?rest_route=\/wp\/v2\/media\/111265"}],"wp:attachment":[{"href":"https:\/\/gazetaregionalna.com\/index.php?rest_route=%2Fwp%2Fv2%2Fmedia&parent=111261"}],"wp:term":[{"taxonomy":"category","embeddable":true,"href":"https:\/\/gazetaregionalna.com\/index.php?rest_route=%2Fwp%2Fv2%2Fcategories&post=111261"},{"taxonomy":"post_tag","embeddable":true,"href":"https:\/\/gazetaregionalna.com\/index.php?rest_route=%2Fwp%2Fv2%2Ftags&post=111261"}],"curies":[{"name":"wp","href":"https:\/\/api.w.org\/{rel}","templated":true}]}}