{"id":110843,"date":"2023-08-02T13:08:38","date_gmt":"2023-08-02T13:08:38","guid":{"rendered":"https:\/\/gazetaregionalna.com\/?p=110843"},"modified":"2023-08-02T13:08:40","modified_gmt":"2023-08-02T13:08:40","slug":"srodki","status":"publish","type":"post","link":"https:\/\/gazetaregionalna.com\/?p=110843","title":{"rendered":"Cz\u0119stochowski magistrat ubiega si\u0119 o milionowe \u015brodki z Programu Inwestycji Strategicznych"},"content":{"rendered":"\n<h4 class=\"wp-block-heading\"><strong>Samorz\u0105dy mog\u0105 stara\u0107 si\u0119 o dotacje z program\u00f3w rz\u0105dowych w ramach Funduszu Polski \u0141ad. Cz\u0119stochowa wnioskuje o \u015brodki z kolejnej edycji rz\u0105dowego Programu Inwestycji Strategicznych na sfinansowanie projekt\u00f3w: przebudowy odcinka alei Pokoju, modernizacji stadionu lekkoatletycznego oraz nowych pracowni gastronomicznych.<\/strong><\/h4>\n\n\n\n<p><br>&#8211; Wybrali\u015bmy projekty s\u0142u\u017c\u0105ce lepszej komunikacji, rozwojowi lokalnej gospodarki, sportu oraz edukacji zawodowej \u2013 m\u00f3wi prezydent Cz\u0119stochowy Krzysztof Matyjaszczyk. &#8211; Chcemy dalej modernizowa\u0107 miasto, w tym tak\u017ce kolejne plac\u00f3wki o\u015bwiatowe i obiekty s\u0142u\u017c\u0105ce aktywno\u015bci ruchowej. Ze stadionu lekkoatletycznego korzystaj\u0105 m\u0142odzi sportowcy, ale tak\u017ce wiele os\u00f3b biegaj\u0105cych i trenuj\u0105cych amatorsko, dlatego zamierzamy poprawi\u0107 jego standard.<br><br>Projekt drogowy zosta\u0142 z\u0142o\u017cony do programu inwestycji strategicznych, kt\u00f3ry ma sprzyja\u0107 rozwojowi stref przemys\u0142owych. Inwestycja ma obj\u0105\u0107 przebudow\u0119 odcinka alei Pokoju (od ronda Reagana do ronda Szwejkowskiego) d\u0142ugo\u015bci ok. 1 km\u00a0wraz z modernizacj\u0105 wiaduktu nad torami kolejowymi. Projekt pozwoli na lepsze skomunikowanie teren\u00f3w przemys\u0142owych, w tym grunt\u00f3w Katowickiej Specjalnej Strefy Ekonomicznej (obszary Kusi\u0119cka i Korfantego) z drogami krajowymi DK-91, DK-43 i DK-46. Szacowany koszt inwestycji to 40 mln z\u0142. Miasto wnioskuje o 39,2 mln z\u0142, poniewa\u017c wk\u0142ad w\u0142asny miasta ma wynie\u015b\u0107 minimum 2%.<\/p>\n\n\n\n<figure class=\"wp-block-image size-large is-resized\"><img decoding=\"async\" data-src=\"https:\/\/gazetaregionalna.com\/wp-content\/uploads\/2023\/08\/aleja_pokoju.png\" alt=\"\u015brodki\" class=\"wp-image-110848 lazyload\" width=\"533\" height=\"309\" src=\"data:image\/svg+xml;base64,PHN2ZyB3aWR0aD0iMSIgaGVpZ2h0PSIxIiB4bWxucz0iaHR0cDovL3d3dy53My5vcmcvMjAwMC9zdmciPjwvc3ZnPg==\" style=\"--smush-placeholder-width: 533px; --smush-placeholder-aspect-ratio: 533\/309;\" \/><\/figure>\n\n\n\n<p>Drugi ze z\u0142o\u017conych projekt\u00f3w jest szans\u0105 na popraw\u0119 infrastruktury sportowo-rekreacyjnej. Dzi\u0119ki niemu ma zosta\u0107 zmodernizowany Miejski Stadion Lekkoatletyczny przy ul. D\u0105browskiego, a dodatkowo mog\u0105 powsta\u0107 czterotorowe bie\u017cnie z nawierzchni tartanowej w trzech innych lokalizacjach na terenie Cz\u0119stochowy.<br>Zakres modernizacji istniej\u0105cego obiektu lekkoatletycznego obejmuje m.in. wymian\u0119 ca\u0142ej nawierzchni tartanowej wraz ze strefami bezpiecze\u0144stwa (powierzchnia ok. 6,8 tys. m2), wykonanie linii zgodnie z wymogami Polskiego Zwi\u0105zku Lekkiej Atletyki, wymian\u0119 kraw\u0119\u017cnika przy torze oraz systemu odwodnienia bie\u017cni. Zmiany s\u0105 niezb\u0119dne dla organizacji certyfikowanych zawod\u00f3w lekkoatletycznych, a tak\u017ce poprawy warunk\u00f3w treningu dla lekkoatlet\u00f3w oraz sportowc\u00f3w-amator\u00f3w. Szacunkowy koszt inwestycji to 7,5 mln z\u0142, z czego wnioskowane dofinansowanie to 7,35 mln z\u0142. Miasto skieruje pro\u015bb\u0119\u00a0 o wsparcie z\u0142o\u017conego w poniedzia\u0142ek wniosku do Polskiego Zwi\u0105zku Lekkiej Atletyki.<\/p>\n\n\n\n<figure class=\"wp-block-gallery columns-3 is-cropped wp-block-gallery-1 is-layout-flex wp-block-gallery-is-layout-flex\"><ul class=\"blocks-gallery-grid\"><li class=\"blocks-gallery-item\"><figure><a href=\"https:\/\/gazetaregionalna.com\/wp-content\/uploads\/2023\/08\/68247-1-scaled.jpg\"><img decoding=\"async\" width=\"1024\" height=\"683\" data-src=\"https:\/\/gazetaregionalna.com\/wp-content\/uploads\/2023\/08\/68247-1-1024x683.jpg\" alt=\"\" data-id=\"110852\" data-full-url=\"https:\/\/gazetaregionalna.com\/wp-content\/uploads\/2023\/08\/68247-1-scaled.jpg\" data-link=\"https:\/\/gazetaregionalna.com\/?attachment_id=110852\" class=\"wp-image-110852 lazyload\" data-srcset=\"https:\/\/gazetaregionalna.com\/wp-content\/uploads\/2023\/08\/68247-1-1024x683.jpg 1024w, https:\/\/gazetaregionalna.com\/wp-content\/uploads\/2023\/08\/68247-1-300x200.jpg 300w, https:\/\/gazetaregionalna.com\/wp-content\/uploads\/2023\/08\/68247-1-768x512.jpg 768w, https:\/\/gazetaregionalna.com\/wp-content\/uploads\/2023\/08\/68247-1-1536x1024.jpg 1536w, https:\/\/gazetaregionalna.com\/wp-content\/uploads\/2023\/08\/68247-1-2048x1365.jpg 2048w, https:\/\/gazetaregionalna.com\/wp-content\/uploads\/2023\/08\/68247-1-696x464.jpg 696w, https:\/\/gazetaregionalna.com\/wp-content\/uploads\/2023\/08\/68247-1-1068x712.jpg 1068w, https:\/\/gazetaregionalna.com\/wp-content\/uploads\/2023\/08\/68247-1-1920x1280.jpg 1920w, https:\/\/gazetaregionalna.com\/wp-content\/uploads\/2023\/08\/68247-1-630x420.jpg 630w, https:\/\/gazetaregionalna.com\/wp-content\/uploads\/2023\/08\/68247-1-scaled.jpg 1600w\" data-sizes=\"(max-width: 1024px) 100vw, 1024px\" src=\"data:image\/svg+xml;base64,PHN2ZyB3aWR0aD0iMSIgaGVpZ2h0PSIxIiB4bWxucz0iaHR0cDovL3d3dy53My5vcmcvMjAwMC9zdmciPjwvc3ZnPg==\" style=\"--smush-placeholder-width: 1024px; --smush-placeholder-aspect-ratio: 1024\/683;\" \/><\/a><\/figure><\/li><li class=\"blocks-gallery-item\"><figure><a href=\"https:\/\/gazetaregionalna.com\/wp-content\/uploads\/2023\/08\/68249-1.jpg\"><img decoding=\"async\" width=\"922\" height=\"586\" data-src=\"https:\/\/gazetaregionalna.com\/wp-content\/uploads\/2023\/08\/68249-1.jpg\" alt=\"\" data-id=\"110853\" data-full-url=\"https:\/\/gazetaregionalna.com\/wp-content\/uploads\/2023\/08\/68249-1.jpg\" data-link=\"https:\/\/gazetaregionalna.com\/?attachment_id=110853\" class=\"wp-image-110853 lazyload\" data-srcset=\"https:\/\/gazetaregionalna.com\/wp-content\/uploads\/2023\/08\/68249-1.jpg 922w, https:\/\/gazetaregionalna.com\/wp-content\/uploads\/2023\/08\/68249-1-300x191.jpg 300w, https:\/\/gazetaregionalna.com\/wp-content\/uploads\/2023\/08\/68249-1-768x488.jpg 768w, https:\/\/gazetaregionalna.com\/wp-content\/uploads\/2023\/08\/68249-1-696x442.jpg 696w, https:\/\/gazetaregionalna.com\/wp-content\/uploads\/2023\/08\/68249-1-661x420.jpg 661w\" data-sizes=\"(max-width: 922px) 100vw, 922px\" src=\"data:image\/svg+xml;base64,PHN2ZyB3aWR0aD0iMSIgaGVpZ2h0PSIxIiB4bWxucz0iaHR0cDovL3d3dy53My5vcmcvMjAwMC9zdmciPjwvc3ZnPg==\" style=\"--smush-placeholder-width: 922px; --smush-placeholder-aspect-ratio: 922\/586;\" \/><\/a><\/figure><\/li><li class=\"blocks-gallery-item\"><figure><a href=\"https:\/\/gazetaregionalna.com\/wp-content\/uploads\/2023\/08\/68253-1-scaled.jpg\"><img decoding=\"async\" width=\"1024\" height=\"683\" data-src=\"https:\/\/gazetaregionalna.com\/wp-content\/uploads\/2023\/08\/68253-1-1024x683.jpg\" alt=\"\" data-id=\"110854\" data-full-url=\"https:\/\/gazetaregionalna.com\/wp-content\/uploads\/2023\/08\/68253-1-scaled.jpg\" data-link=\"https:\/\/gazetaregionalna.com\/?attachment_id=110854\" class=\"wp-image-110854 lazyload\" data-srcset=\"https:\/\/gazetaregionalna.com\/wp-content\/uploads\/2023\/08\/68253-1-1024x683.jpg 1024w, https:\/\/gazetaregionalna.com\/wp-content\/uploads\/2023\/08\/68253-1-300x200.jpg 300w, https:\/\/gazetaregionalna.com\/wp-content\/uploads\/2023\/08\/68253-1-768x512.jpg 768w, https:\/\/gazetaregionalna.com\/wp-content\/uploads\/2023\/08\/68253-1-1536x1024.jpg 1536w, https:\/\/gazetaregionalna.com\/wp-content\/uploads\/2023\/08\/68253-1-2048x1365.jpg 2048w, https:\/\/gazetaregionalna.com\/wp-content\/uploads\/2023\/08\/68253-1-696x464.jpg 696w, https:\/\/gazetaregionalna.com\/wp-content\/uploads\/2023\/08\/68253-1-1068x712.jpg 1068w, https:\/\/gazetaregionalna.com\/wp-content\/uploads\/2023\/08\/68253-1-1920x1280.jpg 1920w, https:\/\/gazetaregionalna.com\/wp-content\/uploads\/2023\/08\/68253-1-630x420.jpg 630w, https:\/\/gazetaregionalna.com\/wp-content\/uploads\/2023\/08\/68253-1-scaled.jpg 1600w\" data-sizes=\"(max-width: 1024px) 100vw, 1024px\" src=\"data:image\/svg+xml;base64,PHN2ZyB3aWR0aD0iMSIgaGVpZ2h0PSIxIiB4bWxucz0iaHR0cDovL3d3dy53My5vcmcvMjAwMC9zdmciPjwvc3ZnPg==\" style=\"--smush-placeholder-width: 1024px; --smush-placeholder-aspect-ratio: 1024\/683;\" \/><\/a><\/figure><\/li><\/ul><figcaption class=\"blocks-gallery-caption\">Fot. \u0141ukasz Stacherczak &#8211; Stadion lekkoatletyczny MOSiR<\/figcaption><\/figure>\n\n\n\n<p>Z kolei 1,5 mln z\u0142 to planowany koszt przebudowy budynku na potrzeby pracowni gastronomicznych dla Zespo\u0142u Szk\u00f3\u0142 Gastronomicznych w Cz\u0119stochowie. W ramach inwestycji w nieu\u017cytkowanym obecnie budynku maj\u0105 powsta\u0107 pracownie praktycznej nauki zawodu. W projekcie jest m.in. wymiana posadzek, okien i drzwi, wykonanie instalacji wodno-kanalizacyjnej, centralnego ogrzewania, podwieszanych sufit\u00f3w i nowego o\u015bwietlenie wraz z instalacjami elektrycznymi. Zaplanowano docieplenie stropodachu oraz zakupienie wyposa\u017cenia pracowni. Tu tak\u017ce miasto aplikuje o 98% przewidywanych koszt\u00f3w inwestycji (1,47 mln z\u0142).<\/p>\n\n\n\n<figure class=\"wp-block-gallery columns-2 is-cropped wp-block-gallery-2 is-layout-flex wp-block-gallery-is-layout-flex\"><ul class=\"blocks-gallery-grid\"><li class=\"blocks-gallery-item\"><figure><a href=\"https:\/\/gazetaregionalna.com\/wp-content\/uploads\/2023\/08\/68250-scaled.jpg\"><img decoding=\"async\" width=\"1024\" height=\"768\" data-src=\"https:\/\/gazetaregionalna.com\/wp-content\/uploads\/2023\/08\/68250-1024x768.jpg\" alt=\"\" data-id=\"110855\" data-full-url=\"https:\/\/gazetaregionalna.com\/wp-content\/uploads\/2023\/08\/68250-scaled.jpg\" data-link=\"https:\/\/gazetaregionalna.com\/?attachment_id=110855\" class=\"wp-image-110855 lazyload\" data-srcset=\"https:\/\/gazetaregionalna.com\/wp-content\/uploads\/2023\/08\/68250-1024x768.jpg 1024w, https:\/\/gazetaregionalna.com\/wp-content\/uploads\/2023\/08\/68250-300x225.jpg 300w, https:\/\/gazetaregionalna.com\/wp-content\/uploads\/2023\/08\/68250-768x576.jpg 768w, https:\/\/gazetaregionalna.com\/wp-content\/uploads\/2023\/08\/68250-1536x1152.jpg 1536w, https:\/\/gazetaregionalna.com\/wp-content\/uploads\/2023\/08\/68250-2048x1536.jpg 2048w, https:\/\/gazetaregionalna.com\/wp-content\/uploads\/2023\/08\/68250-696x522.jpg 696w, https:\/\/gazetaregionalna.com\/wp-content\/uploads\/2023\/08\/68250-1068x801.jpg 1068w, https:\/\/gazetaregionalna.com\/wp-content\/uploads\/2023\/08\/68250-1920x1440.jpg 1920w, https:\/\/gazetaregionalna.com\/wp-content\/uploads\/2023\/08\/68250-560x420.jpg 560w, https:\/\/gazetaregionalna.com\/wp-content\/uploads\/2023\/08\/68250-80x60.jpg 80w, https:\/\/gazetaregionalna.com\/wp-content\/uploads\/2023\/08\/68250-265x198.jpg 265w, https:\/\/gazetaregionalna.com\/wp-content\/uploads\/2023\/08\/68250-scaled.jpg 1600w\" data-sizes=\"(max-width: 1024px) 100vw, 1024px\" src=\"data:image\/svg+xml;base64,PHN2ZyB3aWR0aD0iMSIgaGVpZ2h0PSIxIiB4bWxucz0iaHR0cDovL3d3dy53My5vcmcvMjAwMC9zdmciPjwvc3ZnPg==\" style=\"--smush-placeholder-width: 1024px; --smush-placeholder-aspect-ratio: 1024\/768;\" \/><\/a><\/figure><\/li><li class=\"blocks-gallery-item\"><figure><a href=\"https:\/\/gazetaregionalna.com\/wp-content\/uploads\/2023\/08\/68251-scaled.jpg\"><img decoding=\"async\" width=\"1024\" height=\"716\" data-src=\"https:\/\/gazetaregionalna.com\/wp-content\/uploads\/2023\/08\/68251-1024x716.jpg\" alt=\"\" data-id=\"110856\" data-full-url=\"https:\/\/gazetaregionalna.com\/wp-content\/uploads\/2023\/08\/68251-scaled.jpg\" data-link=\"https:\/\/gazetaregionalna.com\/?attachment_id=110856\" class=\"wp-image-110856 lazyload\" data-srcset=\"https:\/\/gazetaregionalna.com\/wp-content\/uploads\/2023\/08\/68251-1024x716.jpg 1024w, https:\/\/gazetaregionalna.com\/wp-content\/uploads\/2023\/08\/68251-300x210.jpg 300w, https:\/\/gazetaregionalna.com\/wp-content\/uploads\/2023\/08\/68251-768x537.jpg 768w, https:\/\/gazetaregionalna.com\/wp-content\/uploads\/2023\/08\/68251-1536x1074.jpg 1536w, https:\/\/gazetaregionalna.com\/wp-content\/uploads\/2023\/08\/68251-2048x1432.jpg 2048w, https:\/\/gazetaregionalna.com\/wp-content\/uploads\/2023\/08\/68251-696x487.jpg 696w, https:\/\/gazetaregionalna.com\/wp-content\/uploads\/2023\/08\/68251-1068x747.jpg 1068w, https:\/\/gazetaregionalna.com\/wp-content\/uploads\/2023\/08\/68251-1920x1343.jpg 1920w, https:\/\/gazetaregionalna.com\/wp-content\/uploads\/2023\/08\/68251-601x420.jpg 601w, https:\/\/gazetaregionalna.com\/wp-content\/uploads\/2023\/08\/68251-100x70.jpg 100w, https:\/\/gazetaregionalna.com\/wp-content\/uploads\/2023\/08\/68251-scaled.jpg 1600w\" data-sizes=\"(max-width: 1024px) 100vw, 1024px\" src=\"data:image\/svg+xml;base64,PHN2ZyB3aWR0aD0iMSIgaGVpZ2h0PSIxIiB4bWxucz0iaHR0cDovL3d3dy53My5vcmcvMjAwMC9zdmciPjwvc3ZnPg==\" style=\"--smush-placeholder-width: 1024px; --smush-placeholder-aspect-ratio: 1024\/716;\" \/><\/a><\/figure><\/li><\/ul><figcaption class=\"blocks-gallery-caption\">Fot. Zesp\u00f3\u0142 Szk\u00f3\u0142 Gastronomicznych (Powiatowy konkurs kulinarny \u201eZdrowie na talerzu\u201d) <\/figcaption><\/figure>\n\n\n\n<p>Dwie ostatnie inwestycje zosta\u0142y zg\u0142oszone do programu przewiduj\u0105cego wsparcie dla gmin, na obszarze kt\u00f3rych dawniej istnia\u0142y Pa\u0144stwowe Gospodarstwa Rolne, czyli tzw. PGR-y, gdzie limity wsparcia dla maksymalnie dw\u00f3ch wniosk\u00f3w wynosz\u0105 8 i 2 mln z\u0142 dofinansowania.\u00a0<\/p>\n\n\n\n<p>red., mat. <a href=\"https:\/\/www.facebook.com\/czewa\" target=\"_blank\" rel=\"noopener\">UM Cz\u0119stochowy<\/a><\/p>\n\n\n\n<p>Czytaj tak\u017ce: <a href=\"https:\/\/gazetaregionalna.com\/wp-admin\/post.php?post=110682&amp;action=edit\">Gmina R\u0119dziny uzyska\u0142a ponad 1,1 mln z\u0142 na rewitalizacj\u0119 Dworu Wereszczy\u0144skich<\/a><\/p>\n","protected":false},"excerpt":{"rendered":"<p>Samorz\u0105dy mog\u0105 stara\u0107 si\u0119 o dotacje z program\u00f3w rz\u0105dowych w ramach Funduszu Polski \u0141ad. Cz\u0119stochowa wnioskuje o \u015brodki z kolejnej edycji rz\u0105dowego Programu Inwestycji<\/p>\n","protected":false},"author":5,"featured_media":110845,"comment_status":"closed","ping_status":"open","sticky":false,"template":"","format":"standard","meta":{"_monsterinsights_skip_tracking":false,"_monsterinsights_sitenote_active":false,"_monsterinsights_sitenote_note":"","_monsterinsights_sitenote_category":0,"_uf_show_specific_survey":0,"_uf_disable_surveys":false,"footnotes":""},"categories":[3,94,2],"tags":[144,124,8149],"class_list":["post-110843","post","type-post","status-publish","format-standard","has-post-thumbnail","hentry","category-czestochowa-informacje","category-polecane","category-wiadomosci","tag-czestochowa","tag-inwestycje","tag-program-inwestycji-strategicznych"],"_links":{"self":[{"href":"https:\/\/gazetaregionalna.com\/index.php?rest_route=\/wp\/v2\/posts\/110843","targetHints":{"allow":["GET"]}}],"collection":[{"href":"https:\/\/gazetaregionalna.com\/index.php?rest_route=\/wp\/v2\/posts"}],"about":[{"href":"https:\/\/gazetaregionalna.com\/index.php?rest_route=\/wp\/v2\/types\/post"}],"author":[{"embeddable":true,"href":"https:\/\/gazetaregionalna.com\/index.php?rest_route=\/wp\/v2\/users\/5"}],"replies":[{"embeddable":true,"href":"https:\/\/gazetaregionalna.com\/index.php?rest_route=%2Fwp%2Fv2%2Fcomments&post=110843"}],"version-history":[{"count":5,"href":"https:\/\/gazetaregionalna.com\/index.php?rest_route=\/wp\/v2\/posts\/110843\/revisions"}],"predecessor-version":[{"id":110858,"href":"https:\/\/gazetaregionalna.com\/index.php?rest_route=\/wp\/v2\/posts\/110843\/revisions\/110858"}],"wp:featuredmedia":[{"embeddable":true,"href":"https:\/\/gazetaregionalna.com\/index.php?rest_route=\/wp\/v2\/media\/110845"}],"wp:attachment":[{"href":"https:\/\/gazetaregionalna.com\/index.php?rest_route=%2Fwp%2Fv2%2Fmedia&parent=110843"}],"wp:term":[{"taxonomy":"category","embeddable":true,"href":"https:\/\/gazetaregionalna.com\/index.php?rest_route=%2Fwp%2Fv2%2Fcategories&post=110843"},{"taxonomy":"post_tag","embeddable":true,"href":"https:\/\/gazetaregionalna.com\/index.php?rest_route=%2Fwp%2Fv2%2Ftags&post=110843"}],"curies":[{"name":"wp","href":"https:\/\/api.w.org\/{rel}","templated":true}]}}