{"id":110817,"date":"2023-08-01T18:13:28","date_gmt":"2023-08-01T18:13:28","guid":{"rendered":"https:\/\/gazetaregionalna.com\/?p=110817"},"modified":"2023-08-01T18:13:29","modified_gmt":"2023-08-01T18:13:29","slug":"trener-rakowa-dawid-szwarga-przed-rewanzem-w-baku","status":"publish","type":"post","link":"https:\/\/gazetaregionalna.com\/?p=110817","title":{"rendered":"Trener Rakowa Dawid Szwarga przed rewan\u017cem w Baku"},"content":{"rendered":"\n<p>W \u015brod\u0119 o godz. 18 czasu polskiego Rak\u00f3w Cz\u0119stochowa rozegra w Baku rewan\u017cowe spotkanie 2. rundy eliminacji do Ligi Mistrz\u00f3w z Qarabag FK Agdam. &#8211; Przyjechali\u015bmy tutaj tak jak zawsze w ka\u017cdym meczu walczy\u0107 o zwyci\u0119stwo \u2013 zapowiada trener Rakowa Dawid Szwarga.<\/p>\n\n\n\n<p>W pierwszym spotkaniu cz\u0119stochowianie wygrali 3:2. W rewan\u017cu wystarczy pi\u0142karzom Rakowa remis, aby awansowali do 3. rundy eliminacji Ligi Mistrz\u00f3w.<\/p>\n\n\n\n<p>&#8211; Spotykaj\u0105 si\u0119 jutro dwie r\u00f3wnorz\u0119dne dru\u017cyny, co mo\u017cna by\u0142o zobaczy\u0107 w pierwszym spotkaniu. Dwie dru\u017cyny kt\u00f3re maja sw\u00f3j jasno sprecyzowany styl gry i model gry. Posiadaj\u0105cy w swoim sk\u0142adzie zawodnik\u00f3w, kt\u00f3rzy s\u0105 w stanie przechyli\u0107 losy meczu za pomoc\u0105 swoich indywidualnych umiej\u0119tno\u015bci. My jeste\u015bmy zadowoleni z faktu, \u017ce mieli\u015bmy ca\u0142y mikrocykl pierwszy raz, odk\u0105d rozpocz\u0119li\u015bmy sezon, aby do tego spotkania si\u0119 dobrze przygotowa\u0107. Mogli\u015bmy podsumowa\u0107 pierwsze spotkanie, wskaza\u0107 rzeczy do poprawy jak i te elementy, kt\u00f3re funkcjonowa\u0142y dobrze. Jestem pewien, \u017ce w zwi\u0105zku z tym jutro b\u0119dziemy w dobrej dyspozycji i poka\u017cemy futbol, jaki Rak\u00f3w pokazuje w Ekstraklasie jak i w europejskich pucharach w poprzednim sezonie.<\/p>\n\n\n\n<p>Trener Szwarga odpowiada\u0142 te\u017c na pytania dziennikarzy<\/p>\n\n\n\n<p>&#8211; Przyjechali\u015bmy tutaj tak jak zawsze w ka\u017cdym meczu walczy\u0107 o zwyci\u0119stwo \u2013 dodaje trener Szwarga. &#8211; To jest nasz cel numer jeden. Zdajemy sobie spraw\u0119 z przewagi jednej bramki, jak\u0105 uda\u0142o nam si\u0119 wywalczy\u0107 w Cz\u0119stochowie. Natomiast nastawienie dru\u017cyny jest jedno. Ch\u0119\u0107 wyj\u015bcia na boisko i odniesienia zwyci\u0119stwa. I przygotowujemy si\u0119 do tego spotkania patrz\u0105c przez pryzmat odniesienia zwyci\u0119stwa, a nie tylko utrzymania wyniku.<\/p>\n\n\n\n<p>AK, fot: AK<\/p>\n\n\n\n<figure class=\"wp-block-image size-large\"><img decoding=\"async\" width=\"1024\" height=\"683\" data-src=\"https:\/\/gazetaregionalna.com\/wp-content\/uploads\/2023\/07\/Szwarga-fot-Artur-Kucharski-1024x683.jpg\" alt=\"\" class=\"wp-image-109790 lazyload\" data-srcset=\"https:\/\/gazetaregionalna.com\/wp-content\/uploads\/2023\/07\/Szwarga-fot-Artur-Kucharski-1024x683.jpg 1024w, https:\/\/gazetaregionalna.com\/wp-content\/uploads\/2023\/07\/Szwarga-fot-Artur-Kucharski-300x200.jpg 300w, https:\/\/gazetaregionalna.com\/wp-content\/uploads\/2023\/07\/Szwarga-fot-Artur-Kucharski-768x512.jpg 768w, https:\/\/gazetaregionalna.com\/wp-content\/uploads\/2023\/07\/Szwarga-fot-Artur-Kucharski-1536x1024.jpg 1536w, https:\/\/gazetaregionalna.com\/wp-content\/uploads\/2023\/07\/Szwarga-fot-Artur-Kucharski-696x464.jpg 696w, https:\/\/gazetaregionalna.com\/wp-content\/uploads\/2023\/07\/Szwarga-fot-Artur-Kucharski-1068x712.jpg 1068w, https:\/\/gazetaregionalna.com\/wp-content\/uploads\/2023\/07\/Szwarga-fot-Artur-Kucharski-1920x1280.jpg 1920w, https:\/\/gazetaregionalna.com\/wp-content\/uploads\/2023\/07\/Szwarga-fot-Artur-Kucharski-630x420.jpg 630w, https:\/\/gazetaregionalna.com\/wp-content\/uploads\/2023\/07\/Szwarga-fot-Artur-Kucharski-scaled.jpg 1600w\" data-sizes=\"(max-width: 1024px) 100vw, 1024px\" src=\"data:image\/svg+xml;base64,PHN2ZyB3aWR0aD0iMSIgaGVpZ2h0PSIxIiB4bWxucz0iaHR0cDovL3d3dy53My5vcmcvMjAwMC9zdmciPjwvc3ZnPg==\" style=\"--smush-placeholder-width: 1024px; --smush-placeholder-aspect-ratio: 1024\/683;\" \/><\/figure>\n\n\n\n<figure class=\"wp-block-image size-large\"><img decoding=\"async\" width=\"300\" height=\"250\" data-src=\"https:\/\/gazetaregionalna.com\/wp-content\/uploads\/2022\/04\/DMK-7.jpg\" alt=\"\" class=\"wp-image-77214 lazyload\" src=\"data:image\/svg+xml;base64,PHN2ZyB3aWR0aD0iMSIgaGVpZ2h0PSIxIiB4bWxucz0iaHR0cDovL3d3dy53My5vcmcvMjAwMC9zdmciPjwvc3ZnPg==\" style=\"--smush-placeholder-width: 300px; --smush-placeholder-aspect-ratio: 300\/250;\"><\/figure>\n","protected":false},"excerpt":{"rendered":"<p>W \u015brod\u0119 o godz. 18 czasu polskiego Rak\u00f3w Cz\u0119stochowa rozegra w Baku rewan\u017cowe spotkanie 2. rundy eliminacji do Ligi Mistrz\u00f3w z Qarabag FK Agdam.<\/p>\n","protected":false},"author":15,"featured_media":109790,"comment_status":"closed","ping_status":"open","sticky":false,"template":"","format":"standard","meta":{"_monsterinsights_skip_tracking":false,"_monsterinsights_sitenote_active":false,"_monsterinsights_sitenote_note":"","_monsterinsights_sitenote_category":0,"_uf_show_specific_survey":0,"_uf_disable_surveys":false,"footnotes":""},"categories":[5,6],"tags":[],"class_list":["post-110817","post","type-post","status-publish","format-standard","has-post-thumbnail","hentry","category-sport","category-pilka-nozna"],"_links":{"self":[{"href":"https:\/\/gazetaregionalna.com\/index.php?rest_route=\/wp\/v2\/posts\/110817","targetHints":{"allow":["GET"]}}],"collection":[{"href":"https:\/\/gazetaregionalna.com\/index.php?rest_route=\/wp\/v2\/posts"}],"about":[{"href":"https:\/\/gazetaregionalna.com\/index.php?rest_route=\/wp\/v2\/types\/post"}],"author":[{"embeddable":true,"href":"https:\/\/gazetaregionalna.com\/index.php?rest_route=\/wp\/v2\/users\/15"}],"replies":[{"embeddable":true,"href":"https:\/\/gazetaregionalna.com\/index.php?rest_route=%2Fwp%2Fv2%2Fcomments&post=110817"}],"version-history":[{"count":1,"href":"https:\/\/gazetaregionalna.com\/index.php?rest_route=\/wp\/v2\/posts\/110817\/revisions"}],"predecessor-version":[{"id":110818,"href":"https:\/\/gazetaregionalna.com\/index.php?rest_route=\/wp\/v2\/posts\/110817\/revisions\/110818"}],"wp:featuredmedia":[{"embeddable":true,"href":"https:\/\/gazetaregionalna.com\/index.php?rest_route=\/wp\/v2\/media\/109790"}],"wp:attachment":[{"href":"https:\/\/gazetaregionalna.com\/index.php?rest_route=%2Fwp%2Fv2%2Fmedia&parent=110817"}],"wp:term":[{"taxonomy":"category","embeddable":true,"href":"https:\/\/gazetaregionalna.com\/index.php?rest_route=%2Fwp%2Fv2%2Fcategories&post=110817"},{"taxonomy":"post_tag","embeddable":true,"href":"https:\/\/gazetaregionalna.com\/index.php?rest_route=%2Fwp%2Fv2%2Ftags&post=110817"}],"curies":[{"name":"wp","href":"https:\/\/api.w.org\/{rel}","templated":true}]}}